{"id":9667,"date":"2025-01-10T09:00:34","date_gmt":"2025-01-10T15:00:34","guid":{"rendered":"https:\/\/www.nexoinformativo.mx\/?p=9667"},"modified":"2025-01-10T12:28:33","modified_gmt":"2025-01-10T18:28:33","slug":"queretaro-evalua-dos-opciones-para-la-estacion-del-tren-de-pasajeros","status":"publish","type":"post","link":"https:\/\/www.nexoinformativo.mx\/index.php\/2025\/01\/10\/queretaro-evalua-dos-opciones-para-la-estacion-del-tren-de-pasajeros\/","title":{"rendered":"Quer\u00e9taro eval\u00faa dos opciones para la estaci\u00f3n del tren de pasajeros"},"content":{"rendered":"<p style=\"text-align: justify;\" data-sourcepos=\"11:1-11:238\">El futuro del transporte ferroviario en Quer\u00e9taro toma forma. El Gobierno Federal est\u00e1 evaluando dos posibles ubicaciones para una de las estaciones del tren de pasajeros M\u00e9xico-Quer\u00e9taro dentro de la entidad.<\/p>\n<p>&nbsp;<\/p>\n<p style=\"text-align: justify;\" data-sourcepos=\"13:1-13:359\">La primera opci\u00f3n se encuentra en las inmediaciones de Santa Mar\u00eda Magdalena, cerca de las instalaciones de la planta de Kellogg&#8217;s y las oficinas de CPKC, una de las empresas interesadas en el desarrollo del proyecto. La segunda alternativa, y quiz\u00e1s la m\u00e1s emblem\u00e1tica, ser\u00eda reactivar la antigua estaci\u00f3n del tren, ubicada en las inmediaciones del Tepetate.<\/p>\n<p>&nbsp;<\/p>\n<p style=\"text-align: justify;\" data-sourcepos=\"15:1-15:330\">El secretario de Desarrollo Urbano y Obras P\u00fablicas del estado, Fernando Gonz\u00e1lez Salinas, destac\u00f3 que estas son solo propuestas iniciales y que la decisi\u00f3n final corresponder\u00e1 al Gobierno Federal, quien lidera este ambicioso proyecto. Sin embargo, la visi\u00f3n general es que la estaci\u00f3n se ubique en una zona c\u00e9ntrica de la ciudad.<\/p>\n<p>&nbsp;<\/p>\n<p style=\"text-align: justify;\" data-sourcepos=\"17:1-17:214\">Gonz\u00e1lez Salinas enfatiz\u00f3 que el Gobierno del Estado mantendr\u00e1 una estrecha colaboraci\u00f3n con el Gobierno Federal para garantizar que este proyecto se desarrolle de manera exitosa y beneficie a todos los queretanos.<\/p>\n<p>&nbsp;<\/p>\n<p style=\"text-align: justify;\" data-sourcepos=\"19:1-19:50\"><strong>\u00bfQu\u00e9 implica la llegada del tren de pasajeros?<\/strong><\/p>\n<p>&nbsp;<\/p>\n<p style=\"text-align: justify;\" data-sourcepos=\"21:1-21:176\">La construcci\u00f3n de una estaci\u00f3n del tren de pasajeros en Quer\u00e9taro representar\u00eda un gran avance en materia de movilidad y conectividad. Algunos de los beneficios esperados son:<\/p>\n<p style=\"text-align: justify;\">*Al ofrecer una alternativa de transporte p\u00fablico eficiente, se podr\u00eda disminuir la congesti\u00f3n en las carreteras.<\/p>\n<p style=\"text-align: justify;\">*El tren de pasajeros facilitar\u00eda los viajes entre Quer\u00e9taro y la Ciudad de M\u00e9xico, as\u00ed como otras ciudades del pa\u00eds.<\/p>\n<p style=\"text-align: justify;\">*La estaci\u00f3n podr\u00eda convertirse en un motor de desarrollo econ\u00f3mico para la zona donde se ubique, generando empleos y atrayendo inversiones.<\/p>\n<p>&nbsp;<\/p>\n<p style=\"text-align: center;\"><em><strong>\u00a1Informaci\u00f3n que transforma!<\/strong><\/em><\/p>\n","protected":false},"excerpt":{"rendered":"<p>El futuro del transporte ferroviario en Quer\u00e9taro toma forma. El Gobierno Federal est\u00e1 evaluando dos posibles ubicaciones para una de las estaciones del tren de pasajeros M\u00e9xico-Quer\u00e9taro dentro de la entidad.<\/p>\n","protected":false},"author":3,"featured_media":9669,"comment_status":"open","ping_status":"open","sticky":false,"template":"","format":"standard","meta":{"footnotes":""},"categories":[42,58],"tags":[468,734,756,3059],"class_list":["post-9667","post","type-post","status-publish","format-standard","has-post-thumbnail","hentry","category-estado","category-ultima-hora","tag-desarrollourbano","tag-infraestructura","tag-movilidadsustentable","tag-trenqueretaro"],"yoast_head":"<!-- This site is optimized with the Yoast SEO plugin v25.0 - https:\/\/yoast.com\/wordpress\/plugins\/seo\/ -->\n<title>Quer\u00e9taro eval\u00faa dos opciones para la estaci\u00f3n del tren de pasajeros | Nexo Informativo Santiago de Quer\u00e9taro<\/title>\n<meta name=\"description\" content=\"Quer\u00e9taro eval\u00faa dos opciones para la estaci\u00f3n del tren de pasajeros\" \/>\n<meta name=\"robots\" content=\"index, follow, max-snippet:-1, max-image-preview:large, max-video-preview:-1\" \/>\n<link rel=\"canonical\" href=\"https:\/\/www.nexoinformativo.mx\/index.php\/2025\/01\/10\/queretaro-evalua-dos-opciones-para-la-estacion-del-tren-de-pasajeros\/\" \/>\n<meta property=\"og:locale\" content=\"es_MX\" \/>\n<meta property=\"og:type\" content=\"article\" \/>\n<meta property=\"og:title\" content=\"Quer\u00e9taro eval\u00faa dos opciones para la estaci\u00f3n del tren de pasajeros | Nexo Informativo Santiago de Quer\u00e9taro\" \/>\n<meta property=\"og:description\" content=\"Quer\u00e9taro eval\u00faa dos opciones para la estaci\u00f3n del tren de pasajeros\" \/>\n<meta property=\"og:url\" content=\"https:\/\/www.nexoinformativo.mx\/index.php\/2025\/01\/10\/queretaro-evalua-dos-opciones-para-la-estacion-del-tren-de-pasajeros\/\" \/>\n<meta property=\"og:site_name\" content=\"Nexo Informativo Santiago de Quer\u00e9taro\" \/>\n<meta property=\"article:publisher\" content=\"https:\/\/www.facebook.com\/people\/Nexo-Informativo\/61564066885511\/\" \/>\n<meta property=\"article:published_time\" content=\"2025-01-10T15:00:34+00:00\" \/>\n<meta property=\"article:modified_time\" content=\"2025-01-10T18:28:33+00:00\" \/>\n<meta property=\"og:image\" content=\"https:\/\/www.nexoinformativo.mx\/wp-content\/uploads\/2025\/01\/PHOTO-2025-01-10-10-02-44-e1736533629649.jpg\" \/>\n\t<meta property=\"og:image:width\" content=\"800\" \/>\n\t<meta property=\"og:image:height\" content=\"600\" \/>\n\t<meta property=\"og:image:type\" content=\"image\/jpeg\" \/>\n<meta name=\"author\" content=\"Nexo Informativo\" \/>\n<meta name=\"twitter:card\" content=\"summary_large_image\" \/>\n<meta name=\"twitter:label1\" content=\"Escrito por\" \/>\n\t<meta name=\"twitter:data1\" content=\"Nexo Informativo\" \/>\n\t<meta name=\"twitter:label2\" content=\"Tiempo de lectura\" \/>\n\t<meta name=\"twitter:data2\" content=\"2 minutos\" \/>\n<script type=\"application\/ld+json\" class=\"yoast-schema-graph\">{\"@context\":\"https:\/\/schema.org\",\"@graph\":[{\"@type\":\"Article\",\"@id\":\"https:\/\/www.nexoinformativo.mx\/index.php\/2025\/01\/10\/queretaro-evalua-dos-opciones-para-la-estacion-del-tren-de-pasajeros\/#article\",\"isPartOf\":{\"@id\":\"https:\/\/www.nexoinformativo.mx\/index.php\/2025\/01\/10\/queretaro-evalua-dos-opciones-para-la-estacion-del-tren-de-pasajeros\/\"},\"author\":{\"name\":\"Nexo Informativo\",\"@id\":\"https:\/\/www.nexoinformativo.mx\/#\/schema\/person\/7749d380ba08c8ca00d7bc76fd907b7d\"},\"headline\":\"Quer\u00e9taro eval\u00faa dos opciones para la estaci\u00f3n del tren de pasajeros\",\"datePublished\":\"2025-01-10T15:00:34+00:00\",\"dateModified\":\"2025-01-10T18:28:33+00:00\",\"mainEntityOfPage\":{\"@id\":\"https:\/\/www.nexoinformativo.mx\/index.php\/2025\/01\/10\/queretaro-evalua-dos-opciones-para-la-estacion-del-tren-de-pasajeros\/\"},\"wordCount\":321,\"commentCount\":0,\"publisher\":{\"@id\":\"https:\/\/www.nexoinformativo.mx\/#organization\"},\"image\":{\"@id\":\"https:\/\/www.nexoinformativo.mx\/index.php\/2025\/01\/10\/queretaro-evalua-dos-opciones-para-la-estacion-del-tren-de-pasajeros\/#primaryimage\"},\"thumbnailUrl\":\"https:\/\/www.nexoinformativo.mx\/wp-content\/uploads\/2025\/01\/PHOTO-2025-01-10-10-02-44-e1736533629649.jpg\",\"keywords\":[\"DesarrolloUrbano\",\"Infraestructura\",\"MovilidadSustentable\",\"TrenQuer\u00e9taro\"],\"articleSection\":[\"Estado\",\"\u00daltima Hora\"],\"inLanguage\":\"es\",\"potentialAction\":[{\"@type\":\"CommentAction\",\"name\":\"Comment\",\"target\":[\"https:\/\/www.nexoinformativo.mx\/index.php\/2025\/01\/10\/queretaro-evalua-dos-opciones-para-la-estacion-del-tren-de-pasajeros\/#respond\"]}]},{\"@type\":\"WebPage\",\"@id\":\"https:\/\/www.nexoinformativo.mx\/index.php\/2025\/01\/10\/queretaro-evalua-dos-opciones-para-la-estacion-del-tren-de-pasajeros\/\",\"url\":\"https:\/\/www.nexoinformativo.mx\/index.php\/2025\/01\/10\/queretaro-evalua-dos-opciones-para-la-estacion-del-tren-de-pasajeros\/\",\"name\":\"Quer\u00e9taro eval\u00faa dos opciones para la estaci\u00f3n del tren de pasajeros | Nexo Informativo Santiago de Quer\u00e9taro\",\"isPartOf\":{\"@id\":\"https:\/\/www.nexoinformativo.mx\/#website\"},\"primaryImageOfPage\":{\"@id\":\"https:\/\/www.nexoinformativo.mx\/index.php\/2025\/01\/10\/queretaro-evalua-dos-opciones-para-la-estacion-del-tren-de-pasajeros\/#primaryimage\"},\"image\":{\"@id\":\"https:\/\/www.nexoinformativo.mx\/index.php\/2025\/01\/10\/queretaro-evalua-dos-opciones-para-la-estacion-del-tren-de-pasajeros\/#primaryimage\"},\"thumbnailUrl\":\"https:\/\/www.nexoinformativo.mx\/wp-content\/uploads\/2025\/01\/PHOTO-2025-01-10-10-02-44-e1736533629649.jpg\",\"datePublished\":\"2025-01-10T15:00:34+00:00\",\"dateModified\":\"2025-01-10T18:28:33+00:00\",\"description\":\"Quer\u00e9taro eval\u00faa dos opciones para la estaci\u00f3n del tren de pasajeros\",\"breadcrumb\":{\"@id\":\"https:\/\/www.nexoinformativo.mx\/index.php\/2025\/01\/10\/queretaro-evalua-dos-opciones-para-la-estacion-del-tren-de-pasajeros\/#breadcrumb\"},\"inLanguage\":\"es\",\"potentialAction\":[{\"@type\":\"ReadAction\",\"target\":[\"https:\/\/www.nexoinformativo.mx\/index.php\/2025\/01\/10\/queretaro-evalua-dos-opciones-para-la-estacion-del-tren-de-pasajeros\/\"]}]},{\"@type\":\"ImageObject\",\"inLanguage\":\"es\",\"@id\":\"https:\/\/www.nexoinformativo.mx\/index.php\/2025\/01\/10\/queretaro-evalua-dos-opciones-para-la-estacion-del-tren-de-pasajeros\/#primaryimage\",\"url\":\"https:\/\/www.nexoinformativo.mx\/wp-content\/uploads\/2025\/01\/PHOTO-2025-01-10-10-02-44-e1736533629649.jpg\",\"contentUrl\":\"https:\/\/www.nexoinformativo.mx\/wp-content\/uploads\/2025\/01\/PHOTO-2025-01-10-10-02-44-e1736533629649.jpg\",\"width\":800,\"height\":600},{\"@type\":\"BreadcrumbList\",\"@id\":\"https:\/\/www.nexoinformativo.mx\/index.php\/2025\/01\/10\/queretaro-evalua-dos-opciones-para-la-estacion-del-tren-de-pasajeros\/#breadcrumb\",\"itemListElement\":[{\"@type\":\"ListItem\",\"position\":1,\"name\":\"Inicio\",\"item\":\"https:\/\/www.nexoinformativo.mx\/\"},{\"@type\":\"ListItem\",\"position\":2,\"name\":\"Quer\u00e9taro eval\u00faa dos opciones para la estaci\u00f3n del tren de pasajeros\"}]},{\"@type\":\"WebSite\",\"@id\":\"https:\/\/www.nexoinformativo.mx\/#website\",\"url\":\"https:\/\/www.nexoinformativo.mx\/\",\"name\":\"Nexo Informativo Santiago de Quer\u00e9taro\",\"description\":\"Explora NexoInformativo y convi\u00e9rtete en parte de una comunidad que valora el conocimiento y la verdad. Tu nexoinformativo es tu puente hacia una comprensi\u00f3n m\u00e1s profunda del mundo que te rodea.\",\"publisher\":{\"@id\":\"https:\/\/www.nexoinformativo.mx\/#organization\"},\"potentialAction\":[{\"@type\":\"SearchAction\",\"target\":{\"@type\":\"EntryPoint\",\"urlTemplate\":\"https:\/\/www.nexoinformativo.mx\/?s={search_term_string}\"},\"query-input\":{\"@type\":\"PropertyValueSpecification\",\"valueRequired\":true,\"valueName\":\"search_term_string\"}}],\"inLanguage\":\"es\"},{\"@type\":\"Organization\",\"@id\":\"https:\/\/www.nexoinformativo.mx\/#organization\",\"name\":\"Nexo Informativo Santiago de Quer\u00e9taro\",\"url\":\"https:\/\/www.nexoinformativo.mx\/\",\"logo\":{\"@type\":\"ImageObject\",\"inLanguage\":\"es\",\"@id\":\"https:\/\/www.nexoinformativo.mx\/#\/schema\/logo\/image\/\",\"url\":\"https:\/\/www.nexoinformativo.mx\/wp-content\/uploads\/2024\/07\/nexoi-trasparente-2.png\",\"contentUrl\":\"https:\/\/www.nexoinformativo.mx\/wp-content\/uploads\/2024\/07\/nexoi-trasparente-2.png\",\"width\":816,\"height\":339,\"caption\":\"Nexo Informativo Santiago de Quer\u00e9taro\"},\"image\":{\"@id\":\"https:\/\/www.nexoinformativo.mx\/#\/schema\/logo\/image\/\"},\"sameAs\":[\"https:\/\/www.facebook.com\/people\/Nexo-Informativo\/61564066885511\/\"]},{\"@type\":\"Person\",\"@id\":\"https:\/\/www.nexoinformativo.mx\/#\/schema\/person\/7749d380ba08c8ca00d7bc76fd907b7d\",\"name\":\"Nexo Informativo\",\"image\":{\"@type\":\"ImageObject\",\"inLanguage\":\"es\",\"@id\":\"https:\/\/www.nexoinformativo.mx\/#\/schema\/person\/image\/\",\"url\":\"https:\/\/secure.gravatar.com\/avatar\/dde2928154642a13d95f87ddf1ea9718fe2b46760a005c53e41ff5ad610704e6?s=96&d=mm&r=g\",\"contentUrl\":\"https:\/\/secure.gravatar.com\/avatar\/dde2928154642a13d95f87ddf1ea9718fe2b46760a005c53e41ff5ad610704e6?s=96&d=mm&r=g\",\"caption\":\"Nexo Informativo\"},\"url\":\"https:\/\/www.nexoinformativo.mx\/index.php\/author\/edicion\/\"}]}<\/script>\n<!-- \/ Yoast SEO plugin. -->","yoast_head_json":{"title":"Quer\u00e9taro eval\u00faa dos opciones para la estaci\u00f3n del tren de pasajeros | Nexo Informativo Santiago de Quer\u00e9taro","description":"Quer\u00e9taro eval\u00faa dos opciones para la estaci\u00f3n del tren de pasajeros","robots":{"index":"index","follow":"follow","max-snippet":"max-snippet:-1","max-image-preview":"max-image-preview:large","max-video-preview":"max-video-preview:-1"},"canonical":"https:\/\/www.nexoinformativo.mx\/index.php\/2025\/01\/10\/queretaro-evalua-dos-opciones-para-la-estacion-del-tren-de-pasajeros\/","og_locale":"es_MX","og_type":"article","og_title":"Quer\u00e9taro eval\u00faa dos opciones para la estaci\u00f3n del tren de pasajeros | Nexo Informativo Santiago de Quer\u00e9taro","og_description":"Quer\u00e9taro eval\u00faa dos opciones para la estaci\u00f3n del tren de pasajeros","og_url":"https:\/\/www.nexoinformativo.mx\/index.php\/2025\/01\/10\/queretaro-evalua-dos-opciones-para-la-estacion-del-tren-de-pasajeros\/","og_site_name":"Nexo Informativo Santiago de Quer\u00e9taro","article_publisher":"https:\/\/www.facebook.com\/people\/Nexo-Informativo\/61564066885511\/","article_published_time":"2025-01-10T15:00:34+00:00","article_modified_time":"2025-01-10T18:28:33+00:00","og_image":[{"width":800,"height":600,"url":"https:\/\/www.nexoinformativo.mx\/wp-content\/uploads\/2025\/01\/PHOTO-2025-01-10-10-02-44-e1736533629649.jpg","type":"image\/jpeg"}],"author":"Nexo Informativo","twitter_card":"summary_large_image","twitter_misc":{"Escrito por":"Nexo Informativo","Tiempo de lectura":"2 minutos"},"schema":{"@context":"https:\/\/schema.org","@graph":[{"@type":"Article","@id":"https:\/\/www.nexoinformativo.mx\/index.php\/2025\/01\/10\/queretaro-evalua-dos-opciones-para-la-estacion-del-tren-de-pasajeros\/#article","isPartOf":{"@id":"https:\/\/www.nexoinformativo.mx\/index.php\/2025\/01\/10\/queretaro-evalua-dos-opciones-para-la-estacion-del-tren-de-pasajeros\/"},"author":{"name":"Nexo Informativo","@id":"https:\/\/www.nexoinformativo.mx\/#\/schema\/person\/7749d380ba08c8ca00d7bc76fd907b7d"},"headline":"Quer\u00e9taro eval\u00faa dos opciones para la estaci\u00f3n del tren de pasajeros","datePublished":"2025-01-10T15:00:34+00:00","dateModified":"2025-01-10T18:28:33+00:00","mainEntityOfPage":{"@id":"https:\/\/www.nexoinformativo.mx\/index.php\/2025\/01\/10\/queretaro-evalua-dos-opciones-para-la-estacion-del-tren-de-pasajeros\/"},"wordCount":321,"commentCount":0,"publisher":{"@id":"https:\/\/www.nexoinformativo.mx\/#organization"},"image":{"@id":"https:\/\/www.nexoinformativo.mx\/index.php\/2025\/01\/10\/queretaro-evalua-dos-opciones-para-la-estacion-del-tren-de-pasajeros\/#primaryimage"},"thumbnailUrl":"https:\/\/www.nexoinformativo.mx\/wp-content\/uploads\/2025\/01\/PHOTO-2025-01-10-10-02-44-e1736533629649.jpg","keywords":["DesarrolloUrbano","Infraestructura","MovilidadSustentable","TrenQuer\u00e9taro"],"articleSection":["Estado","\u00daltima Hora"],"inLanguage":"es","potentialAction":[{"@type":"CommentAction","name":"Comment","target":["https:\/\/www.nexoinformativo.mx\/index.php\/2025\/01\/10\/queretaro-evalua-dos-opciones-para-la-estacion-del-tren-de-pasajeros\/#respond"]}]},{"@type":"WebPage","@id":"https:\/\/www.nexoinformativo.mx\/index.php\/2025\/01\/10\/queretaro-evalua-dos-opciones-para-la-estacion-del-tren-de-pasajeros\/","url":"https:\/\/www.nexoinformativo.mx\/index.php\/2025\/01\/10\/queretaro-evalua-dos-opciones-para-la-estacion-del-tren-de-pasajeros\/","name":"Quer\u00e9taro eval\u00faa dos opciones para la estaci\u00f3n del tren de pasajeros | Nexo Informativo Santiago de Quer\u00e9taro","isPartOf":{"@id":"https:\/\/www.nexoinformativo.mx\/#website"},"primaryImageOfPage":{"@id":"https:\/\/www.nexoinformativo.mx\/index.php\/2025\/01\/10\/queretaro-evalua-dos-opciones-para-la-estacion-del-tren-de-pasajeros\/#primaryimage"},"image":{"@id":"https:\/\/www.nexoinformativo.mx\/index.php\/2025\/01\/10\/queretaro-evalua-dos-opciones-para-la-estacion-del-tren-de-pasajeros\/#primaryimage"},"thumbnailUrl":"https:\/\/www.nexoinformativo.mx\/wp-content\/uploads\/2025\/01\/PHOTO-2025-01-10-10-02-44-e1736533629649.jpg","datePublished":"2025-01-10T15:00:34+00:00","dateModified":"2025-01-10T18:28:33+00:00","description":"Quer\u00e9taro eval\u00faa dos opciones para la estaci\u00f3n del tren de pasajeros","breadcrumb":{"@id":"https:\/\/www.nexoinformativo.mx\/index.php\/2025\/01\/10\/queretaro-evalua-dos-opciones-para-la-estacion-del-tren-de-pasajeros\/#breadcrumb"},"inLanguage":"es","potentialAction":[{"@type":"ReadAction","target":["https:\/\/www.nexoinformativo.mx\/index.php\/2025\/01\/10\/queretaro-evalua-dos-opciones-para-la-estacion-del-tren-de-pasajeros\/"]}]},{"@type":"ImageObject","inLanguage":"es","@id":"https:\/\/www.nexoinformativo.mx\/index.php\/2025\/01\/10\/queretaro-evalua-dos-opciones-para-la-estacion-del-tren-de-pasajeros\/#primaryimage","url":"https:\/\/www.nexoinformativo.mx\/wp-content\/uploads\/2025\/01\/PHOTO-2025-01-10-10-02-44-e1736533629649.jpg","contentUrl":"https:\/\/www.nexoinformativo.mx\/wp-content\/uploads\/2025\/01\/PHOTO-2025-01-10-10-02-44-e1736533629649.jpg","width":800,"height":600},{"@type":"BreadcrumbList","@id":"https:\/\/www.nexoinformativo.mx\/index.php\/2025\/01\/10\/queretaro-evalua-dos-opciones-para-la-estacion-del-tren-de-pasajeros\/#breadcrumb","itemListElement":[{"@type":"ListItem","position":1,"name":"Inicio","item":"https:\/\/www.nexoinformativo.mx\/"},{"@type":"ListItem","position":2,"name":"Quer\u00e9taro eval\u00faa dos opciones para la estaci\u00f3n del tren de pasajeros"}]},{"@type":"WebSite","@id":"https:\/\/www.nexoinformativo.mx\/#website","url":"https:\/\/www.nexoinformativo.mx\/","name":"Nexo Informativo Santiago de Quer\u00e9taro","description":"Explora NexoInformativo y convi\u00e9rtete en parte de una comunidad que valora el conocimiento y la verdad. Tu nexoinformativo es tu puente hacia una comprensi\u00f3n m\u00e1s profunda del mundo que te rodea.","publisher":{"@id":"https:\/\/www.nexoinformativo.mx\/#organization"},"potentialAction":[{"@type":"SearchAction","target":{"@type":"EntryPoint","urlTemplate":"https:\/\/www.nexoinformativo.mx\/?s={search_term_string}"},"query-input":{"@type":"PropertyValueSpecification","valueRequired":true,"valueName":"search_term_string"}}],"inLanguage":"es"},{"@type":"Organization","@id":"https:\/\/www.nexoinformativo.mx\/#organization","name":"Nexo Informativo Santiago de Quer\u00e9taro","url":"https:\/\/www.nexoinformativo.mx\/","logo":{"@type":"ImageObject","inLanguage":"es","@id":"https:\/\/www.nexoinformativo.mx\/#\/schema\/logo\/image\/","url":"https:\/\/www.nexoinformativo.mx\/wp-content\/uploads\/2024\/07\/nexoi-trasparente-2.png","contentUrl":"https:\/\/www.nexoinformativo.mx\/wp-content\/uploads\/2024\/07\/nexoi-trasparente-2.png","width":816,"height":339,"caption":"Nexo Informativo Santiago de Quer\u00e9taro"},"image":{"@id":"https:\/\/www.nexoinformativo.mx\/#\/schema\/logo\/image\/"},"sameAs":["https:\/\/www.facebook.com\/people\/Nexo-Informativo\/61564066885511\/"]},{"@type":"Person","@id":"https:\/\/www.nexoinformativo.mx\/#\/schema\/person\/7749d380ba08c8ca00d7bc76fd907b7d","name":"Nexo Informativo","image":{"@type":"ImageObject","inLanguage":"es","@id":"https:\/\/www.nexoinformativo.mx\/#\/schema\/person\/image\/","url":"https:\/\/secure.gravatar.com\/avatar\/dde2928154642a13d95f87ddf1ea9718fe2b46760a005c53e41ff5ad610704e6?s=96&d=mm&r=g","contentUrl":"https:\/\/secure.gravatar.com\/avatar\/dde2928154642a13d95f87ddf1ea9718fe2b46760a005c53e41ff5ad610704e6?s=96&d=mm&r=g","caption":"Nexo Informativo"},"url":"https:\/\/www.nexoinformativo.mx\/index.php\/author\/edicion\/"}]}},"_links":{"self":[{"href":"https:\/\/www.nexoinformativo.mx\/index.php\/wp-json\/wp\/v2\/posts\/9667","targetHints":{"allow":["GET"]}}],"collection":[{"href":"https:\/\/www.nexoinformativo.mx\/index.php\/wp-json\/wp\/v2\/posts"}],"about":[{"href":"https:\/\/www.nexoinformativo.mx\/index.php\/wp-json\/wp\/v2\/types\/post"}],"author":[{"embeddable":true,"href":"https:\/\/www.nexoinformativo.mx\/index.php\/wp-json\/wp\/v2\/users\/3"}],"replies":[{"embeddable":true,"href":"https:\/\/www.nexoinformativo.mx\/index.php\/wp-json\/wp\/v2\/comments?post=9667"}],"version-history":[{"count":4,"href":"https:\/\/www.nexoinformativo.mx\/index.php\/wp-json\/wp\/v2\/posts\/9667\/revisions"}],"predecessor-version":[{"id":9673,"href":"https:\/\/www.nexoinformativo.mx\/index.php\/wp-json\/wp\/v2\/posts\/9667\/revisions\/9673"}],"wp:featuredmedia":[{"embeddable":true,"href":"https:\/\/www.nexoinformativo.mx\/index.php\/wp-json\/wp\/v2\/media\/9669"}],"wp:attachment":[{"href":"https:\/\/www.nexoinformativo.mx\/index.php\/wp-json\/wp\/v2\/media?parent=9667"}],"wp:term":[{"taxonomy":"category","embeddable":true,"href":"https:\/\/www.nexoinformativo.mx\/index.php\/wp-json\/wp\/v2\/categories?post=9667"},{"taxonomy":"post_tag","embeddable":true,"href":"https:\/\/www.nexoinformativo.mx\/index.php\/wp-json\/wp\/v2\/tags?post=9667"}],"curies":[{"name":"wp","href":"https:\/\/api.w.org\/{rel}","templated":true}]}}