{"id":968,"date":"2024-08-26T21:00:19","date_gmt":"2024-08-27T03:00:19","guid":{"rendered":"https:\/\/www.nexoinformativo.mx\/?p=968"},"modified":"2024-08-27T19:17:13","modified_gmt":"2024-08-28T01:17:13","slug":"arrestan-a-4-personas-por-participacion-en-rina-entre-pandillas-en-queretaro","status":"publish","type":"post","link":"https:\/\/www.nexoinformativo.mx\/index.php\/2024\/08\/26\/arrestan-a-4-personas-por-participacion-en-rina-entre-pandillas-en-queretaro\/","title":{"rendered":"Arrestan a 4 personas por participaci\u00f3n en ri\u00f1a entre pandillas en Quer\u00e9taro"},"content":{"rendered":"<p style=\"text-align: justify;\">Esta tarde de lunes, cuatro personas, entre ellas dos mujeres, fueron aseguradas por elementos de la polic\u00eda municipal de Quer\u00e9taro por su presunta participaci\u00f3n en una ri\u00f1a entre pandillas que tuvo lugar el pasado viernes 23 de abril en la colonia Eduardo Loarca. Los detenidos fueron se\u00f1alados como parte de los enfrentamientos que involucraron a pandillas rivales de las colonias 10 de Abril y Eduardo Loarca, y que se extendieron por m\u00e1s de una hora en la calle Plan de San Luis.<\/p>\n<p>&nbsp;<\/p>\n<p style=\"text-align: justify;\">Durante la trifulca, los pandilleros utilizaron piedras, tubos, palos e incluso presuntas bombas molotov, generando un ambiente de caos que alarm\u00f3 a los vecinos. A pesar de que se solicit\u00f3 ayuda a trav\u00e9s del n\u00famero de emergencias 9-1-1, las autoridades, incluyendo elementos de la SEDENA, Guardia Nacional y Guardia Municipal de Quer\u00e9taro, no lograron detener a los implicados en ese momento.<\/p>\n<p>&nbsp;<\/p>\n<p style=\"text-align: justify;\">Fue hasta este lunes, tras un operativo de seguridad y gracias a las caracter\u00edsticas f\u00edsicas obtenidas de los participantes, que las autoridades lograron asegurar a las cuatro personas involucradas. Estas fueron puestas a disposici\u00f3n de la Fiscal\u00eda General del Estado (FGE) para continuar con las investigaciones correspondientes y determinar su situaci\u00f3n legal.<\/p>\n<p>&nbsp;<\/p>\n<p style=\"text-align: justify;\">Cabe destacar que, seg\u00fan la informaci\u00f3n proporcionada por las autoridades, los detenidos se mostraron agresivos al momento de su aprehensi\u00f3n e intentaron resistirse, pero fueron finalmente sometidos y asegurados. Los vecinos de esta zona de la capital queretana han manifestado su preocupaci\u00f3n por la frecuencia de estas ri\u00f1as entre pandillas y exigen a las autoridades acciones m\u00e1s contundentes para garantizar la paz social en el \u00e1rea.<\/p>\n","protected":false},"excerpt":{"rendered":"<p>Esta tarde de lunes, cuatro personas, entre ellas dos mujeres, fueron aseguradas por elementos de la polic\u00eda municipal de Quer\u00e9taro por su presunta participaci\u00f3n en una ri\u00f1a entre pandillas que tuvo lugar el pasado viernes 23 de abril en la colonia Eduardo Loarca. Los detenidos fueron se\u00f1alados como parte de los enfrentamientos que involucraron a [&hellip;]<\/p>\n","protected":false},"author":3,"featured_media":969,"comment_status":"open","ping_status":"open","sticky":false,"template":"","format":"standard","meta":{"footnotes":""},"categories":[137],"tags":[243,241,240,242,239],"class_list":["post-968","post","type-post","status-publish","format-standard","has-post-thumbnail","hentry","category-sucesos","tag-justiciaqueretaro","tag-operativopolicial","tag-pazsocial","tag-queretaroseguro","tag-seguridadenqueretaro"],"yoast_head":"<!-- This site is optimized with the Yoast SEO plugin v25.0 - https:\/\/yoast.com\/wordpress\/plugins\/seo\/ -->\n<title>Arrestan a 4 personas por participaci\u00f3n en ri\u00f1a entre pandillas en Quer\u00e9taro | Nexo Informativo Santiago de Quer\u00e9taro<\/title>\n<meta name=\"robots\" content=\"index, follow, max-snippet:-1, max-image-preview:large, max-video-preview:-1\" \/>\n<link rel=\"canonical\" href=\"https:\/\/www.nexoinformativo.mx\/index.php\/2024\/08\/26\/arrestan-a-4-personas-por-participacion-en-rina-entre-pandillas-en-queretaro\/\" \/>\n<meta property=\"og:locale\" content=\"es_MX\" \/>\n<meta property=\"og:type\" content=\"article\" \/>\n<meta property=\"og:title\" content=\"Arrestan a 4 personas por participaci\u00f3n en ri\u00f1a entre pandillas en Quer\u00e9taro | Nexo Informativo Santiago de Quer\u00e9taro\" \/>\n<meta property=\"og:description\" content=\"Esta tarde de lunes, cuatro personas, entre ellas dos mujeres, fueron aseguradas por elementos de la polic\u00eda municipal de Quer\u00e9taro por su presunta participaci\u00f3n en una ri\u00f1a entre pandillas que tuvo lugar el pasado viernes 23 de abril en la colonia Eduardo Loarca. Los detenidos fueron se\u00f1alados como parte de los enfrentamientos que involucraron a [&hellip;]\" \/>\n<meta property=\"og:url\" content=\"https:\/\/www.nexoinformativo.mx\/index.php\/2024\/08\/26\/arrestan-a-4-personas-por-participacion-en-rina-entre-pandillas-en-queretaro\/\" \/>\n<meta property=\"og:site_name\" content=\"Nexo Informativo Santiago de Quer\u00e9taro\" \/>\n<meta property=\"article:publisher\" content=\"https:\/\/www.facebook.com\/people\/Nexo-Informativo\/61564066885511\/\" \/>\n<meta property=\"article:published_time\" content=\"2024-08-27T03:00:19+00:00\" \/>\n<meta property=\"article:modified_time\" content=\"2024-08-28T01:17:13+00:00\" \/>\n<meta property=\"og:image\" content=\"https:\/\/www.nexoinformativo.mx\/wp-content\/uploads\/2024\/08\/PHOTO-2024-08-27-16-16-34-e1724803327779.jpg\" \/>\n\t<meta property=\"og:image:width\" content=\"800\" \/>\n\t<meta property=\"og:image:height\" content=\"450\" \/>\n\t<meta property=\"og:image:type\" content=\"image\/jpeg\" \/>\n<meta name=\"author\" content=\"Nexo Informativo\" \/>\n<meta name=\"twitter:card\" content=\"summary_large_image\" \/>\n<meta name=\"twitter:label1\" content=\"Escrito por\" \/>\n\t<meta name=\"twitter:data1\" content=\"Nexo Informativo\" \/>\n\t<meta name=\"twitter:label2\" content=\"Tiempo de lectura\" \/>\n\t<meta name=\"twitter:data2\" content=\"1 minuto\" \/>\n<script type=\"application\/ld+json\" class=\"yoast-schema-graph\">{\"@context\":\"https:\/\/schema.org\",\"@graph\":[{\"@type\":\"Article\",\"@id\":\"https:\/\/www.nexoinformativo.mx\/index.php\/2024\/08\/26\/arrestan-a-4-personas-por-participacion-en-rina-entre-pandillas-en-queretaro\/#article\",\"isPartOf\":{\"@id\":\"https:\/\/www.nexoinformativo.mx\/index.php\/2024\/08\/26\/arrestan-a-4-personas-por-participacion-en-rina-entre-pandillas-en-queretaro\/\"},\"author\":{\"name\":\"Nexo Informativo\",\"@id\":\"https:\/\/www.nexoinformativo.mx\/#\/schema\/person\/7749d380ba08c8ca00d7bc76fd907b7d\"},\"headline\":\"Arrestan a 4 personas por participaci\u00f3n en ri\u00f1a entre pandillas en Quer\u00e9taro\",\"datePublished\":\"2024-08-27T03:00:19+00:00\",\"dateModified\":\"2024-08-28T01:17:13+00:00\",\"mainEntityOfPage\":{\"@id\":\"https:\/\/www.nexoinformativo.mx\/index.php\/2024\/08\/26\/arrestan-a-4-personas-por-participacion-en-rina-entre-pandillas-en-queretaro\/\"},\"wordCount\":297,\"commentCount\":0,\"publisher\":{\"@id\":\"https:\/\/www.nexoinformativo.mx\/#organization\"},\"image\":{\"@id\":\"https:\/\/www.nexoinformativo.mx\/index.php\/2024\/08\/26\/arrestan-a-4-personas-por-participacion-en-rina-entre-pandillas-en-queretaro\/#primaryimage\"},\"thumbnailUrl\":\"https:\/\/www.nexoinformativo.mx\/wp-content\/uploads\/2024\/08\/PHOTO-2024-08-27-16-16-34-e1724803327779.jpg\",\"keywords\":[\"JusticiaQueretaro\",\"OperativoPolicial\",\"PazSocial\",\"QueretaroSeguro\",\"SeguridadEnQueretaro\"],\"articleSection\":[\"Sucesos\"],\"inLanguage\":\"es\",\"potentialAction\":[{\"@type\":\"CommentAction\",\"name\":\"Comment\",\"target\":[\"https:\/\/www.nexoinformativo.mx\/index.php\/2024\/08\/26\/arrestan-a-4-personas-por-participacion-en-rina-entre-pandillas-en-queretaro\/#respond\"]}]},{\"@type\":\"WebPage\",\"@id\":\"https:\/\/www.nexoinformativo.mx\/index.php\/2024\/08\/26\/arrestan-a-4-personas-por-participacion-en-rina-entre-pandillas-en-queretaro\/\",\"url\":\"https:\/\/www.nexoinformativo.mx\/index.php\/2024\/08\/26\/arrestan-a-4-personas-por-participacion-en-rina-entre-pandillas-en-queretaro\/\",\"name\":\"Arrestan a 4 personas por participaci\u00f3n en ri\u00f1a entre pandillas en Quer\u00e9taro | Nexo Informativo Santiago de Quer\u00e9taro\",\"isPartOf\":{\"@id\":\"https:\/\/www.nexoinformativo.mx\/#website\"},\"primaryImageOfPage\":{\"@id\":\"https:\/\/www.nexoinformativo.mx\/index.php\/2024\/08\/26\/arrestan-a-4-personas-por-participacion-en-rina-entre-pandillas-en-queretaro\/#primaryimage\"},\"image\":{\"@id\":\"https:\/\/www.nexoinformativo.mx\/index.php\/2024\/08\/26\/arrestan-a-4-personas-por-participacion-en-rina-entre-pandillas-en-queretaro\/#primaryimage\"},\"thumbnailUrl\":\"https:\/\/www.nexoinformativo.mx\/wp-content\/uploads\/2024\/08\/PHOTO-2024-08-27-16-16-34-e1724803327779.jpg\",\"datePublished\":\"2024-08-27T03:00:19+00:00\",\"dateModified\":\"2024-08-28T01:17:13+00:00\",\"breadcrumb\":{\"@id\":\"https:\/\/www.nexoinformativo.mx\/index.php\/2024\/08\/26\/arrestan-a-4-personas-por-participacion-en-rina-entre-pandillas-en-queretaro\/#breadcrumb\"},\"inLanguage\":\"es\",\"potentialAction\":[{\"@type\":\"ReadAction\",\"target\":[\"https:\/\/www.nexoinformativo.mx\/index.php\/2024\/08\/26\/arrestan-a-4-personas-por-participacion-en-rina-entre-pandillas-en-queretaro\/\"]}]},{\"@type\":\"ImageObject\",\"inLanguage\":\"es\",\"@id\":\"https:\/\/www.nexoinformativo.mx\/index.php\/2024\/08\/26\/arrestan-a-4-personas-por-participacion-en-rina-entre-pandillas-en-queretaro\/#primaryimage\",\"url\":\"https:\/\/www.nexoinformativo.mx\/wp-content\/uploads\/2024\/08\/PHOTO-2024-08-27-16-16-34-e1724803327779.jpg\",\"contentUrl\":\"https:\/\/www.nexoinformativo.mx\/wp-content\/uploads\/2024\/08\/PHOTO-2024-08-27-16-16-34-e1724803327779.jpg\",\"width\":800,\"height\":450},{\"@type\":\"BreadcrumbList\",\"@id\":\"https:\/\/www.nexoinformativo.mx\/index.php\/2024\/08\/26\/arrestan-a-4-personas-por-participacion-en-rina-entre-pandillas-en-queretaro\/#breadcrumb\",\"itemListElement\":[{\"@type\":\"ListItem\",\"position\":1,\"name\":\"Inicio\",\"item\":\"https:\/\/www.nexoinformativo.mx\/\"},{\"@type\":\"ListItem\",\"position\":2,\"name\":\"Arrestan a 4 personas por participaci\u00f3n en ri\u00f1a entre pandillas en Quer\u00e9taro\"}]},{\"@type\":\"WebSite\",\"@id\":\"https:\/\/www.nexoinformativo.mx\/#website\",\"url\":\"https:\/\/www.nexoinformativo.mx\/\",\"name\":\"Nexo Informativo Santiago de Quer\u00e9taro\",\"description\":\"Explora NexoInformativo y convi\u00e9rtete en parte de una comunidad que valora el conocimiento y la verdad. Tu nexoinformativo es tu puente hacia una comprensi\u00f3n m\u00e1s profunda del mundo que te rodea.\",\"publisher\":{\"@id\":\"https:\/\/www.nexoinformativo.mx\/#organization\"},\"potentialAction\":[{\"@type\":\"SearchAction\",\"target\":{\"@type\":\"EntryPoint\",\"urlTemplate\":\"https:\/\/www.nexoinformativo.mx\/?s={search_term_string}\"},\"query-input\":{\"@type\":\"PropertyValueSpecification\",\"valueRequired\":true,\"valueName\":\"search_term_string\"}}],\"inLanguage\":\"es\"},{\"@type\":\"Organization\",\"@id\":\"https:\/\/www.nexoinformativo.mx\/#organization\",\"name\":\"Nexo Informativo Santiago de Quer\u00e9taro\",\"url\":\"https:\/\/www.nexoinformativo.mx\/\",\"logo\":{\"@type\":\"ImageObject\",\"inLanguage\":\"es\",\"@id\":\"https:\/\/www.nexoinformativo.mx\/#\/schema\/logo\/image\/\",\"url\":\"https:\/\/www.nexoinformativo.mx\/wp-content\/uploads\/2024\/07\/nexoi-trasparente-2.png\",\"contentUrl\":\"https:\/\/www.nexoinformativo.mx\/wp-content\/uploads\/2024\/07\/nexoi-trasparente-2.png\",\"width\":816,\"height\":339,\"caption\":\"Nexo Informativo Santiago de Quer\u00e9taro\"},\"image\":{\"@id\":\"https:\/\/www.nexoinformativo.mx\/#\/schema\/logo\/image\/\"},\"sameAs\":[\"https:\/\/www.facebook.com\/people\/Nexo-Informativo\/61564066885511\/\"]},{\"@type\":\"Person\",\"@id\":\"https:\/\/www.nexoinformativo.mx\/#\/schema\/person\/7749d380ba08c8ca00d7bc76fd907b7d\",\"name\":\"Nexo Informativo\",\"image\":{\"@type\":\"ImageObject\",\"inLanguage\":\"es\",\"@id\":\"https:\/\/www.nexoinformativo.mx\/#\/schema\/person\/image\/\",\"url\":\"https:\/\/secure.gravatar.com\/avatar\/dde2928154642a13d95f87ddf1ea9718fe2b46760a005c53e41ff5ad610704e6?s=96&d=mm&r=g\",\"contentUrl\":\"https:\/\/secure.gravatar.com\/avatar\/dde2928154642a13d95f87ddf1ea9718fe2b46760a005c53e41ff5ad610704e6?s=96&d=mm&r=g\",\"caption\":\"Nexo Informativo\"},\"url\":\"https:\/\/www.nexoinformativo.mx\/index.php\/author\/edicion\/\"}]}<\/script>\n<!-- \/ Yoast SEO plugin. -->","yoast_head_json":{"title":"Arrestan a 4 personas por participaci\u00f3n en ri\u00f1a entre pandillas en Quer\u00e9taro | Nexo Informativo Santiago de Quer\u00e9taro","robots":{"index":"index","follow":"follow","max-snippet":"max-snippet:-1","max-image-preview":"max-image-preview:large","max-video-preview":"max-video-preview:-1"},"canonical":"https:\/\/www.nexoinformativo.mx\/index.php\/2024\/08\/26\/arrestan-a-4-personas-por-participacion-en-rina-entre-pandillas-en-queretaro\/","og_locale":"es_MX","og_type":"article","og_title":"Arrestan a 4 personas por participaci\u00f3n en ri\u00f1a entre pandillas en Quer\u00e9taro | Nexo Informativo Santiago de Quer\u00e9taro","og_description":"Esta tarde de lunes, cuatro personas, entre ellas dos mujeres, fueron aseguradas por elementos de la polic\u00eda municipal de Quer\u00e9taro por su presunta participaci\u00f3n en una ri\u00f1a entre pandillas que tuvo lugar el pasado viernes 23 de abril en la colonia Eduardo Loarca. Los detenidos fueron se\u00f1alados como parte de los enfrentamientos que involucraron a [&hellip;]","og_url":"https:\/\/www.nexoinformativo.mx\/index.php\/2024\/08\/26\/arrestan-a-4-personas-por-participacion-en-rina-entre-pandillas-en-queretaro\/","og_site_name":"Nexo Informativo Santiago de Quer\u00e9taro","article_publisher":"https:\/\/www.facebook.com\/people\/Nexo-Informativo\/61564066885511\/","article_published_time":"2024-08-27T03:00:19+00:00","article_modified_time":"2024-08-28T01:17:13+00:00","og_image":[{"width":800,"height":450,"url":"https:\/\/www.nexoinformativo.mx\/wp-content\/uploads\/2024\/08\/PHOTO-2024-08-27-16-16-34-e1724803327779.jpg","type":"image\/jpeg"}],"author":"Nexo Informativo","twitter_card":"summary_large_image","twitter_misc":{"Escrito por":"Nexo Informativo","Tiempo de lectura":"1 minuto"},"schema":{"@context":"https:\/\/schema.org","@graph":[{"@type":"Article","@id":"https:\/\/www.nexoinformativo.mx\/index.php\/2024\/08\/26\/arrestan-a-4-personas-por-participacion-en-rina-entre-pandillas-en-queretaro\/#article","isPartOf":{"@id":"https:\/\/www.nexoinformativo.mx\/index.php\/2024\/08\/26\/arrestan-a-4-personas-por-participacion-en-rina-entre-pandillas-en-queretaro\/"},"author":{"name":"Nexo Informativo","@id":"https:\/\/www.nexoinformativo.mx\/#\/schema\/person\/7749d380ba08c8ca00d7bc76fd907b7d"},"headline":"Arrestan a 4 personas por participaci\u00f3n en ri\u00f1a entre pandillas en Quer\u00e9taro","datePublished":"2024-08-27T03:00:19+00:00","dateModified":"2024-08-28T01:17:13+00:00","mainEntityOfPage":{"@id":"https:\/\/www.nexoinformativo.mx\/index.php\/2024\/08\/26\/arrestan-a-4-personas-por-participacion-en-rina-entre-pandillas-en-queretaro\/"},"wordCount":297,"commentCount":0,"publisher":{"@id":"https:\/\/www.nexoinformativo.mx\/#organization"},"image":{"@id":"https:\/\/www.nexoinformativo.mx\/index.php\/2024\/08\/26\/arrestan-a-4-personas-por-participacion-en-rina-entre-pandillas-en-queretaro\/#primaryimage"},"thumbnailUrl":"https:\/\/www.nexoinformativo.mx\/wp-content\/uploads\/2024\/08\/PHOTO-2024-08-27-16-16-34-e1724803327779.jpg","keywords":["JusticiaQueretaro","OperativoPolicial","PazSocial","QueretaroSeguro","SeguridadEnQueretaro"],"articleSection":["Sucesos"],"inLanguage":"es","potentialAction":[{"@type":"CommentAction","name":"Comment","target":["https:\/\/www.nexoinformativo.mx\/index.php\/2024\/08\/26\/arrestan-a-4-personas-por-participacion-en-rina-entre-pandillas-en-queretaro\/#respond"]}]},{"@type":"WebPage","@id":"https:\/\/www.nexoinformativo.mx\/index.php\/2024\/08\/26\/arrestan-a-4-personas-por-participacion-en-rina-entre-pandillas-en-queretaro\/","url":"https:\/\/www.nexoinformativo.mx\/index.php\/2024\/08\/26\/arrestan-a-4-personas-por-participacion-en-rina-entre-pandillas-en-queretaro\/","name":"Arrestan a 4 personas por participaci\u00f3n en ri\u00f1a entre pandillas en Quer\u00e9taro | Nexo Informativo Santiago de Quer\u00e9taro","isPartOf":{"@id":"https:\/\/www.nexoinformativo.mx\/#website"},"primaryImageOfPage":{"@id":"https:\/\/www.nexoinformativo.mx\/index.php\/2024\/08\/26\/arrestan-a-4-personas-por-participacion-en-rina-entre-pandillas-en-queretaro\/#primaryimage"},"image":{"@id":"https:\/\/www.nexoinformativo.mx\/index.php\/2024\/08\/26\/arrestan-a-4-personas-por-participacion-en-rina-entre-pandillas-en-queretaro\/#primaryimage"},"thumbnailUrl":"https:\/\/www.nexoinformativo.mx\/wp-content\/uploads\/2024\/08\/PHOTO-2024-08-27-16-16-34-e1724803327779.jpg","datePublished":"2024-08-27T03:00:19+00:00","dateModified":"2024-08-28T01:17:13+00:00","breadcrumb":{"@id":"https:\/\/www.nexoinformativo.mx\/index.php\/2024\/08\/26\/arrestan-a-4-personas-por-participacion-en-rina-entre-pandillas-en-queretaro\/#breadcrumb"},"inLanguage":"es","potentialAction":[{"@type":"ReadAction","target":["https:\/\/www.nexoinformativo.mx\/index.php\/2024\/08\/26\/arrestan-a-4-personas-por-participacion-en-rina-entre-pandillas-en-queretaro\/"]}]},{"@type":"ImageObject","inLanguage":"es","@id":"https:\/\/www.nexoinformativo.mx\/index.php\/2024\/08\/26\/arrestan-a-4-personas-por-participacion-en-rina-entre-pandillas-en-queretaro\/#primaryimage","url":"https:\/\/www.nexoinformativo.mx\/wp-content\/uploads\/2024\/08\/PHOTO-2024-08-27-16-16-34-e1724803327779.jpg","contentUrl":"https:\/\/www.nexoinformativo.mx\/wp-content\/uploads\/2024\/08\/PHOTO-2024-08-27-16-16-34-e1724803327779.jpg","width":800,"height":450},{"@type":"BreadcrumbList","@id":"https:\/\/www.nexoinformativo.mx\/index.php\/2024\/08\/26\/arrestan-a-4-personas-por-participacion-en-rina-entre-pandillas-en-queretaro\/#breadcrumb","itemListElement":[{"@type":"ListItem","position":1,"name":"Inicio","item":"https:\/\/www.nexoinformativo.mx\/"},{"@type":"ListItem","position":2,"name":"Arrestan a 4 personas por participaci\u00f3n en ri\u00f1a entre pandillas en Quer\u00e9taro"}]},{"@type":"WebSite","@id":"https:\/\/www.nexoinformativo.mx\/#website","url":"https:\/\/www.nexoinformativo.mx\/","name":"Nexo Informativo Santiago de Quer\u00e9taro","description":"Explora NexoInformativo y convi\u00e9rtete en parte de una comunidad que valora el conocimiento y la verdad. Tu nexoinformativo es tu puente hacia una comprensi\u00f3n m\u00e1s profunda del mundo que te rodea.","publisher":{"@id":"https:\/\/www.nexoinformativo.mx\/#organization"},"potentialAction":[{"@type":"SearchAction","target":{"@type":"EntryPoint","urlTemplate":"https:\/\/www.nexoinformativo.mx\/?s={search_term_string}"},"query-input":{"@type":"PropertyValueSpecification","valueRequired":true,"valueName":"search_term_string"}}],"inLanguage":"es"},{"@type":"Organization","@id":"https:\/\/www.nexoinformativo.mx\/#organization","name":"Nexo Informativo Santiago de Quer\u00e9taro","url":"https:\/\/www.nexoinformativo.mx\/","logo":{"@type":"ImageObject","inLanguage":"es","@id":"https:\/\/www.nexoinformativo.mx\/#\/schema\/logo\/image\/","url":"https:\/\/www.nexoinformativo.mx\/wp-content\/uploads\/2024\/07\/nexoi-trasparente-2.png","contentUrl":"https:\/\/www.nexoinformativo.mx\/wp-content\/uploads\/2024\/07\/nexoi-trasparente-2.png","width":816,"height":339,"caption":"Nexo Informativo Santiago de Quer\u00e9taro"},"image":{"@id":"https:\/\/www.nexoinformativo.mx\/#\/schema\/logo\/image\/"},"sameAs":["https:\/\/www.facebook.com\/people\/Nexo-Informativo\/61564066885511\/"]},{"@type":"Person","@id":"https:\/\/www.nexoinformativo.mx\/#\/schema\/person\/7749d380ba08c8ca00d7bc76fd907b7d","name":"Nexo Informativo","image":{"@type":"ImageObject","inLanguage":"es","@id":"https:\/\/www.nexoinformativo.mx\/#\/schema\/person\/image\/","url":"https:\/\/secure.gravatar.com\/avatar\/dde2928154642a13d95f87ddf1ea9718fe2b46760a005c53e41ff5ad610704e6?s=96&d=mm&r=g","contentUrl":"https:\/\/secure.gravatar.com\/avatar\/dde2928154642a13d95f87ddf1ea9718fe2b46760a005c53e41ff5ad610704e6?s=96&d=mm&r=g","caption":"Nexo Informativo"},"url":"https:\/\/www.nexoinformativo.mx\/index.php\/author\/edicion\/"}]}},"_links":{"self":[{"href":"https:\/\/www.nexoinformativo.mx\/index.php\/wp-json\/wp\/v2\/posts\/968","targetHints":{"allow":["GET"]}}],"collection":[{"href":"https:\/\/www.nexoinformativo.mx\/index.php\/wp-json\/wp\/v2\/posts"}],"about":[{"href":"https:\/\/www.nexoinformativo.mx\/index.php\/wp-json\/wp\/v2\/types\/post"}],"author":[{"embeddable":true,"href":"https:\/\/www.nexoinformativo.mx\/index.php\/wp-json\/wp\/v2\/users\/3"}],"replies":[{"embeddable":true,"href":"https:\/\/www.nexoinformativo.mx\/index.php\/wp-json\/wp\/v2\/comments?post=968"}],"version-history":[{"count":3,"href":"https:\/\/www.nexoinformativo.mx\/index.php\/wp-json\/wp\/v2\/posts\/968\/revisions"}],"predecessor-version":[{"id":991,"href":"https:\/\/www.nexoinformativo.mx\/index.php\/wp-json\/wp\/v2\/posts\/968\/revisions\/991"}],"wp:featuredmedia":[{"embeddable":true,"href":"https:\/\/www.nexoinformativo.mx\/index.php\/wp-json\/wp\/v2\/media\/969"}],"wp:attachment":[{"href":"https:\/\/www.nexoinformativo.mx\/index.php\/wp-json\/wp\/v2\/media?parent=968"}],"wp:term":[{"taxonomy":"category","embeddable":true,"href":"https:\/\/www.nexoinformativo.mx\/index.php\/wp-json\/wp\/v2\/categories?post=968"},{"taxonomy":"post_tag","embeddable":true,"href":"https:\/\/www.nexoinformativo.mx\/index.php\/wp-json\/wp\/v2\/tags?post=968"}],"curies":[{"name":"wp","href":"https:\/\/api.w.org\/{rel}","templated":true}]}}