{"id":9680,"date":"2025-01-10T10:00:22","date_gmt":"2025-01-10T16:00:22","guid":{"rendered":"https:\/\/www.nexoinformativo.mx\/?p=9680"},"modified":"2025-01-10T12:49:17","modified_gmt":"2025-01-10T18:49:17","slug":"chepe-guerrero-supervisa-inicio-del-operativo-regreso-seguro-a-clases","status":"publish","type":"post","link":"https:\/\/www.nexoinformativo.mx\/index.php\/2025\/01\/10\/chepe-guerrero-supervisa-inicio-del-operativo-regreso-seguro-a-clases\/","title":{"rendered":"Chepe Guerrero supervisa inicio del operativo &#8220;Regreso Seguro a Clases&#8221;"},"content":{"rendered":"<p style=\"text-align: justify;\" data-sourcepos=\"11:1-11:469\">El presidente municipal de Corregidora, Josu\u00e9 Guerrero, dio el banderazo de inicio al operativo vial &#8220;<strong>Regreso Seguro a Clases 2025&#8243;<\/strong> desde la escuela primaria Josefa Ortiz de Dom\u00ednguez en El Pueblito.<\/p>\n<p>&nbsp;<\/p>\n<p style=\"text-align: justify;\" data-sourcepos=\"11:1-11:469\">Este operativo tiene como objetivo principal garantizar la seguridad de estudiantes, personal docente y padres de familia durante los horarios de entrada y salida de clases en las aproximadamente 20 zonas escolares del municipio.<\/p>\n<p>&nbsp;<\/p>\n<p style=\"text-align: justify;\" data-sourcepos=\"13:1-13:349\">Durante todo el ciclo escolar, agentes de movilidad estar\u00e1n presentes en las inmediaciones de las escuelas para apoyar en el cruce peatonal de los estudiantes, supervisar el funcionamiento de los sem\u00e1foros, coordinar el flujo vehicular y colaborar con las autoridades escolares y padres de familia para agilizar el descenso y ascenso de los alumnos.<\/p>\n<p>&nbsp;<\/p>\n<p style=\"text-align: justify;\" data-sourcepos=\"15:1-15:281\">&#8220;Queremos que nuestros estudiantes y sus familias se trasladen de manera segura a sus escuelas y regresen a casa sin contratiempos. Por eso, hemos implementado este operativo que nos permitir\u00e1 garantizar un regreso a clases tranquilo y ordenado&#8221;, asegur\u00f3 el alcalde Chepe Guerrero.<\/p>\n<p>&nbsp;<\/p>\n<p style=\"text-align: justify;\" data-sourcepos=\"17:1-17:311\">Adem\u00e1s de supervisar el inicio del operativo, el presidente municipal aprovech\u00f3 la oportunidad para visitar la biblioteca p\u00fablica municipal Heraclio Cabrera, ubicada junto a la escuela primaria, donde salud\u00f3 al personal administrativo y reafirm\u00f3 el compromiso de su administraci\u00f3n con la educaci\u00f3n y la cultura.<\/p>\n<p>&nbsp;<\/p>\n<p style=\"text-align: center;\" data-sourcepos=\"17:1-17:311\"><em><strong>\u00a1Informaci\u00f3n que transforma!<\/strong><\/em><\/p>\n","protected":false},"excerpt":{"rendered":"<p>El presidente municipal de Corregidora, Josu\u00e9 Guerrero, dio el banderazo de inicio al operativo vial &#8220;Regreso Seguro a Clases 2025&#8221; desde la escuela primaria Josefa Ortiz de Dom\u00ednguez en El Pueblito.<\/p>\n","protected":false},"author":3,"featured_media":9681,"comment_status":"open","ping_status":"open","sticky":false,"template":"","format":"standard","meta":{"footnotes":""},"categories":[65,58],"tags":[233,173,289,3061],"class_list":["post-9680","post","type-post","status-publish","format-standard","has-post-thumbnail","hentry","category-municipios","category-ultima-hora","tag-corregidora","tag-educacion","tag-movilidadsegura","tag-regresoaclasesseguro"],"yoast_head":"<!-- This site is optimized with the Yoast SEO plugin v25.0 - https:\/\/yoast.com\/wordpress\/plugins\/seo\/ -->\n<title>Chepe Guerrero supervisa inicio del operativo &quot;Regreso Seguro a Clases&quot; | Nexo Informativo Santiago de Quer\u00e9taro<\/title>\n<meta name=\"description\" content=\"Chepe Guerrero supervisa inicio del operativo &quot;Regreso Seguro a Clases&quot;\" \/>\n<meta name=\"robots\" content=\"index, follow, max-snippet:-1, max-image-preview:large, max-video-preview:-1\" \/>\n<link rel=\"canonical\" href=\"https:\/\/www.nexoinformativo.mx\/index.php\/2025\/01\/10\/chepe-guerrero-supervisa-inicio-del-operativo-regreso-seguro-a-clases\/\" \/>\n<meta property=\"og:locale\" content=\"es_MX\" \/>\n<meta property=\"og:type\" content=\"article\" \/>\n<meta property=\"og:title\" content=\"Chepe Guerrero supervisa inicio del operativo &quot;Regreso Seguro a Clases&quot; | Nexo Informativo Santiago de Quer\u00e9taro\" \/>\n<meta property=\"og:description\" content=\"Chepe Guerrero supervisa inicio del operativo &quot;Regreso Seguro a Clases&quot;\" \/>\n<meta property=\"og:url\" content=\"https:\/\/www.nexoinformativo.mx\/index.php\/2025\/01\/10\/chepe-guerrero-supervisa-inicio-del-operativo-regreso-seguro-a-clases\/\" \/>\n<meta property=\"og:site_name\" content=\"Nexo Informativo Santiago de Quer\u00e9taro\" \/>\n<meta property=\"article:publisher\" content=\"https:\/\/www.facebook.com\/people\/Nexo-Informativo\/61564066885511\/\" \/>\n<meta property=\"article:published_time\" content=\"2025-01-10T16:00:22+00:00\" \/>\n<meta property=\"article:modified_time\" content=\"2025-01-10T18:49:17+00:00\" \/>\n<meta property=\"og:image\" content=\"https:\/\/www.nexoinformativo.mx\/wp-content\/uploads\/2025\/01\/PHOTO-2025-01-10-11-53-04-e1736534882522.jpg\" \/>\n\t<meta property=\"og:image:width\" content=\"800\" \/>\n\t<meta property=\"og:image:height\" content=\"533\" \/>\n\t<meta property=\"og:image:type\" content=\"image\/jpeg\" \/>\n<meta name=\"author\" content=\"Nexo Informativo\" \/>\n<meta name=\"twitter:card\" content=\"summary_large_image\" \/>\n<meta name=\"twitter:label1\" content=\"Escrito por\" \/>\n\t<meta name=\"twitter:data1\" content=\"Nexo Informativo\" \/>\n\t<meta name=\"twitter:label2\" content=\"Tiempo de lectura\" \/>\n\t<meta name=\"twitter:data2\" content=\"2 minutos\" \/>\n<script type=\"application\/ld+json\" class=\"yoast-schema-graph\">{\"@context\":\"https:\/\/schema.org\",\"@graph\":[{\"@type\":\"Article\",\"@id\":\"https:\/\/www.nexoinformativo.mx\/index.php\/2025\/01\/10\/chepe-guerrero-supervisa-inicio-del-operativo-regreso-seguro-a-clases\/#article\",\"isPartOf\":{\"@id\":\"https:\/\/www.nexoinformativo.mx\/index.php\/2025\/01\/10\/chepe-guerrero-supervisa-inicio-del-operativo-regreso-seguro-a-clases\/\"},\"author\":{\"name\":\"Nexo Informativo\",\"@id\":\"https:\/\/www.nexoinformativo.mx\/#\/schema\/person\/7749d380ba08c8ca00d7bc76fd907b7d\"},\"headline\":\"Chepe Guerrero supervisa inicio del operativo &#8220;Regreso Seguro a Clases&#8221;\",\"datePublished\":\"2025-01-10T16:00:22+00:00\",\"dateModified\":\"2025-01-10T18:49:17+00:00\",\"mainEntityOfPage\":{\"@id\":\"https:\/\/www.nexoinformativo.mx\/index.php\/2025\/01\/10\/chepe-guerrero-supervisa-inicio-del-operativo-regreso-seguro-a-clases\/\"},\"wordCount\":231,\"commentCount\":0,\"publisher\":{\"@id\":\"https:\/\/www.nexoinformativo.mx\/#organization\"},\"image\":{\"@id\":\"https:\/\/www.nexoinformativo.mx\/index.php\/2025\/01\/10\/chepe-guerrero-supervisa-inicio-del-operativo-regreso-seguro-a-clases\/#primaryimage\"},\"thumbnailUrl\":\"https:\/\/www.nexoinformativo.mx\/wp-content\/uploads\/2025\/01\/PHOTO-2025-01-10-11-53-04-e1736534882522.jpg\",\"keywords\":[\"Corregidora\",\"educacion\",\"MovilidadSegura\",\"RegresoAClasesSeguro\"],\"articleSection\":[\"Municipios\",\"\u00daltima Hora\"],\"inLanguage\":\"es\",\"potentialAction\":[{\"@type\":\"CommentAction\",\"name\":\"Comment\",\"target\":[\"https:\/\/www.nexoinformativo.mx\/index.php\/2025\/01\/10\/chepe-guerrero-supervisa-inicio-del-operativo-regreso-seguro-a-clases\/#respond\"]}]},{\"@type\":\"WebPage\",\"@id\":\"https:\/\/www.nexoinformativo.mx\/index.php\/2025\/01\/10\/chepe-guerrero-supervisa-inicio-del-operativo-regreso-seguro-a-clases\/\",\"url\":\"https:\/\/www.nexoinformativo.mx\/index.php\/2025\/01\/10\/chepe-guerrero-supervisa-inicio-del-operativo-regreso-seguro-a-clases\/\",\"name\":\"Chepe Guerrero supervisa inicio del operativo \\\"Regreso Seguro a Clases\\\" | Nexo Informativo Santiago de Quer\u00e9taro\",\"isPartOf\":{\"@id\":\"https:\/\/www.nexoinformativo.mx\/#website\"},\"primaryImageOfPage\":{\"@id\":\"https:\/\/www.nexoinformativo.mx\/index.php\/2025\/01\/10\/chepe-guerrero-supervisa-inicio-del-operativo-regreso-seguro-a-clases\/#primaryimage\"},\"image\":{\"@id\":\"https:\/\/www.nexoinformativo.mx\/index.php\/2025\/01\/10\/chepe-guerrero-supervisa-inicio-del-operativo-regreso-seguro-a-clases\/#primaryimage\"},\"thumbnailUrl\":\"https:\/\/www.nexoinformativo.mx\/wp-content\/uploads\/2025\/01\/PHOTO-2025-01-10-11-53-04-e1736534882522.jpg\",\"datePublished\":\"2025-01-10T16:00:22+00:00\",\"dateModified\":\"2025-01-10T18:49:17+00:00\",\"description\":\"Chepe Guerrero supervisa inicio del operativo \\\"Regreso Seguro a Clases\\\"\",\"breadcrumb\":{\"@id\":\"https:\/\/www.nexoinformativo.mx\/index.php\/2025\/01\/10\/chepe-guerrero-supervisa-inicio-del-operativo-regreso-seguro-a-clases\/#breadcrumb\"},\"inLanguage\":\"es\",\"potentialAction\":[{\"@type\":\"ReadAction\",\"target\":[\"https:\/\/www.nexoinformativo.mx\/index.php\/2025\/01\/10\/chepe-guerrero-supervisa-inicio-del-operativo-regreso-seguro-a-clases\/\"]}]},{\"@type\":\"ImageObject\",\"inLanguage\":\"es\",\"@id\":\"https:\/\/www.nexoinformativo.mx\/index.php\/2025\/01\/10\/chepe-guerrero-supervisa-inicio-del-operativo-regreso-seguro-a-clases\/#primaryimage\",\"url\":\"https:\/\/www.nexoinformativo.mx\/wp-content\/uploads\/2025\/01\/PHOTO-2025-01-10-11-53-04-e1736534882522.jpg\",\"contentUrl\":\"https:\/\/www.nexoinformativo.mx\/wp-content\/uploads\/2025\/01\/PHOTO-2025-01-10-11-53-04-e1736534882522.jpg\",\"width\":800,\"height\":533},{\"@type\":\"BreadcrumbList\",\"@id\":\"https:\/\/www.nexoinformativo.mx\/index.php\/2025\/01\/10\/chepe-guerrero-supervisa-inicio-del-operativo-regreso-seguro-a-clases\/#breadcrumb\",\"itemListElement\":[{\"@type\":\"ListItem\",\"position\":1,\"name\":\"Inicio\",\"item\":\"https:\/\/www.nexoinformativo.mx\/\"},{\"@type\":\"ListItem\",\"position\":2,\"name\":\"Chepe Guerrero supervisa inicio del operativo &#8220;Regreso Seguro a Clases&#8221;\"}]},{\"@type\":\"WebSite\",\"@id\":\"https:\/\/www.nexoinformativo.mx\/#website\",\"url\":\"https:\/\/www.nexoinformativo.mx\/\",\"name\":\"Nexo Informativo Santiago de Quer\u00e9taro\",\"description\":\"Explora NexoInformativo y convi\u00e9rtete en parte de una comunidad que valora el conocimiento y la verdad. Tu nexoinformativo es tu puente hacia una comprensi\u00f3n m\u00e1s profunda del mundo que te rodea.\",\"publisher\":{\"@id\":\"https:\/\/www.nexoinformativo.mx\/#organization\"},\"potentialAction\":[{\"@type\":\"SearchAction\",\"target\":{\"@type\":\"EntryPoint\",\"urlTemplate\":\"https:\/\/www.nexoinformativo.mx\/?s={search_term_string}\"},\"query-input\":{\"@type\":\"PropertyValueSpecification\",\"valueRequired\":true,\"valueName\":\"search_term_string\"}}],\"inLanguage\":\"es\"},{\"@type\":\"Organization\",\"@id\":\"https:\/\/www.nexoinformativo.mx\/#organization\",\"name\":\"Nexo Informativo Santiago de Quer\u00e9taro\",\"url\":\"https:\/\/www.nexoinformativo.mx\/\",\"logo\":{\"@type\":\"ImageObject\",\"inLanguage\":\"es\",\"@id\":\"https:\/\/www.nexoinformativo.mx\/#\/schema\/logo\/image\/\",\"url\":\"https:\/\/www.nexoinformativo.mx\/wp-content\/uploads\/2024\/07\/nexoi-trasparente-2.png\",\"contentUrl\":\"https:\/\/www.nexoinformativo.mx\/wp-content\/uploads\/2024\/07\/nexoi-trasparente-2.png\",\"width\":816,\"height\":339,\"caption\":\"Nexo Informativo Santiago de Quer\u00e9taro\"},\"image\":{\"@id\":\"https:\/\/www.nexoinformativo.mx\/#\/schema\/logo\/image\/\"},\"sameAs\":[\"https:\/\/www.facebook.com\/people\/Nexo-Informativo\/61564066885511\/\"]},{\"@type\":\"Person\",\"@id\":\"https:\/\/www.nexoinformativo.mx\/#\/schema\/person\/7749d380ba08c8ca00d7bc76fd907b7d\",\"name\":\"Nexo Informativo\",\"image\":{\"@type\":\"ImageObject\",\"inLanguage\":\"es\",\"@id\":\"https:\/\/www.nexoinformativo.mx\/#\/schema\/person\/image\/\",\"url\":\"https:\/\/secure.gravatar.com\/avatar\/dde2928154642a13d95f87ddf1ea9718fe2b46760a005c53e41ff5ad610704e6?s=96&d=mm&r=g\",\"contentUrl\":\"https:\/\/secure.gravatar.com\/avatar\/dde2928154642a13d95f87ddf1ea9718fe2b46760a005c53e41ff5ad610704e6?s=96&d=mm&r=g\",\"caption\":\"Nexo Informativo\"},\"url\":\"https:\/\/www.nexoinformativo.mx\/index.php\/author\/edicion\/\"}]}<\/script>\n<!-- \/ Yoast SEO plugin. -->","yoast_head_json":{"title":"Chepe Guerrero supervisa inicio del operativo \"Regreso Seguro a Clases\" | Nexo Informativo Santiago de Quer\u00e9taro","description":"Chepe Guerrero supervisa inicio del operativo \"Regreso Seguro a Clases\"","robots":{"index":"index","follow":"follow","max-snippet":"max-snippet:-1","max-image-preview":"max-image-preview:large","max-video-preview":"max-video-preview:-1"},"canonical":"https:\/\/www.nexoinformativo.mx\/index.php\/2025\/01\/10\/chepe-guerrero-supervisa-inicio-del-operativo-regreso-seguro-a-clases\/","og_locale":"es_MX","og_type":"article","og_title":"Chepe Guerrero supervisa inicio del operativo \"Regreso Seguro a Clases\" | Nexo Informativo Santiago de Quer\u00e9taro","og_description":"Chepe Guerrero supervisa inicio del operativo \"Regreso Seguro a Clases\"","og_url":"https:\/\/www.nexoinformativo.mx\/index.php\/2025\/01\/10\/chepe-guerrero-supervisa-inicio-del-operativo-regreso-seguro-a-clases\/","og_site_name":"Nexo Informativo Santiago de Quer\u00e9taro","article_publisher":"https:\/\/www.facebook.com\/people\/Nexo-Informativo\/61564066885511\/","article_published_time":"2025-01-10T16:00:22+00:00","article_modified_time":"2025-01-10T18:49:17+00:00","og_image":[{"width":800,"height":533,"url":"https:\/\/www.nexoinformativo.mx\/wp-content\/uploads\/2025\/01\/PHOTO-2025-01-10-11-53-04-e1736534882522.jpg","type":"image\/jpeg"}],"author":"Nexo Informativo","twitter_card":"summary_large_image","twitter_misc":{"Escrito por":"Nexo Informativo","Tiempo de lectura":"2 minutos"},"schema":{"@context":"https:\/\/schema.org","@graph":[{"@type":"Article","@id":"https:\/\/www.nexoinformativo.mx\/index.php\/2025\/01\/10\/chepe-guerrero-supervisa-inicio-del-operativo-regreso-seguro-a-clases\/#article","isPartOf":{"@id":"https:\/\/www.nexoinformativo.mx\/index.php\/2025\/01\/10\/chepe-guerrero-supervisa-inicio-del-operativo-regreso-seguro-a-clases\/"},"author":{"name":"Nexo Informativo","@id":"https:\/\/www.nexoinformativo.mx\/#\/schema\/person\/7749d380ba08c8ca00d7bc76fd907b7d"},"headline":"Chepe Guerrero supervisa inicio del operativo &#8220;Regreso Seguro a Clases&#8221;","datePublished":"2025-01-10T16:00:22+00:00","dateModified":"2025-01-10T18:49:17+00:00","mainEntityOfPage":{"@id":"https:\/\/www.nexoinformativo.mx\/index.php\/2025\/01\/10\/chepe-guerrero-supervisa-inicio-del-operativo-regreso-seguro-a-clases\/"},"wordCount":231,"commentCount":0,"publisher":{"@id":"https:\/\/www.nexoinformativo.mx\/#organization"},"image":{"@id":"https:\/\/www.nexoinformativo.mx\/index.php\/2025\/01\/10\/chepe-guerrero-supervisa-inicio-del-operativo-regreso-seguro-a-clases\/#primaryimage"},"thumbnailUrl":"https:\/\/www.nexoinformativo.mx\/wp-content\/uploads\/2025\/01\/PHOTO-2025-01-10-11-53-04-e1736534882522.jpg","keywords":["Corregidora","educacion","MovilidadSegura","RegresoAClasesSeguro"],"articleSection":["Municipios","\u00daltima Hora"],"inLanguage":"es","potentialAction":[{"@type":"CommentAction","name":"Comment","target":["https:\/\/www.nexoinformativo.mx\/index.php\/2025\/01\/10\/chepe-guerrero-supervisa-inicio-del-operativo-regreso-seguro-a-clases\/#respond"]}]},{"@type":"WebPage","@id":"https:\/\/www.nexoinformativo.mx\/index.php\/2025\/01\/10\/chepe-guerrero-supervisa-inicio-del-operativo-regreso-seguro-a-clases\/","url":"https:\/\/www.nexoinformativo.mx\/index.php\/2025\/01\/10\/chepe-guerrero-supervisa-inicio-del-operativo-regreso-seguro-a-clases\/","name":"Chepe Guerrero supervisa inicio del operativo \"Regreso Seguro a Clases\" | Nexo Informativo Santiago de Quer\u00e9taro","isPartOf":{"@id":"https:\/\/www.nexoinformativo.mx\/#website"},"primaryImageOfPage":{"@id":"https:\/\/www.nexoinformativo.mx\/index.php\/2025\/01\/10\/chepe-guerrero-supervisa-inicio-del-operativo-regreso-seguro-a-clases\/#primaryimage"},"image":{"@id":"https:\/\/www.nexoinformativo.mx\/index.php\/2025\/01\/10\/chepe-guerrero-supervisa-inicio-del-operativo-regreso-seguro-a-clases\/#primaryimage"},"thumbnailUrl":"https:\/\/www.nexoinformativo.mx\/wp-content\/uploads\/2025\/01\/PHOTO-2025-01-10-11-53-04-e1736534882522.jpg","datePublished":"2025-01-10T16:00:22+00:00","dateModified":"2025-01-10T18:49:17+00:00","description":"Chepe Guerrero supervisa inicio del operativo \"Regreso Seguro a Clases\"","breadcrumb":{"@id":"https:\/\/www.nexoinformativo.mx\/index.php\/2025\/01\/10\/chepe-guerrero-supervisa-inicio-del-operativo-regreso-seguro-a-clases\/#breadcrumb"},"inLanguage":"es","potentialAction":[{"@type":"ReadAction","target":["https:\/\/www.nexoinformativo.mx\/index.php\/2025\/01\/10\/chepe-guerrero-supervisa-inicio-del-operativo-regreso-seguro-a-clases\/"]}]},{"@type":"ImageObject","inLanguage":"es","@id":"https:\/\/www.nexoinformativo.mx\/index.php\/2025\/01\/10\/chepe-guerrero-supervisa-inicio-del-operativo-regreso-seguro-a-clases\/#primaryimage","url":"https:\/\/www.nexoinformativo.mx\/wp-content\/uploads\/2025\/01\/PHOTO-2025-01-10-11-53-04-e1736534882522.jpg","contentUrl":"https:\/\/www.nexoinformativo.mx\/wp-content\/uploads\/2025\/01\/PHOTO-2025-01-10-11-53-04-e1736534882522.jpg","width":800,"height":533},{"@type":"BreadcrumbList","@id":"https:\/\/www.nexoinformativo.mx\/index.php\/2025\/01\/10\/chepe-guerrero-supervisa-inicio-del-operativo-regreso-seguro-a-clases\/#breadcrumb","itemListElement":[{"@type":"ListItem","position":1,"name":"Inicio","item":"https:\/\/www.nexoinformativo.mx\/"},{"@type":"ListItem","position":2,"name":"Chepe Guerrero supervisa inicio del operativo &#8220;Regreso Seguro a Clases&#8221;"}]},{"@type":"WebSite","@id":"https:\/\/www.nexoinformativo.mx\/#website","url":"https:\/\/www.nexoinformativo.mx\/","name":"Nexo Informativo Santiago de Quer\u00e9taro","description":"Explora NexoInformativo y convi\u00e9rtete en parte de una comunidad que valora el conocimiento y la verdad. Tu nexoinformativo es tu puente hacia una comprensi\u00f3n m\u00e1s profunda del mundo que te rodea.","publisher":{"@id":"https:\/\/www.nexoinformativo.mx\/#organization"},"potentialAction":[{"@type":"SearchAction","target":{"@type":"EntryPoint","urlTemplate":"https:\/\/www.nexoinformativo.mx\/?s={search_term_string}"},"query-input":{"@type":"PropertyValueSpecification","valueRequired":true,"valueName":"search_term_string"}}],"inLanguage":"es"},{"@type":"Organization","@id":"https:\/\/www.nexoinformativo.mx\/#organization","name":"Nexo Informativo Santiago de Quer\u00e9taro","url":"https:\/\/www.nexoinformativo.mx\/","logo":{"@type":"ImageObject","inLanguage":"es","@id":"https:\/\/www.nexoinformativo.mx\/#\/schema\/logo\/image\/","url":"https:\/\/www.nexoinformativo.mx\/wp-content\/uploads\/2024\/07\/nexoi-trasparente-2.png","contentUrl":"https:\/\/www.nexoinformativo.mx\/wp-content\/uploads\/2024\/07\/nexoi-trasparente-2.png","width":816,"height":339,"caption":"Nexo Informativo Santiago de Quer\u00e9taro"},"image":{"@id":"https:\/\/www.nexoinformativo.mx\/#\/schema\/logo\/image\/"},"sameAs":["https:\/\/www.facebook.com\/people\/Nexo-Informativo\/61564066885511\/"]},{"@type":"Person","@id":"https:\/\/www.nexoinformativo.mx\/#\/schema\/person\/7749d380ba08c8ca00d7bc76fd907b7d","name":"Nexo Informativo","image":{"@type":"ImageObject","inLanguage":"es","@id":"https:\/\/www.nexoinformativo.mx\/#\/schema\/person\/image\/","url":"https:\/\/secure.gravatar.com\/avatar\/dde2928154642a13d95f87ddf1ea9718fe2b46760a005c53e41ff5ad610704e6?s=96&d=mm&r=g","contentUrl":"https:\/\/secure.gravatar.com\/avatar\/dde2928154642a13d95f87ddf1ea9718fe2b46760a005c53e41ff5ad610704e6?s=96&d=mm&r=g","caption":"Nexo Informativo"},"url":"https:\/\/www.nexoinformativo.mx\/index.php\/author\/edicion\/"}]}},"_links":{"self":[{"href":"https:\/\/www.nexoinformativo.mx\/index.php\/wp-json\/wp\/v2\/posts\/9680","targetHints":{"allow":["GET"]}}],"collection":[{"href":"https:\/\/www.nexoinformativo.mx\/index.php\/wp-json\/wp\/v2\/posts"}],"about":[{"href":"https:\/\/www.nexoinformativo.mx\/index.php\/wp-json\/wp\/v2\/types\/post"}],"author":[{"embeddable":true,"href":"https:\/\/www.nexoinformativo.mx\/index.php\/wp-json\/wp\/v2\/users\/3"}],"replies":[{"embeddable":true,"href":"https:\/\/www.nexoinformativo.mx\/index.php\/wp-json\/wp\/v2\/comments?post=9680"}],"version-history":[{"count":4,"href":"https:\/\/www.nexoinformativo.mx\/index.php\/wp-json\/wp\/v2\/posts\/9680\/revisions"}],"predecessor-version":[{"id":9684,"href":"https:\/\/www.nexoinformativo.mx\/index.php\/wp-json\/wp\/v2\/posts\/9680\/revisions\/9684"}],"wp:featuredmedia":[{"embeddable":true,"href":"https:\/\/www.nexoinformativo.mx\/index.php\/wp-json\/wp\/v2\/media\/9681"}],"wp:attachment":[{"href":"https:\/\/www.nexoinformativo.mx\/index.php\/wp-json\/wp\/v2\/media?parent=9680"}],"wp:term":[{"taxonomy":"category","embeddable":true,"href":"https:\/\/www.nexoinformativo.mx\/index.php\/wp-json\/wp\/v2\/categories?post=9680"},{"taxonomy":"post_tag","embeddable":true,"href":"https:\/\/www.nexoinformativo.mx\/index.php\/wp-json\/wp\/v2\/tags?post=9680"}],"curies":[{"name":"wp","href":"https:\/\/api.w.org\/{rel}","templated":true}]}}