{"id":9687,"date":"2025-01-12T12:00:34","date_gmt":"2025-01-12T18:00:34","guid":{"rendered":"https:\/\/www.nexoinformativo.mx\/?p=9687"},"modified":"2025-01-12T20:30:03","modified_gmt":"2025-01-13T02:30:03","slug":"construyendo-paz-gobierno-federal-recorre-el-pais-llevando-programas-sociales","status":"publish","type":"post","link":"https:\/\/www.nexoinformativo.mx\/index.php\/2025\/01\/12\/construyendo-paz-gobierno-federal-recorre-el-pais-llevando-programas-sociales\/","title":{"rendered":"\u00a1Construyendo paz! Gobierno federal recorre el pa\u00eds llevando programas sociales"},"content":{"rendered":"<p style=\"text-align: justify;\" data-sourcepos=\"11:1-11:355\">El Gobierno de M\u00e9xico, contin\u00faa trabajando arduamente para atender las causas que originan la violencia en el pa\u00eds. A trav\u00e9s de la Secretar\u00eda de Gobernaci\u00f3n, se han implementado diversas estrategias que buscan llevar bienestar y paz a las comunidades m\u00e1s vulnerables.<\/p>\n<p>&nbsp;<\/p>\n<p style=\"text-align: justify;\" data-sourcepos=\"13:1-13:377\">La secretaria de Gobernaci\u00f3n, Rosa Icela Rodr\u00edguez, inform\u00f3 que se han realizado m\u00e1s de 106 mil atenciones en 18 Ferias de Paz y se han integrado 27 Comit\u00e9s de Paz en distintos municipios del pa\u00eds. Estas acciones se llevan a cabo de manera coordinada con todos los niveles de gobierno.<\/p>\n<p>&nbsp;<\/p>\n<p style=\"text-align: justify;\" data-sourcepos=\"15:1-15:153\"><strong>&#8220;No venimos a ganar una guerra, venimos a construir la paz&#8221;<\/strong>, afirm\u00f3 la secretaria Rodr\u00edguez durante la conferencia matutina.<\/p>\n<p>&nbsp;<\/p>\n<p style=\"text-align: justify;\"><strong>-Ferias de la Paz:<\/strong> Se organizan eventos en los que se ofrecen diversos servicios como atenci\u00f3n m\u00e9dica, tr\u00e1mites gubernamentales, programas sociales y actividades culturales.<\/p>\n<p style=\"text-align: justify;\"><strong>-Comit\u00e9s de Paz:<\/strong> Se crean espacios de di\u00e1logo y participaci\u00f3n ciudadana para abordar las problem\u00e1ticas locales y construir soluciones en conjunto.<\/p>\n<p style=\"text-align: justify;\"><strong>-&#8220;S\u00ed al Desarme, S\u00ed a la Paz&#8221;:<\/strong> Se implementar\u00e1 un programa para el canje de armas de fuego por dinero en efectivo, de manera an\u00f3nima y voluntaria.<\/p>\n<p style=\"text-align: justify;\"><strong>-Atenci\u00f3n a comunidades vulnerables:<\/strong> Se realizan visitas casa por casa para identificar las necesidades de las familias y brindarles apoyo.<\/p>\n<p>&nbsp;<\/p>\n<p style=\"text-align: justify;\" data-sourcepos=\"26:1-26:277\">Los resultados de estas acciones son evidentes. En estados como Guanajuato, Chiapas, Tabasco, Estado de M\u00e9xico, Guerrero y Baja California, se han atendido a miles de personas con diversos servicios y se han fortalecido los lazos de confianza entre el gobierno y la ciudadan\u00eda.<\/p>\n<p>&nbsp;<\/p>\n<p style=\"text-align: justify;\" data-sourcepos=\"30:1-30:240\">El gobierno federal ha demostrado su compromiso con la construcci\u00f3n de un M\u00e9xico m\u00e1s justo y seguro. A trav\u00e9s de estas acciones, se busca atender las causas profundas de la violencia y brindar oportunidades a las comunidades m\u00e1s marginadas.<\/p>\n<p>&nbsp;<\/p>\n<p style=\"text-align: center;\" data-sourcepos=\"30:1-30:240\"><em><strong>\u00a1Informaci\u00f3n que transforma!<\/strong><\/em><\/p>\n","protected":false},"excerpt":{"rendered":"<p>El Gobierno de M\u00e9xico, contin\u00faa trabajando arduamente para atender las causas que originan la violencia en el pa\u00eds. A trav\u00e9s de la Secretar\u00eda de Gobernaci\u00f3n, se han implementado diversas estrategias que buscan llevar bienestar y paz a las comunidades m\u00e1s vulnerables.<\/p>\n","protected":false},"author":3,"featured_media":9690,"comment_status":"open","ping_status":"open","sticky":false,"template":"","format":"standard","meta":{"footnotes":""},"categories":[88,58],"tags":[679,1535,2729,131],"class_list":["post-9687","post","type-post","status-publish","format-standard","has-post-thumbnail","hentry","category-nacional","category-ultima-hora","tag-bienestar","tag-gobiernodemexico","tag-pazenmexico","tag-seguridad"],"yoast_head":"<!-- This site is optimized with the Yoast SEO plugin v25.0 - https:\/\/yoast.com\/wordpress\/plugins\/seo\/ -->\n<title>\u00a1Construyendo paz! Gobierno federal recorre el pa\u00eds llevando programas sociales | Nexo Informativo Santiago de Quer\u00e9taro<\/title>\n<meta name=\"description\" content=\"\u00a1Construyendo paz! Gobierno federal recorre el pa\u00eds llevando programas sociales\" \/>\n<meta name=\"robots\" content=\"index, follow, max-snippet:-1, max-image-preview:large, max-video-preview:-1\" \/>\n<link rel=\"canonical\" href=\"https:\/\/www.nexoinformativo.mx\/index.php\/2025\/01\/12\/construyendo-paz-gobierno-federal-recorre-el-pais-llevando-programas-sociales\/\" \/>\n<meta property=\"og:locale\" content=\"es_MX\" \/>\n<meta property=\"og:type\" content=\"article\" \/>\n<meta property=\"og:title\" content=\"\u00a1Construyendo paz! Gobierno federal recorre el pa\u00eds llevando programas sociales | Nexo Informativo Santiago de Quer\u00e9taro\" \/>\n<meta property=\"og:description\" content=\"\u00a1Construyendo paz! Gobierno federal recorre el pa\u00eds llevando programas sociales\" \/>\n<meta property=\"og:url\" content=\"https:\/\/www.nexoinformativo.mx\/index.php\/2025\/01\/12\/construyendo-paz-gobierno-federal-recorre-el-pais-llevando-programas-sociales\/\" \/>\n<meta property=\"og:site_name\" content=\"Nexo Informativo Santiago de Quer\u00e9taro\" \/>\n<meta property=\"article:publisher\" content=\"https:\/\/www.facebook.com\/people\/Nexo-Informativo\/61564066885511\/\" \/>\n<meta property=\"article:published_time\" content=\"2025-01-12T18:00:34+00:00\" \/>\n<meta property=\"article:modified_time\" content=\"2025-01-13T02:30:03+00:00\" \/>\n<meta property=\"og:image\" content=\"https:\/\/www.nexoinformativo.mx\/wp-content\/uploads\/2025\/01\/IMG_9219.jpg\" \/>\n\t<meta property=\"og:image:width\" content=\"650\" \/>\n\t<meta property=\"og:image:height\" content=\"380\" \/>\n\t<meta property=\"og:image:type\" content=\"image\/jpeg\" \/>\n<meta name=\"author\" content=\"Nexo Informativo\" \/>\n<meta name=\"twitter:card\" content=\"summary_large_image\" \/>\n<meta name=\"twitter:label1\" content=\"Escrito por\" \/>\n\t<meta name=\"twitter:data1\" content=\"Nexo Informativo\" \/>\n\t<meta name=\"twitter:label2\" content=\"Tiempo de lectura\" \/>\n\t<meta name=\"twitter:data2\" content=\"2 minutos\" \/>\n<script type=\"application\/ld+json\" class=\"yoast-schema-graph\">{\"@context\":\"https:\/\/schema.org\",\"@graph\":[{\"@type\":\"Article\",\"@id\":\"https:\/\/www.nexoinformativo.mx\/index.php\/2025\/01\/12\/construyendo-paz-gobierno-federal-recorre-el-pais-llevando-programas-sociales\/#article\",\"isPartOf\":{\"@id\":\"https:\/\/www.nexoinformativo.mx\/index.php\/2025\/01\/12\/construyendo-paz-gobierno-federal-recorre-el-pais-llevando-programas-sociales\/\"},\"author\":{\"name\":\"Nexo Informativo\",\"@id\":\"https:\/\/www.nexoinformativo.mx\/#\/schema\/person\/7749d380ba08c8ca00d7bc76fd907b7d\"},\"headline\":\"\u00a1Construyendo paz! Gobierno federal recorre el pa\u00eds llevando programas sociales\",\"datePublished\":\"2025-01-12T18:00:34+00:00\",\"dateModified\":\"2025-01-13T02:30:03+00:00\",\"mainEntityOfPage\":{\"@id\":\"https:\/\/www.nexoinformativo.mx\/index.php\/2025\/01\/12\/construyendo-paz-gobierno-federal-recorre-el-pais-llevando-programas-sociales\/\"},\"wordCount\":333,\"commentCount\":0,\"publisher\":{\"@id\":\"https:\/\/www.nexoinformativo.mx\/#organization\"},\"image\":{\"@id\":\"https:\/\/www.nexoinformativo.mx\/index.php\/2025\/01\/12\/construyendo-paz-gobierno-federal-recorre-el-pais-llevando-programas-sociales\/#primaryimage\"},\"thumbnailUrl\":\"https:\/\/www.nexoinformativo.mx\/wp-content\/uploads\/2025\/01\/IMG_9219.jpg\",\"keywords\":[\"Bienestar\",\"GobiernoDeM\u00e9xico\",\"PazEnM\u00e9xico\",\"Seguridad\"],\"articleSection\":[\"Nacional\",\"\u00daltima Hora\"],\"inLanguage\":\"es\",\"potentialAction\":[{\"@type\":\"CommentAction\",\"name\":\"Comment\",\"target\":[\"https:\/\/www.nexoinformativo.mx\/index.php\/2025\/01\/12\/construyendo-paz-gobierno-federal-recorre-el-pais-llevando-programas-sociales\/#respond\"]}]},{\"@type\":\"WebPage\",\"@id\":\"https:\/\/www.nexoinformativo.mx\/index.php\/2025\/01\/12\/construyendo-paz-gobierno-federal-recorre-el-pais-llevando-programas-sociales\/\",\"url\":\"https:\/\/www.nexoinformativo.mx\/index.php\/2025\/01\/12\/construyendo-paz-gobierno-federal-recorre-el-pais-llevando-programas-sociales\/\",\"name\":\"\u00a1Construyendo paz! Gobierno federal recorre el pa\u00eds llevando programas sociales | Nexo Informativo Santiago de Quer\u00e9taro\",\"isPartOf\":{\"@id\":\"https:\/\/www.nexoinformativo.mx\/#website\"},\"primaryImageOfPage\":{\"@id\":\"https:\/\/www.nexoinformativo.mx\/index.php\/2025\/01\/12\/construyendo-paz-gobierno-federal-recorre-el-pais-llevando-programas-sociales\/#primaryimage\"},\"image\":{\"@id\":\"https:\/\/www.nexoinformativo.mx\/index.php\/2025\/01\/12\/construyendo-paz-gobierno-federal-recorre-el-pais-llevando-programas-sociales\/#primaryimage\"},\"thumbnailUrl\":\"https:\/\/www.nexoinformativo.mx\/wp-content\/uploads\/2025\/01\/IMG_9219.jpg\",\"datePublished\":\"2025-01-12T18:00:34+00:00\",\"dateModified\":\"2025-01-13T02:30:03+00:00\",\"description\":\"\u00a1Construyendo paz! Gobierno federal recorre el pa\u00eds llevando programas sociales\",\"breadcrumb\":{\"@id\":\"https:\/\/www.nexoinformativo.mx\/index.php\/2025\/01\/12\/construyendo-paz-gobierno-federal-recorre-el-pais-llevando-programas-sociales\/#breadcrumb\"},\"inLanguage\":\"es\",\"potentialAction\":[{\"@type\":\"ReadAction\",\"target\":[\"https:\/\/www.nexoinformativo.mx\/index.php\/2025\/01\/12\/construyendo-paz-gobierno-federal-recorre-el-pais-llevando-programas-sociales\/\"]}]},{\"@type\":\"ImageObject\",\"inLanguage\":\"es\",\"@id\":\"https:\/\/www.nexoinformativo.mx\/index.php\/2025\/01\/12\/construyendo-paz-gobierno-federal-recorre-el-pais-llevando-programas-sociales\/#primaryimage\",\"url\":\"https:\/\/www.nexoinformativo.mx\/wp-content\/uploads\/2025\/01\/IMG_9219.jpg\",\"contentUrl\":\"https:\/\/www.nexoinformativo.mx\/wp-content\/uploads\/2025\/01\/IMG_9219.jpg\",\"width\":650,\"height\":380},{\"@type\":\"BreadcrumbList\",\"@id\":\"https:\/\/www.nexoinformativo.mx\/index.php\/2025\/01\/12\/construyendo-paz-gobierno-federal-recorre-el-pais-llevando-programas-sociales\/#breadcrumb\",\"itemListElement\":[{\"@type\":\"ListItem\",\"position\":1,\"name\":\"Inicio\",\"item\":\"https:\/\/www.nexoinformativo.mx\/\"},{\"@type\":\"ListItem\",\"position\":2,\"name\":\"\u00a1Construyendo paz! Gobierno federal recorre el pa\u00eds llevando programas sociales\"}]},{\"@type\":\"WebSite\",\"@id\":\"https:\/\/www.nexoinformativo.mx\/#website\",\"url\":\"https:\/\/www.nexoinformativo.mx\/\",\"name\":\"Nexo Informativo Santiago de Quer\u00e9taro\",\"description\":\"Explora NexoInformativo y convi\u00e9rtete en parte de una comunidad que valora el conocimiento y la verdad. Tu nexoinformativo es tu puente hacia una comprensi\u00f3n m\u00e1s profunda del mundo que te rodea.\",\"publisher\":{\"@id\":\"https:\/\/www.nexoinformativo.mx\/#organization\"},\"potentialAction\":[{\"@type\":\"SearchAction\",\"target\":{\"@type\":\"EntryPoint\",\"urlTemplate\":\"https:\/\/www.nexoinformativo.mx\/?s={search_term_string}\"},\"query-input\":{\"@type\":\"PropertyValueSpecification\",\"valueRequired\":true,\"valueName\":\"search_term_string\"}}],\"inLanguage\":\"es\"},{\"@type\":\"Organization\",\"@id\":\"https:\/\/www.nexoinformativo.mx\/#organization\",\"name\":\"Nexo Informativo Santiago de Quer\u00e9taro\",\"url\":\"https:\/\/www.nexoinformativo.mx\/\",\"logo\":{\"@type\":\"ImageObject\",\"inLanguage\":\"es\",\"@id\":\"https:\/\/www.nexoinformativo.mx\/#\/schema\/logo\/image\/\",\"url\":\"https:\/\/www.nexoinformativo.mx\/wp-content\/uploads\/2024\/07\/nexoi-trasparente-2.png\",\"contentUrl\":\"https:\/\/www.nexoinformativo.mx\/wp-content\/uploads\/2024\/07\/nexoi-trasparente-2.png\",\"width\":816,\"height\":339,\"caption\":\"Nexo Informativo Santiago de Quer\u00e9taro\"},\"image\":{\"@id\":\"https:\/\/www.nexoinformativo.mx\/#\/schema\/logo\/image\/\"},\"sameAs\":[\"https:\/\/www.facebook.com\/people\/Nexo-Informativo\/61564066885511\/\"]},{\"@type\":\"Person\",\"@id\":\"https:\/\/www.nexoinformativo.mx\/#\/schema\/person\/7749d380ba08c8ca00d7bc76fd907b7d\",\"name\":\"Nexo Informativo\",\"image\":{\"@type\":\"ImageObject\",\"inLanguage\":\"es\",\"@id\":\"https:\/\/www.nexoinformativo.mx\/#\/schema\/person\/image\/\",\"url\":\"https:\/\/secure.gravatar.com\/avatar\/dde2928154642a13d95f87ddf1ea9718fe2b46760a005c53e41ff5ad610704e6?s=96&d=mm&r=g\",\"contentUrl\":\"https:\/\/secure.gravatar.com\/avatar\/dde2928154642a13d95f87ddf1ea9718fe2b46760a005c53e41ff5ad610704e6?s=96&d=mm&r=g\",\"caption\":\"Nexo Informativo\"},\"url\":\"https:\/\/www.nexoinformativo.mx\/index.php\/author\/edicion\/\"}]}<\/script>\n<!-- \/ Yoast SEO plugin. -->","yoast_head_json":{"title":"\u00a1Construyendo paz! Gobierno federal recorre el pa\u00eds llevando programas sociales | Nexo Informativo Santiago de Quer\u00e9taro","description":"\u00a1Construyendo paz! Gobierno federal recorre el pa\u00eds llevando programas sociales","robots":{"index":"index","follow":"follow","max-snippet":"max-snippet:-1","max-image-preview":"max-image-preview:large","max-video-preview":"max-video-preview:-1"},"canonical":"https:\/\/www.nexoinformativo.mx\/index.php\/2025\/01\/12\/construyendo-paz-gobierno-federal-recorre-el-pais-llevando-programas-sociales\/","og_locale":"es_MX","og_type":"article","og_title":"\u00a1Construyendo paz! Gobierno federal recorre el pa\u00eds llevando programas sociales | Nexo Informativo Santiago de Quer\u00e9taro","og_description":"\u00a1Construyendo paz! Gobierno federal recorre el pa\u00eds llevando programas sociales","og_url":"https:\/\/www.nexoinformativo.mx\/index.php\/2025\/01\/12\/construyendo-paz-gobierno-federal-recorre-el-pais-llevando-programas-sociales\/","og_site_name":"Nexo Informativo Santiago de Quer\u00e9taro","article_publisher":"https:\/\/www.facebook.com\/people\/Nexo-Informativo\/61564066885511\/","article_published_time":"2025-01-12T18:00:34+00:00","article_modified_time":"2025-01-13T02:30:03+00:00","og_image":[{"width":650,"height":380,"url":"https:\/\/www.nexoinformativo.mx\/wp-content\/uploads\/2025\/01\/IMG_9219.jpg","type":"image\/jpeg"}],"author":"Nexo Informativo","twitter_card":"summary_large_image","twitter_misc":{"Escrito por":"Nexo Informativo","Tiempo de lectura":"2 minutos"},"schema":{"@context":"https:\/\/schema.org","@graph":[{"@type":"Article","@id":"https:\/\/www.nexoinformativo.mx\/index.php\/2025\/01\/12\/construyendo-paz-gobierno-federal-recorre-el-pais-llevando-programas-sociales\/#article","isPartOf":{"@id":"https:\/\/www.nexoinformativo.mx\/index.php\/2025\/01\/12\/construyendo-paz-gobierno-federal-recorre-el-pais-llevando-programas-sociales\/"},"author":{"name":"Nexo Informativo","@id":"https:\/\/www.nexoinformativo.mx\/#\/schema\/person\/7749d380ba08c8ca00d7bc76fd907b7d"},"headline":"\u00a1Construyendo paz! Gobierno federal recorre el pa\u00eds llevando programas sociales","datePublished":"2025-01-12T18:00:34+00:00","dateModified":"2025-01-13T02:30:03+00:00","mainEntityOfPage":{"@id":"https:\/\/www.nexoinformativo.mx\/index.php\/2025\/01\/12\/construyendo-paz-gobierno-federal-recorre-el-pais-llevando-programas-sociales\/"},"wordCount":333,"commentCount":0,"publisher":{"@id":"https:\/\/www.nexoinformativo.mx\/#organization"},"image":{"@id":"https:\/\/www.nexoinformativo.mx\/index.php\/2025\/01\/12\/construyendo-paz-gobierno-federal-recorre-el-pais-llevando-programas-sociales\/#primaryimage"},"thumbnailUrl":"https:\/\/www.nexoinformativo.mx\/wp-content\/uploads\/2025\/01\/IMG_9219.jpg","keywords":["Bienestar","GobiernoDeM\u00e9xico","PazEnM\u00e9xico","Seguridad"],"articleSection":["Nacional","\u00daltima Hora"],"inLanguage":"es","potentialAction":[{"@type":"CommentAction","name":"Comment","target":["https:\/\/www.nexoinformativo.mx\/index.php\/2025\/01\/12\/construyendo-paz-gobierno-federal-recorre-el-pais-llevando-programas-sociales\/#respond"]}]},{"@type":"WebPage","@id":"https:\/\/www.nexoinformativo.mx\/index.php\/2025\/01\/12\/construyendo-paz-gobierno-federal-recorre-el-pais-llevando-programas-sociales\/","url":"https:\/\/www.nexoinformativo.mx\/index.php\/2025\/01\/12\/construyendo-paz-gobierno-federal-recorre-el-pais-llevando-programas-sociales\/","name":"\u00a1Construyendo paz! Gobierno federal recorre el pa\u00eds llevando programas sociales | Nexo Informativo Santiago de Quer\u00e9taro","isPartOf":{"@id":"https:\/\/www.nexoinformativo.mx\/#website"},"primaryImageOfPage":{"@id":"https:\/\/www.nexoinformativo.mx\/index.php\/2025\/01\/12\/construyendo-paz-gobierno-federal-recorre-el-pais-llevando-programas-sociales\/#primaryimage"},"image":{"@id":"https:\/\/www.nexoinformativo.mx\/index.php\/2025\/01\/12\/construyendo-paz-gobierno-federal-recorre-el-pais-llevando-programas-sociales\/#primaryimage"},"thumbnailUrl":"https:\/\/www.nexoinformativo.mx\/wp-content\/uploads\/2025\/01\/IMG_9219.jpg","datePublished":"2025-01-12T18:00:34+00:00","dateModified":"2025-01-13T02:30:03+00:00","description":"\u00a1Construyendo paz! Gobierno federal recorre el pa\u00eds llevando programas sociales","breadcrumb":{"@id":"https:\/\/www.nexoinformativo.mx\/index.php\/2025\/01\/12\/construyendo-paz-gobierno-federal-recorre-el-pais-llevando-programas-sociales\/#breadcrumb"},"inLanguage":"es","potentialAction":[{"@type":"ReadAction","target":["https:\/\/www.nexoinformativo.mx\/index.php\/2025\/01\/12\/construyendo-paz-gobierno-federal-recorre-el-pais-llevando-programas-sociales\/"]}]},{"@type":"ImageObject","inLanguage":"es","@id":"https:\/\/www.nexoinformativo.mx\/index.php\/2025\/01\/12\/construyendo-paz-gobierno-federal-recorre-el-pais-llevando-programas-sociales\/#primaryimage","url":"https:\/\/www.nexoinformativo.mx\/wp-content\/uploads\/2025\/01\/IMG_9219.jpg","contentUrl":"https:\/\/www.nexoinformativo.mx\/wp-content\/uploads\/2025\/01\/IMG_9219.jpg","width":650,"height":380},{"@type":"BreadcrumbList","@id":"https:\/\/www.nexoinformativo.mx\/index.php\/2025\/01\/12\/construyendo-paz-gobierno-federal-recorre-el-pais-llevando-programas-sociales\/#breadcrumb","itemListElement":[{"@type":"ListItem","position":1,"name":"Inicio","item":"https:\/\/www.nexoinformativo.mx\/"},{"@type":"ListItem","position":2,"name":"\u00a1Construyendo paz! Gobierno federal recorre el pa\u00eds llevando programas sociales"}]},{"@type":"WebSite","@id":"https:\/\/www.nexoinformativo.mx\/#website","url":"https:\/\/www.nexoinformativo.mx\/","name":"Nexo Informativo Santiago de Quer\u00e9taro","description":"Explora NexoInformativo y convi\u00e9rtete en parte de una comunidad que valora el conocimiento y la verdad. Tu nexoinformativo es tu puente hacia una comprensi\u00f3n m\u00e1s profunda del mundo que te rodea.","publisher":{"@id":"https:\/\/www.nexoinformativo.mx\/#organization"},"potentialAction":[{"@type":"SearchAction","target":{"@type":"EntryPoint","urlTemplate":"https:\/\/www.nexoinformativo.mx\/?s={search_term_string}"},"query-input":{"@type":"PropertyValueSpecification","valueRequired":true,"valueName":"search_term_string"}}],"inLanguage":"es"},{"@type":"Organization","@id":"https:\/\/www.nexoinformativo.mx\/#organization","name":"Nexo Informativo Santiago de Quer\u00e9taro","url":"https:\/\/www.nexoinformativo.mx\/","logo":{"@type":"ImageObject","inLanguage":"es","@id":"https:\/\/www.nexoinformativo.mx\/#\/schema\/logo\/image\/","url":"https:\/\/www.nexoinformativo.mx\/wp-content\/uploads\/2024\/07\/nexoi-trasparente-2.png","contentUrl":"https:\/\/www.nexoinformativo.mx\/wp-content\/uploads\/2024\/07\/nexoi-trasparente-2.png","width":816,"height":339,"caption":"Nexo Informativo Santiago de Quer\u00e9taro"},"image":{"@id":"https:\/\/www.nexoinformativo.mx\/#\/schema\/logo\/image\/"},"sameAs":["https:\/\/www.facebook.com\/people\/Nexo-Informativo\/61564066885511\/"]},{"@type":"Person","@id":"https:\/\/www.nexoinformativo.mx\/#\/schema\/person\/7749d380ba08c8ca00d7bc76fd907b7d","name":"Nexo Informativo","image":{"@type":"ImageObject","inLanguage":"es","@id":"https:\/\/www.nexoinformativo.mx\/#\/schema\/person\/image\/","url":"https:\/\/secure.gravatar.com\/avatar\/dde2928154642a13d95f87ddf1ea9718fe2b46760a005c53e41ff5ad610704e6?s=96&d=mm&r=g","contentUrl":"https:\/\/secure.gravatar.com\/avatar\/dde2928154642a13d95f87ddf1ea9718fe2b46760a005c53e41ff5ad610704e6?s=96&d=mm&r=g","caption":"Nexo Informativo"},"url":"https:\/\/www.nexoinformativo.mx\/index.php\/author\/edicion\/"}]}},"_links":{"self":[{"href":"https:\/\/www.nexoinformativo.mx\/index.php\/wp-json\/wp\/v2\/posts\/9687","targetHints":{"allow":["GET"]}}],"collection":[{"href":"https:\/\/www.nexoinformativo.mx\/index.php\/wp-json\/wp\/v2\/posts"}],"about":[{"href":"https:\/\/www.nexoinformativo.mx\/index.php\/wp-json\/wp\/v2\/types\/post"}],"author":[{"embeddable":true,"href":"https:\/\/www.nexoinformativo.mx\/index.php\/wp-json\/wp\/v2\/users\/3"}],"replies":[{"embeddable":true,"href":"https:\/\/www.nexoinformativo.mx\/index.php\/wp-json\/wp\/v2\/comments?post=9687"}],"version-history":[{"count":4,"href":"https:\/\/www.nexoinformativo.mx\/index.php\/wp-json\/wp\/v2\/posts\/9687\/revisions"}],"predecessor-version":[{"id":9692,"href":"https:\/\/www.nexoinformativo.mx\/index.php\/wp-json\/wp\/v2\/posts\/9687\/revisions\/9692"}],"wp:featuredmedia":[{"embeddable":true,"href":"https:\/\/www.nexoinformativo.mx\/index.php\/wp-json\/wp\/v2\/media\/9690"}],"wp:attachment":[{"href":"https:\/\/www.nexoinformativo.mx\/index.php\/wp-json\/wp\/v2\/media?parent=9687"}],"wp:term":[{"taxonomy":"category","embeddable":true,"href":"https:\/\/www.nexoinformativo.mx\/index.php\/wp-json\/wp\/v2\/categories?post=9687"},{"taxonomy":"post_tag","embeddable":true,"href":"https:\/\/www.nexoinformativo.mx\/index.php\/wp-json\/wp\/v2\/tags?post=9687"}],"curies":[{"name":"wp","href":"https:\/\/api.w.org\/{rel}","templated":true}]}}