{"id":9700,"date":"2025-01-12T14:00:04","date_gmt":"2025-01-12T20:00:04","guid":{"rendered":"https:\/\/www.nexoinformativo.mx\/?p=9700"},"modified":"2025-01-12T20:43:00","modified_gmt":"2025-01-13T02:43:00","slug":"mauricio-kuri-impulsa-el-deporte-en-queretaro-con-nueva-cancha-en-penamiller","status":"publish","type":"post","link":"https:\/\/www.nexoinformativo.mx\/index.php\/2025\/01\/12\/mauricio-kuri-impulsa-el-deporte-en-queretaro-con-nueva-cancha-en-penamiller\/","title":{"rendered":"Mauricio Kuri impulsa el deporte en Quer\u00e9taro con nueva cancha en Pe\u00f1amiller"},"content":{"rendered":"<p style=\"text-align: justify;\" data-sourcepos=\"11:1-11:387\">El gobernador de Quer\u00e9taro, Mauricio Kuri Gonz\u00e1lez, encabez\u00f3 la entrega de una nueva cancha de f\u00fatbol 7 en la comunidad de El Portugu\u00e9s, municipio de Pe\u00f1amiller. Esta obra, que beneficiar\u00e1 a m\u00e1s de 19 mil habitantes, forma parte de los esfuerzos del gobierno estatal por promover estilos de vida saludables y recuperar espacios p\u00fablicos para la convivencia.<\/p>\n<p>&nbsp;<\/p>\n<p style=\"text-align: justify;\" data-sourcepos=\"13:1-13:346\">La construcci\u00f3n de esta cancha, que cuenta con pasto sint\u00e9tico, arena, caucho y porter\u00edas met\u00e1licas m\u00f3viles, tuvo una inversi\u00f3n de 2.5 millones de pesos. La directora general del INDEREQ, Iridia Salazar Blanco, destac\u00f3 que esta es la segunda cancha que se entrega en la semana, como parte del programa &#8220;Contigo m\u00e1s y mejores espacios deportivos&#8221;.<\/p>\n<p>&nbsp;<\/p>\n<p style=\"text-align: justify;\" data-sourcepos=\"15:1-15:261\"><strong>&#8220;Esta obra demuestra nuestro compromiso de llevar espacios deportivos de calidad a todas las comunidades del estado&#8221;<\/strong>, afirm\u00f3 la directora del INDEREQ. &#8220;Queremos que todos los queretanos tengan la oportunidad de practicar deporte y disfrutar de espacios dignos&#8221;.<\/p>\n<p>&nbsp;<\/p>\n<p style=\"text-align: justify;\" data-sourcepos=\"17:1-17:266\">Por su parte, la presidenta municipal de Pe\u00f1amiller, Ana Karen Jim\u00e9nez, agradeci\u00f3 al gobernador Kuri por su apoyo al municipio. &#8220;Esta cancha es un regalo para nuestra comunidad, que nos permitir\u00e1 fomentar la convivencia y el deporte entre nuestros j\u00f3venes&#8221;, expres\u00f3.<\/p>\n<p>&nbsp;<\/p>\n<p style=\"text-align: center;\" data-sourcepos=\"17:1-17:266\"><em><strong>\u00a1Informaci\u00f3n que transforma!<\/strong><\/em><\/p>\n","protected":false},"excerpt":{"rendered":"<p>El gobernador de Quer\u00e9taro, Mauricio Kuri Gonz\u00e1lez, encabez\u00f3 la entrega de una nueva cancha de f\u00fatbol 7 en la comunidad de El Portugu\u00e9s, municipio de Pe\u00f1amiller.<\/p>\n","protected":false},"author":3,"featured_media":9703,"comment_status":"open","ping_status":"open","sticky":false,"template":"","format":"standard","meta":{"footnotes":""},"categories":[65,58],"tags":[405,2834,661,3066],"class_list":["post-9700","post","type-post","status-publish","format-standard","has-post-thumbnail","hentry","category-municipios","category-ultima-hora","tag-deporteenqueretaro","tag-espaciosdeportivos","tag-mauriciokuri","tag-penamiller"],"yoast_head":"<!-- This site is optimized with the Yoast SEO plugin v25.0 - https:\/\/yoast.com\/wordpress\/plugins\/seo\/ -->\n<title>Mauricio Kuri impulsa el deporte en Quer\u00e9taro con nueva cancha en Pe\u00f1amiller | Nexo Informativo Santiago de Quer\u00e9taro<\/title>\n<meta name=\"description\" content=\"Mauricio Kuri impulsa el deporte en Quer\u00e9taro con nueva cancha en Pe\u00f1amiller\" \/>\n<meta name=\"robots\" content=\"index, follow, max-snippet:-1, max-image-preview:large, max-video-preview:-1\" \/>\n<link rel=\"canonical\" href=\"https:\/\/www.nexoinformativo.mx\/index.php\/2025\/01\/12\/mauricio-kuri-impulsa-el-deporte-en-queretaro-con-nueva-cancha-en-penamiller\/\" \/>\n<meta property=\"og:locale\" content=\"es_MX\" \/>\n<meta property=\"og:type\" content=\"article\" \/>\n<meta property=\"og:title\" content=\"Mauricio Kuri impulsa el deporte en Quer\u00e9taro con nueva cancha en Pe\u00f1amiller | Nexo Informativo Santiago de Quer\u00e9taro\" \/>\n<meta property=\"og:description\" content=\"Mauricio Kuri impulsa el deporte en Quer\u00e9taro con nueva cancha en Pe\u00f1amiller\" \/>\n<meta property=\"og:url\" content=\"https:\/\/www.nexoinformativo.mx\/index.php\/2025\/01\/12\/mauricio-kuri-impulsa-el-deporte-en-queretaro-con-nueva-cancha-en-penamiller\/\" \/>\n<meta property=\"og:site_name\" content=\"Nexo Informativo Santiago de Quer\u00e9taro\" \/>\n<meta property=\"article:publisher\" content=\"https:\/\/www.facebook.com\/people\/Nexo-Informativo\/61564066885511\/\" \/>\n<meta property=\"article:published_time\" content=\"2025-01-12T20:00:04+00:00\" \/>\n<meta property=\"article:modified_time\" content=\"2025-01-13T02:43:00+00:00\" \/>\n<meta property=\"og:image\" content=\"https:\/\/www.nexoinformativo.mx\/wp-content\/uploads\/2025\/01\/PHOTO-2025-01-12-17-33-49-e1736736140713.jpg\" \/>\n\t<meta property=\"og:image:width\" content=\"800\" \/>\n\t<meta property=\"og:image:height\" content=\"533\" \/>\n\t<meta property=\"og:image:type\" content=\"image\/jpeg\" \/>\n<meta name=\"author\" content=\"Nexo Informativo\" \/>\n<meta name=\"twitter:card\" content=\"summary_large_image\" \/>\n<meta name=\"twitter:label1\" content=\"Escrito por\" \/>\n\t<meta name=\"twitter:data1\" content=\"Nexo Informativo\" \/>\n\t<meta name=\"twitter:label2\" content=\"Tiempo de lectura\" \/>\n\t<meta name=\"twitter:data2\" content=\"2 minutos\" \/>\n<script type=\"application\/ld+json\" class=\"yoast-schema-graph\">{\"@context\":\"https:\/\/schema.org\",\"@graph\":[{\"@type\":\"Article\",\"@id\":\"https:\/\/www.nexoinformativo.mx\/index.php\/2025\/01\/12\/mauricio-kuri-impulsa-el-deporte-en-queretaro-con-nueva-cancha-en-penamiller\/#article\",\"isPartOf\":{\"@id\":\"https:\/\/www.nexoinformativo.mx\/index.php\/2025\/01\/12\/mauricio-kuri-impulsa-el-deporte-en-queretaro-con-nueva-cancha-en-penamiller\/\"},\"author\":{\"name\":\"Nexo Informativo\",\"@id\":\"https:\/\/www.nexoinformativo.mx\/#\/schema\/person\/7749d380ba08c8ca00d7bc76fd907b7d\"},\"headline\":\"Mauricio Kuri impulsa el deporte en Quer\u00e9taro con nueva cancha en Pe\u00f1amiller\",\"datePublished\":\"2025-01-12T20:00:04+00:00\",\"dateModified\":\"2025-01-13T02:43:00+00:00\",\"mainEntityOfPage\":{\"@id\":\"https:\/\/www.nexoinformativo.mx\/index.php\/2025\/01\/12\/mauricio-kuri-impulsa-el-deporte-en-queretaro-con-nueva-cancha-en-penamiller\/\"},\"wordCount\":227,\"commentCount\":0,\"publisher\":{\"@id\":\"https:\/\/www.nexoinformativo.mx\/#organization\"},\"image\":{\"@id\":\"https:\/\/www.nexoinformativo.mx\/index.php\/2025\/01\/12\/mauricio-kuri-impulsa-el-deporte-en-queretaro-con-nueva-cancha-en-penamiller\/#primaryimage\"},\"thumbnailUrl\":\"https:\/\/www.nexoinformativo.mx\/wp-content\/uploads\/2025\/01\/PHOTO-2025-01-12-17-33-49-e1736736140713.jpg\",\"keywords\":[\"DeporteEnQuer\u00e9taro\",\"EspaciosDeportivos\",\"MauricioKuri\",\"Pe\u00f1amiller\"],\"articleSection\":[\"Municipios\",\"\u00daltima Hora\"],\"inLanguage\":\"es\",\"potentialAction\":[{\"@type\":\"CommentAction\",\"name\":\"Comment\",\"target\":[\"https:\/\/www.nexoinformativo.mx\/index.php\/2025\/01\/12\/mauricio-kuri-impulsa-el-deporte-en-queretaro-con-nueva-cancha-en-penamiller\/#respond\"]}]},{\"@type\":\"WebPage\",\"@id\":\"https:\/\/www.nexoinformativo.mx\/index.php\/2025\/01\/12\/mauricio-kuri-impulsa-el-deporte-en-queretaro-con-nueva-cancha-en-penamiller\/\",\"url\":\"https:\/\/www.nexoinformativo.mx\/index.php\/2025\/01\/12\/mauricio-kuri-impulsa-el-deporte-en-queretaro-con-nueva-cancha-en-penamiller\/\",\"name\":\"Mauricio Kuri impulsa el deporte en Quer\u00e9taro con nueva cancha en Pe\u00f1amiller | Nexo Informativo Santiago de Quer\u00e9taro\",\"isPartOf\":{\"@id\":\"https:\/\/www.nexoinformativo.mx\/#website\"},\"primaryImageOfPage\":{\"@id\":\"https:\/\/www.nexoinformativo.mx\/index.php\/2025\/01\/12\/mauricio-kuri-impulsa-el-deporte-en-queretaro-con-nueva-cancha-en-penamiller\/#primaryimage\"},\"image\":{\"@id\":\"https:\/\/www.nexoinformativo.mx\/index.php\/2025\/01\/12\/mauricio-kuri-impulsa-el-deporte-en-queretaro-con-nueva-cancha-en-penamiller\/#primaryimage\"},\"thumbnailUrl\":\"https:\/\/www.nexoinformativo.mx\/wp-content\/uploads\/2025\/01\/PHOTO-2025-01-12-17-33-49-e1736736140713.jpg\",\"datePublished\":\"2025-01-12T20:00:04+00:00\",\"dateModified\":\"2025-01-13T02:43:00+00:00\",\"description\":\"Mauricio Kuri impulsa el deporte en Quer\u00e9taro con nueva cancha en Pe\u00f1amiller\",\"breadcrumb\":{\"@id\":\"https:\/\/www.nexoinformativo.mx\/index.php\/2025\/01\/12\/mauricio-kuri-impulsa-el-deporte-en-queretaro-con-nueva-cancha-en-penamiller\/#breadcrumb\"},\"inLanguage\":\"es\",\"potentialAction\":[{\"@type\":\"ReadAction\",\"target\":[\"https:\/\/www.nexoinformativo.mx\/index.php\/2025\/01\/12\/mauricio-kuri-impulsa-el-deporte-en-queretaro-con-nueva-cancha-en-penamiller\/\"]}]},{\"@type\":\"ImageObject\",\"inLanguage\":\"es\",\"@id\":\"https:\/\/www.nexoinformativo.mx\/index.php\/2025\/01\/12\/mauricio-kuri-impulsa-el-deporte-en-queretaro-con-nueva-cancha-en-penamiller\/#primaryimage\",\"url\":\"https:\/\/www.nexoinformativo.mx\/wp-content\/uploads\/2025\/01\/PHOTO-2025-01-12-17-33-49-e1736736140713.jpg\",\"contentUrl\":\"https:\/\/www.nexoinformativo.mx\/wp-content\/uploads\/2025\/01\/PHOTO-2025-01-12-17-33-49-e1736736140713.jpg\",\"width\":800,\"height\":533},{\"@type\":\"BreadcrumbList\",\"@id\":\"https:\/\/www.nexoinformativo.mx\/index.php\/2025\/01\/12\/mauricio-kuri-impulsa-el-deporte-en-queretaro-con-nueva-cancha-en-penamiller\/#breadcrumb\",\"itemListElement\":[{\"@type\":\"ListItem\",\"position\":1,\"name\":\"Inicio\",\"item\":\"https:\/\/www.nexoinformativo.mx\/\"},{\"@type\":\"ListItem\",\"position\":2,\"name\":\"Mauricio Kuri impulsa el deporte en Quer\u00e9taro con nueva cancha en Pe\u00f1amiller\"}]},{\"@type\":\"WebSite\",\"@id\":\"https:\/\/www.nexoinformativo.mx\/#website\",\"url\":\"https:\/\/www.nexoinformativo.mx\/\",\"name\":\"Nexo Informativo Santiago de Quer\u00e9taro\",\"description\":\"Explora NexoInformativo y convi\u00e9rtete en parte de una comunidad que valora el conocimiento y la verdad. Tu nexoinformativo es tu puente hacia una comprensi\u00f3n m\u00e1s profunda del mundo que te rodea.\",\"publisher\":{\"@id\":\"https:\/\/www.nexoinformativo.mx\/#organization\"},\"potentialAction\":[{\"@type\":\"SearchAction\",\"target\":{\"@type\":\"EntryPoint\",\"urlTemplate\":\"https:\/\/www.nexoinformativo.mx\/?s={search_term_string}\"},\"query-input\":{\"@type\":\"PropertyValueSpecification\",\"valueRequired\":true,\"valueName\":\"search_term_string\"}}],\"inLanguage\":\"es\"},{\"@type\":\"Organization\",\"@id\":\"https:\/\/www.nexoinformativo.mx\/#organization\",\"name\":\"Nexo Informativo Santiago de Quer\u00e9taro\",\"url\":\"https:\/\/www.nexoinformativo.mx\/\",\"logo\":{\"@type\":\"ImageObject\",\"inLanguage\":\"es\",\"@id\":\"https:\/\/www.nexoinformativo.mx\/#\/schema\/logo\/image\/\",\"url\":\"https:\/\/www.nexoinformativo.mx\/wp-content\/uploads\/2024\/07\/nexoi-trasparente-2.png\",\"contentUrl\":\"https:\/\/www.nexoinformativo.mx\/wp-content\/uploads\/2024\/07\/nexoi-trasparente-2.png\",\"width\":816,\"height\":339,\"caption\":\"Nexo Informativo Santiago de Quer\u00e9taro\"},\"image\":{\"@id\":\"https:\/\/www.nexoinformativo.mx\/#\/schema\/logo\/image\/\"},\"sameAs\":[\"https:\/\/www.facebook.com\/people\/Nexo-Informativo\/61564066885511\/\"]},{\"@type\":\"Person\",\"@id\":\"https:\/\/www.nexoinformativo.mx\/#\/schema\/person\/7749d380ba08c8ca00d7bc76fd907b7d\",\"name\":\"Nexo Informativo\",\"image\":{\"@type\":\"ImageObject\",\"inLanguage\":\"es\",\"@id\":\"https:\/\/www.nexoinformativo.mx\/#\/schema\/person\/image\/\",\"url\":\"https:\/\/secure.gravatar.com\/avatar\/dde2928154642a13d95f87ddf1ea9718fe2b46760a005c53e41ff5ad610704e6?s=96&d=mm&r=g\",\"contentUrl\":\"https:\/\/secure.gravatar.com\/avatar\/dde2928154642a13d95f87ddf1ea9718fe2b46760a005c53e41ff5ad610704e6?s=96&d=mm&r=g\",\"caption\":\"Nexo Informativo\"},\"url\":\"https:\/\/www.nexoinformativo.mx\/index.php\/author\/edicion\/\"}]}<\/script>\n<!-- \/ Yoast SEO plugin. -->","yoast_head_json":{"title":"Mauricio Kuri impulsa el deporte en Quer\u00e9taro con nueva cancha en Pe\u00f1amiller | Nexo Informativo Santiago de Quer\u00e9taro","description":"Mauricio Kuri impulsa el deporte en Quer\u00e9taro con nueva cancha en Pe\u00f1amiller","robots":{"index":"index","follow":"follow","max-snippet":"max-snippet:-1","max-image-preview":"max-image-preview:large","max-video-preview":"max-video-preview:-1"},"canonical":"https:\/\/www.nexoinformativo.mx\/index.php\/2025\/01\/12\/mauricio-kuri-impulsa-el-deporte-en-queretaro-con-nueva-cancha-en-penamiller\/","og_locale":"es_MX","og_type":"article","og_title":"Mauricio Kuri impulsa el deporte en Quer\u00e9taro con nueva cancha en Pe\u00f1amiller | Nexo Informativo Santiago de Quer\u00e9taro","og_description":"Mauricio Kuri impulsa el deporte en Quer\u00e9taro con nueva cancha en Pe\u00f1amiller","og_url":"https:\/\/www.nexoinformativo.mx\/index.php\/2025\/01\/12\/mauricio-kuri-impulsa-el-deporte-en-queretaro-con-nueva-cancha-en-penamiller\/","og_site_name":"Nexo Informativo Santiago de Quer\u00e9taro","article_publisher":"https:\/\/www.facebook.com\/people\/Nexo-Informativo\/61564066885511\/","article_published_time":"2025-01-12T20:00:04+00:00","article_modified_time":"2025-01-13T02:43:00+00:00","og_image":[{"width":800,"height":533,"url":"https:\/\/www.nexoinformativo.mx\/wp-content\/uploads\/2025\/01\/PHOTO-2025-01-12-17-33-49-e1736736140713.jpg","type":"image\/jpeg"}],"author":"Nexo Informativo","twitter_card":"summary_large_image","twitter_misc":{"Escrito por":"Nexo Informativo","Tiempo de lectura":"2 minutos"},"schema":{"@context":"https:\/\/schema.org","@graph":[{"@type":"Article","@id":"https:\/\/www.nexoinformativo.mx\/index.php\/2025\/01\/12\/mauricio-kuri-impulsa-el-deporte-en-queretaro-con-nueva-cancha-en-penamiller\/#article","isPartOf":{"@id":"https:\/\/www.nexoinformativo.mx\/index.php\/2025\/01\/12\/mauricio-kuri-impulsa-el-deporte-en-queretaro-con-nueva-cancha-en-penamiller\/"},"author":{"name":"Nexo Informativo","@id":"https:\/\/www.nexoinformativo.mx\/#\/schema\/person\/7749d380ba08c8ca00d7bc76fd907b7d"},"headline":"Mauricio Kuri impulsa el deporte en Quer\u00e9taro con nueva cancha en Pe\u00f1amiller","datePublished":"2025-01-12T20:00:04+00:00","dateModified":"2025-01-13T02:43:00+00:00","mainEntityOfPage":{"@id":"https:\/\/www.nexoinformativo.mx\/index.php\/2025\/01\/12\/mauricio-kuri-impulsa-el-deporte-en-queretaro-con-nueva-cancha-en-penamiller\/"},"wordCount":227,"commentCount":0,"publisher":{"@id":"https:\/\/www.nexoinformativo.mx\/#organization"},"image":{"@id":"https:\/\/www.nexoinformativo.mx\/index.php\/2025\/01\/12\/mauricio-kuri-impulsa-el-deporte-en-queretaro-con-nueva-cancha-en-penamiller\/#primaryimage"},"thumbnailUrl":"https:\/\/www.nexoinformativo.mx\/wp-content\/uploads\/2025\/01\/PHOTO-2025-01-12-17-33-49-e1736736140713.jpg","keywords":["DeporteEnQuer\u00e9taro","EspaciosDeportivos","MauricioKuri","Pe\u00f1amiller"],"articleSection":["Municipios","\u00daltima Hora"],"inLanguage":"es","potentialAction":[{"@type":"CommentAction","name":"Comment","target":["https:\/\/www.nexoinformativo.mx\/index.php\/2025\/01\/12\/mauricio-kuri-impulsa-el-deporte-en-queretaro-con-nueva-cancha-en-penamiller\/#respond"]}]},{"@type":"WebPage","@id":"https:\/\/www.nexoinformativo.mx\/index.php\/2025\/01\/12\/mauricio-kuri-impulsa-el-deporte-en-queretaro-con-nueva-cancha-en-penamiller\/","url":"https:\/\/www.nexoinformativo.mx\/index.php\/2025\/01\/12\/mauricio-kuri-impulsa-el-deporte-en-queretaro-con-nueva-cancha-en-penamiller\/","name":"Mauricio Kuri impulsa el deporte en Quer\u00e9taro con nueva cancha en Pe\u00f1amiller | Nexo Informativo Santiago de Quer\u00e9taro","isPartOf":{"@id":"https:\/\/www.nexoinformativo.mx\/#website"},"primaryImageOfPage":{"@id":"https:\/\/www.nexoinformativo.mx\/index.php\/2025\/01\/12\/mauricio-kuri-impulsa-el-deporte-en-queretaro-con-nueva-cancha-en-penamiller\/#primaryimage"},"image":{"@id":"https:\/\/www.nexoinformativo.mx\/index.php\/2025\/01\/12\/mauricio-kuri-impulsa-el-deporte-en-queretaro-con-nueva-cancha-en-penamiller\/#primaryimage"},"thumbnailUrl":"https:\/\/www.nexoinformativo.mx\/wp-content\/uploads\/2025\/01\/PHOTO-2025-01-12-17-33-49-e1736736140713.jpg","datePublished":"2025-01-12T20:00:04+00:00","dateModified":"2025-01-13T02:43:00+00:00","description":"Mauricio Kuri impulsa el deporte en Quer\u00e9taro con nueva cancha en Pe\u00f1amiller","breadcrumb":{"@id":"https:\/\/www.nexoinformativo.mx\/index.php\/2025\/01\/12\/mauricio-kuri-impulsa-el-deporte-en-queretaro-con-nueva-cancha-en-penamiller\/#breadcrumb"},"inLanguage":"es","potentialAction":[{"@type":"ReadAction","target":["https:\/\/www.nexoinformativo.mx\/index.php\/2025\/01\/12\/mauricio-kuri-impulsa-el-deporte-en-queretaro-con-nueva-cancha-en-penamiller\/"]}]},{"@type":"ImageObject","inLanguage":"es","@id":"https:\/\/www.nexoinformativo.mx\/index.php\/2025\/01\/12\/mauricio-kuri-impulsa-el-deporte-en-queretaro-con-nueva-cancha-en-penamiller\/#primaryimage","url":"https:\/\/www.nexoinformativo.mx\/wp-content\/uploads\/2025\/01\/PHOTO-2025-01-12-17-33-49-e1736736140713.jpg","contentUrl":"https:\/\/www.nexoinformativo.mx\/wp-content\/uploads\/2025\/01\/PHOTO-2025-01-12-17-33-49-e1736736140713.jpg","width":800,"height":533},{"@type":"BreadcrumbList","@id":"https:\/\/www.nexoinformativo.mx\/index.php\/2025\/01\/12\/mauricio-kuri-impulsa-el-deporte-en-queretaro-con-nueva-cancha-en-penamiller\/#breadcrumb","itemListElement":[{"@type":"ListItem","position":1,"name":"Inicio","item":"https:\/\/www.nexoinformativo.mx\/"},{"@type":"ListItem","position":2,"name":"Mauricio Kuri impulsa el deporte en Quer\u00e9taro con nueva cancha en Pe\u00f1amiller"}]},{"@type":"WebSite","@id":"https:\/\/www.nexoinformativo.mx\/#website","url":"https:\/\/www.nexoinformativo.mx\/","name":"Nexo Informativo Santiago de Quer\u00e9taro","description":"Explora NexoInformativo y convi\u00e9rtete en parte de una comunidad que valora el conocimiento y la verdad. Tu nexoinformativo es tu puente hacia una comprensi\u00f3n m\u00e1s profunda del mundo que te rodea.","publisher":{"@id":"https:\/\/www.nexoinformativo.mx\/#organization"},"potentialAction":[{"@type":"SearchAction","target":{"@type":"EntryPoint","urlTemplate":"https:\/\/www.nexoinformativo.mx\/?s={search_term_string}"},"query-input":{"@type":"PropertyValueSpecification","valueRequired":true,"valueName":"search_term_string"}}],"inLanguage":"es"},{"@type":"Organization","@id":"https:\/\/www.nexoinformativo.mx\/#organization","name":"Nexo Informativo Santiago de Quer\u00e9taro","url":"https:\/\/www.nexoinformativo.mx\/","logo":{"@type":"ImageObject","inLanguage":"es","@id":"https:\/\/www.nexoinformativo.mx\/#\/schema\/logo\/image\/","url":"https:\/\/www.nexoinformativo.mx\/wp-content\/uploads\/2024\/07\/nexoi-trasparente-2.png","contentUrl":"https:\/\/www.nexoinformativo.mx\/wp-content\/uploads\/2024\/07\/nexoi-trasparente-2.png","width":816,"height":339,"caption":"Nexo Informativo Santiago de Quer\u00e9taro"},"image":{"@id":"https:\/\/www.nexoinformativo.mx\/#\/schema\/logo\/image\/"},"sameAs":["https:\/\/www.facebook.com\/people\/Nexo-Informativo\/61564066885511\/"]},{"@type":"Person","@id":"https:\/\/www.nexoinformativo.mx\/#\/schema\/person\/7749d380ba08c8ca00d7bc76fd907b7d","name":"Nexo Informativo","image":{"@type":"ImageObject","inLanguage":"es","@id":"https:\/\/www.nexoinformativo.mx\/#\/schema\/person\/image\/","url":"https:\/\/secure.gravatar.com\/avatar\/dde2928154642a13d95f87ddf1ea9718fe2b46760a005c53e41ff5ad610704e6?s=96&d=mm&r=g","contentUrl":"https:\/\/secure.gravatar.com\/avatar\/dde2928154642a13d95f87ddf1ea9718fe2b46760a005c53e41ff5ad610704e6?s=96&d=mm&r=g","caption":"Nexo Informativo"},"url":"https:\/\/www.nexoinformativo.mx\/index.php\/author\/edicion\/"}]}},"_links":{"self":[{"href":"https:\/\/www.nexoinformativo.mx\/index.php\/wp-json\/wp\/v2\/posts\/9700","targetHints":{"allow":["GET"]}}],"collection":[{"href":"https:\/\/www.nexoinformativo.mx\/index.php\/wp-json\/wp\/v2\/posts"}],"about":[{"href":"https:\/\/www.nexoinformativo.mx\/index.php\/wp-json\/wp\/v2\/types\/post"}],"author":[{"embeddable":true,"href":"https:\/\/www.nexoinformativo.mx\/index.php\/wp-json\/wp\/v2\/users\/3"}],"replies":[{"embeddable":true,"href":"https:\/\/www.nexoinformativo.mx\/index.php\/wp-json\/wp\/v2\/comments?post=9700"}],"version-history":[{"count":4,"href":"https:\/\/www.nexoinformativo.mx\/index.php\/wp-json\/wp\/v2\/posts\/9700\/revisions"}],"predecessor-version":[{"id":9705,"href":"https:\/\/www.nexoinformativo.mx\/index.php\/wp-json\/wp\/v2\/posts\/9700\/revisions\/9705"}],"wp:featuredmedia":[{"embeddable":true,"href":"https:\/\/www.nexoinformativo.mx\/index.php\/wp-json\/wp\/v2\/media\/9703"}],"wp:attachment":[{"href":"https:\/\/www.nexoinformativo.mx\/index.php\/wp-json\/wp\/v2\/media?parent=9700"}],"wp:term":[{"taxonomy":"category","embeddable":true,"href":"https:\/\/www.nexoinformativo.mx\/index.php\/wp-json\/wp\/v2\/categories?post=9700"},{"taxonomy":"post_tag","embeddable":true,"href":"https:\/\/www.nexoinformativo.mx\/index.php\/wp-json\/wp\/v2\/tags?post=9700"}],"curies":[{"name":"wp","href":"https:\/\/api.w.org\/{rel}","templated":true}]}}