{"id":9712,"date":"2025-01-13T07:00:16","date_gmt":"2025-01-13T13:00:16","guid":{"rendered":"https:\/\/www.nexoinformativo.mx\/?p=9712"},"modified":"2025-01-13T09:47:12","modified_gmt":"2025-01-13T15:47:12","slug":"marcelo-ebrard-destaca-importancia-del-plan-nacional-de-desarrollo-mexico-se-prepara-para-el-futuro","status":"publish","type":"post","link":"https:\/\/www.nexoinformativo.mx\/index.php\/2025\/01\/13\/marcelo-ebrard-destaca-importancia-del-plan-nacional-de-desarrollo-mexico-se-prepara-para-el-futuro\/","title":{"rendered":"Marcelo Ebrard destaca importancia del Plan Nacional de Desarrollo M\u00e9xico se prepara para el futuro"},"content":{"rendered":"<p style=\"text-align: justify;\" data-sourcepos=\"11:1-11:277\">El secretario de Econom\u00eda, Marcelo Ebrard, asegur\u00f3 que el <strong>Plan Nacional de Desarrollo (PND) 2025-2030<\/strong> ser\u00e1 fundamental para que M\u00e9xico pueda navegar con \u00e9xito en el complejo panorama global que se vislumbra en los pr\u00f3ximos a\u00f1os.<\/p>\n<p>&nbsp;<\/p>\n<p style=\"text-align: justify;\" data-sourcepos=\"13:1-13:274\">Durante el Foro Econom\u00eda Moral y Trabajo Igualdad Sustantiva y Derechos de las Mujeres, celebrado en Aguascalientes, Ebrard destac\u00f3 la importancia de contar con una hoja de ruta clara y estrat\u00e9gica para enfrentar los desaf\u00edos y aprovechar las oportunidades que se presenten.<\/p>\n<p>&nbsp;<\/p>\n<p style=\"text-align: justify;\" data-sourcepos=\"15:1-15:102\"><strong>&#8220;El PND ser\u00e1 nuestra carta de navegaci\u00f3n que vamos a seguir estos pr\u00f3ximos a\u00f1os&#8221;<\/strong>, afirm\u00f3 Ebrard.<\/p>\n<p>&nbsp;<\/p>\n<p style=\"text-align: justify;\" data-sourcepos=\"17:1-17:345\">El funcionario federal hizo hincapi\u00e9 en los cambios pol\u00edticos y econ\u00f3micos que se est\u00e1n gestando a nivel mundial, como el cambio de gobierno en Estados Unidos y la renegociaci\u00f3n del Tratado de Libre Comercio de Am\u00e9rica del Norte (T-MEC). Ante este escenario, Ebrard asegur\u00f3 que M\u00e9xico est\u00e1 preparado para enfrentar los retos y salir fortalecido.<\/p>\n<p>&nbsp;<\/p>\n<p style=\"text-align: justify;\" data-sourcepos=\"19:1-19:342\"><strong>&#8220;Vamos a estar en un nuevo escenario, en un escenario distinto a nivel global, a nivel mundial&#8221;<\/strong>, explic\u00f3. &#8220;Queremos lograr una serie de objetivos en nuestro pa\u00eds, pero tambi\u00e9n tomar en cuenta lo que est\u00e1 ocurriendo fuera para actuar con oportunidad, con inteligencia y sortear las circunstancias que se lleguen a presentar los pr\u00f3ximos a\u00f1os&#8221;.<\/p>\n<p>&nbsp;<\/p>\n<p style=\"text-align: justify;\" data-sourcepos=\"21:1-21:303\">Durante el foro, expertos y l\u00edderes de diversos sectores participaron en mesas de trabajo para enriquecer el PND y definir las l\u00edneas de acci\u00f3n para los pr\u00f3ximos a\u00f1os. Temas como la econom\u00eda local, la inclusi\u00f3n, el fortalecimiento de las PyMEs y el desarrollo sostenible fueron abordados en profundidad.<\/p>\n<p>&nbsp;<\/p>\n<p style=\"text-align: center;\" data-sourcepos=\"21:1-21:303\"><strong><em>\u00a1Informaci\u00f3n que transforma<\/em>!<\/strong><\/p>\n<p style=\"text-align: justify;\" data-sourcepos=\"23:1-23:149\">\n","protected":false},"excerpt":{"rendered":"<p>El secretario de Econom\u00eda, Marcelo Ebrard, asegur\u00f3 que el Plan Nacional de Desarrollo (PND) 2025-2030 ser\u00e1 fundamental para que M\u00e9xico pueda navegar con \u00e9xito en el complejo panorama global que se vislumbra en los pr\u00f3ximos a\u00f1os.<\/p>\n","protected":false},"author":3,"featured_media":9713,"comment_status":"open","ping_status":"open","sticky":false,"template":"","format":"standard","meta":{"footnotes":""},"categories":[5,88,58],"tags":[141,3070,1929,3069],"class_list":["post-9712","post","type-post","status-publish","format-standard","has-post-thumbnail","hentry","category-economia","category-nacional","category-ultima-hora","tag-economia","tag-futurodemexico","tag-marceloebrard","tag-pndmexico"],"yoast_head":"<!-- This site is optimized with the Yoast SEO plugin v25.0 - https:\/\/yoast.com\/wordpress\/plugins\/seo\/ -->\n<title>Marcelo Ebrard destaca importancia del Plan Nacional de Desarrollo M\u00e9xico se prepara para el futuro | Nexo Informativo Santiago de Quer\u00e9taro<\/title>\n<meta name=\"description\" content=\"Marcelo Ebrard destaca importancia del Plan Nacional de Desarrollo M\u00e9xico se prepara para el futuro\" \/>\n<meta name=\"robots\" content=\"index, follow, max-snippet:-1, max-image-preview:large, max-video-preview:-1\" \/>\n<link rel=\"canonical\" href=\"https:\/\/www.nexoinformativo.mx\/index.php\/2025\/01\/13\/marcelo-ebrard-destaca-importancia-del-plan-nacional-de-desarrollo-mexico-se-prepara-para-el-futuro\/\" \/>\n<meta property=\"og:locale\" content=\"es_MX\" \/>\n<meta property=\"og:type\" content=\"article\" \/>\n<meta property=\"og:title\" content=\"Marcelo Ebrard destaca importancia del Plan Nacional de Desarrollo M\u00e9xico se prepara para el futuro | Nexo Informativo Santiago de Quer\u00e9taro\" \/>\n<meta property=\"og:description\" content=\"Marcelo Ebrard destaca importancia del Plan Nacional de Desarrollo M\u00e9xico se prepara para el futuro\" \/>\n<meta property=\"og:url\" content=\"https:\/\/www.nexoinformativo.mx\/index.php\/2025\/01\/13\/marcelo-ebrard-destaca-importancia-del-plan-nacional-de-desarrollo-mexico-se-prepara-para-el-futuro\/\" \/>\n<meta property=\"og:site_name\" content=\"Nexo Informativo Santiago de Quer\u00e9taro\" \/>\n<meta property=\"article:publisher\" content=\"https:\/\/www.facebook.com\/people\/Nexo-Informativo\/61564066885511\/\" \/>\n<meta property=\"article:published_time\" content=\"2025-01-13T13:00:16+00:00\" \/>\n<meta property=\"article:modified_time\" content=\"2025-01-13T15:47:12+00:00\" \/>\n<meta property=\"og:image\" content=\"https:\/\/www.nexoinformativo.mx\/wp-content\/uploads\/2025\/01\/IMG_9221.jpg\" \/>\n\t<meta property=\"og:image:width\" content=\"650\" \/>\n\t<meta property=\"og:image:height\" content=\"380\" \/>\n\t<meta property=\"og:image:type\" content=\"image\/jpeg\" \/>\n<meta name=\"author\" content=\"Nexo Informativo\" \/>\n<meta name=\"twitter:card\" content=\"summary_large_image\" \/>\n<meta name=\"twitter:label1\" content=\"Escrito por\" \/>\n\t<meta name=\"twitter:data1\" content=\"Nexo Informativo\" \/>\n\t<meta name=\"twitter:label2\" content=\"Tiempo de lectura\" \/>\n\t<meta name=\"twitter:data2\" content=\"2 minutos\" \/>\n<script type=\"application\/ld+json\" class=\"yoast-schema-graph\">{\"@context\":\"https:\/\/schema.org\",\"@graph\":[{\"@type\":\"Article\",\"@id\":\"https:\/\/www.nexoinformativo.mx\/index.php\/2025\/01\/13\/marcelo-ebrard-destaca-importancia-del-plan-nacional-de-desarrollo-mexico-se-prepara-para-el-futuro\/#article\",\"isPartOf\":{\"@id\":\"https:\/\/www.nexoinformativo.mx\/index.php\/2025\/01\/13\/marcelo-ebrard-destaca-importancia-del-plan-nacional-de-desarrollo-mexico-se-prepara-para-el-futuro\/\"},\"author\":{\"name\":\"Nexo Informativo\",\"@id\":\"https:\/\/www.nexoinformativo.mx\/#\/schema\/person\/7749d380ba08c8ca00d7bc76fd907b7d\"},\"headline\":\"Marcelo Ebrard destaca importancia del Plan Nacional de Desarrollo M\u00e9xico se prepara para el futuro\",\"datePublished\":\"2025-01-13T13:00:16+00:00\",\"dateModified\":\"2025-01-13T15:47:12+00:00\",\"mainEntityOfPage\":{\"@id\":\"https:\/\/www.nexoinformativo.mx\/index.php\/2025\/01\/13\/marcelo-ebrard-destaca-importancia-del-plan-nacional-de-desarrollo-mexico-se-prepara-para-el-futuro\/\"},\"wordCount\":305,\"commentCount\":0,\"publisher\":{\"@id\":\"https:\/\/www.nexoinformativo.mx\/#organization\"},\"image\":{\"@id\":\"https:\/\/www.nexoinformativo.mx\/index.php\/2025\/01\/13\/marcelo-ebrard-destaca-importancia-del-plan-nacional-de-desarrollo-mexico-se-prepara-para-el-futuro\/#primaryimage\"},\"thumbnailUrl\":\"https:\/\/www.nexoinformativo.mx\/wp-content\/uploads\/2025\/01\/IMG_9221.jpg\",\"keywords\":[\"Economia\",\"FuturoDeM\u00e9xico\",\"MarceloEbrard\",\"PNDM\u00e9xico\"],\"articleSection\":[\"Econom\u00eda\",\"Nacional\",\"\u00daltima Hora\"],\"inLanguage\":\"es\",\"potentialAction\":[{\"@type\":\"CommentAction\",\"name\":\"Comment\",\"target\":[\"https:\/\/www.nexoinformativo.mx\/index.php\/2025\/01\/13\/marcelo-ebrard-destaca-importancia-del-plan-nacional-de-desarrollo-mexico-se-prepara-para-el-futuro\/#respond\"]}]},{\"@type\":\"WebPage\",\"@id\":\"https:\/\/www.nexoinformativo.mx\/index.php\/2025\/01\/13\/marcelo-ebrard-destaca-importancia-del-plan-nacional-de-desarrollo-mexico-se-prepara-para-el-futuro\/\",\"url\":\"https:\/\/www.nexoinformativo.mx\/index.php\/2025\/01\/13\/marcelo-ebrard-destaca-importancia-del-plan-nacional-de-desarrollo-mexico-se-prepara-para-el-futuro\/\",\"name\":\"Marcelo Ebrard destaca importancia del Plan Nacional de Desarrollo M\u00e9xico se prepara para el futuro | Nexo Informativo Santiago de Quer\u00e9taro\",\"isPartOf\":{\"@id\":\"https:\/\/www.nexoinformativo.mx\/#website\"},\"primaryImageOfPage\":{\"@id\":\"https:\/\/www.nexoinformativo.mx\/index.php\/2025\/01\/13\/marcelo-ebrard-destaca-importancia-del-plan-nacional-de-desarrollo-mexico-se-prepara-para-el-futuro\/#primaryimage\"},\"image\":{\"@id\":\"https:\/\/www.nexoinformativo.mx\/index.php\/2025\/01\/13\/marcelo-ebrard-destaca-importancia-del-plan-nacional-de-desarrollo-mexico-se-prepara-para-el-futuro\/#primaryimage\"},\"thumbnailUrl\":\"https:\/\/www.nexoinformativo.mx\/wp-content\/uploads\/2025\/01\/IMG_9221.jpg\",\"datePublished\":\"2025-01-13T13:00:16+00:00\",\"dateModified\":\"2025-01-13T15:47:12+00:00\",\"description\":\"Marcelo Ebrard destaca importancia del Plan Nacional de Desarrollo M\u00e9xico se prepara para el futuro\",\"breadcrumb\":{\"@id\":\"https:\/\/www.nexoinformativo.mx\/index.php\/2025\/01\/13\/marcelo-ebrard-destaca-importancia-del-plan-nacional-de-desarrollo-mexico-se-prepara-para-el-futuro\/#breadcrumb\"},\"inLanguage\":\"es\",\"potentialAction\":[{\"@type\":\"ReadAction\",\"target\":[\"https:\/\/www.nexoinformativo.mx\/index.php\/2025\/01\/13\/marcelo-ebrard-destaca-importancia-del-plan-nacional-de-desarrollo-mexico-se-prepara-para-el-futuro\/\"]}]},{\"@type\":\"ImageObject\",\"inLanguage\":\"es\",\"@id\":\"https:\/\/www.nexoinformativo.mx\/index.php\/2025\/01\/13\/marcelo-ebrard-destaca-importancia-del-plan-nacional-de-desarrollo-mexico-se-prepara-para-el-futuro\/#primaryimage\",\"url\":\"https:\/\/www.nexoinformativo.mx\/wp-content\/uploads\/2025\/01\/IMG_9221.jpg\",\"contentUrl\":\"https:\/\/www.nexoinformativo.mx\/wp-content\/uploads\/2025\/01\/IMG_9221.jpg\",\"width\":650,\"height\":380},{\"@type\":\"BreadcrumbList\",\"@id\":\"https:\/\/www.nexoinformativo.mx\/index.php\/2025\/01\/13\/marcelo-ebrard-destaca-importancia-del-plan-nacional-de-desarrollo-mexico-se-prepara-para-el-futuro\/#breadcrumb\",\"itemListElement\":[{\"@type\":\"ListItem\",\"position\":1,\"name\":\"Inicio\",\"item\":\"https:\/\/www.nexoinformativo.mx\/\"},{\"@type\":\"ListItem\",\"position\":2,\"name\":\"Marcelo Ebrard destaca importancia del Plan Nacional de Desarrollo M\u00e9xico se prepara para el futuro\"}]},{\"@type\":\"WebSite\",\"@id\":\"https:\/\/www.nexoinformativo.mx\/#website\",\"url\":\"https:\/\/www.nexoinformativo.mx\/\",\"name\":\"Nexo Informativo Santiago de Quer\u00e9taro\",\"description\":\"Explora NexoInformativo y convi\u00e9rtete en parte de una comunidad que valora el conocimiento y la verdad. Tu nexoinformativo es tu puente hacia una comprensi\u00f3n m\u00e1s profunda del mundo que te rodea.\",\"publisher\":{\"@id\":\"https:\/\/www.nexoinformativo.mx\/#organization\"},\"potentialAction\":[{\"@type\":\"SearchAction\",\"target\":{\"@type\":\"EntryPoint\",\"urlTemplate\":\"https:\/\/www.nexoinformativo.mx\/?s={search_term_string}\"},\"query-input\":{\"@type\":\"PropertyValueSpecification\",\"valueRequired\":true,\"valueName\":\"search_term_string\"}}],\"inLanguage\":\"es\"},{\"@type\":\"Organization\",\"@id\":\"https:\/\/www.nexoinformativo.mx\/#organization\",\"name\":\"Nexo Informativo Santiago de Quer\u00e9taro\",\"url\":\"https:\/\/www.nexoinformativo.mx\/\",\"logo\":{\"@type\":\"ImageObject\",\"inLanguage\":\"es\",\"@id\":\"https:\/\/www.nexoinformativo.mx\/#\/schema\/logo\/image\/\",\"url\":\"https:\/\/www.nexoinformativo.mx\/wp-content\/uploads\/2024\/07\/nexoi-trasparente-2.png\",\"contentUrl\":\"https:\/\/www.nexoinformativo.mx\/wp-content\/uploads\/2024\/07\/nexoi-trasparente-2.png\",\"width\":816,\"height\":339,\"caption\":\"Nexo Informativo Santiago de Quer\u00e9taro\"},\"image\":{\"@id\":\"https:\/\/www.nexoinformativo.mx\/#\/schema\/logo\/image\/\"},\"sameAs\":[\"https:\/\/www.facebook.com\/people\/Nexo-Informativo\/61564066885511\/\"]},{\"@type\":\"Person\",\"@id\":\"https:\/\/www.nexoinformativo.mx\/#\/schema\/person\/7749d380ba08c8ca00d7bc76fd907b7d\",\"name\":\"Nexo Informativo\",\"image\":{\"@type\":\"ImageObject\",\"inLanguage\":\"es\",\"@id\":\"https:\/\/www.nexoinformativo.mx\/#\/schema\/person\/image\/\",\"url\":\"https:\/\/secure.gravatar.com\/avatar\/dde2928154642a13d95f87ddf1ea9718fe2b46760a005c53e41ff5ad610704e6?s=96&d=mm&r=g\",\"contentUrl\":\"https:\/\/secure.gravatar.com\/avatar\/dde2928154642a13d95f87ddf1ea9718fe2b46760a005c53e41ff5ad610704e6?s=96&d=mm&r=g\",\"caption\":\"Nexo Informativo\"},\"url\":\"https:\/\/www.nexoinformativo.mx\/index.php\/author\/edicion\/\"}]}<\/script>\n<!-- \/ Yoast SEO plugin. -->","yoast_head_json":{"title":"Marcelo Ebrard destaca importancia del Plan Nacional de Desarrollo M\u00e9xico se prepara para el futuro | Nexo Informativo Santiago de Quer\u00e9taro","description":"Marcelo Ebrard destaca importancia del Plan Nacional de Desarrollo M\u00e9xico se prepara para el futuro","robots":{"index":"index","follow":"follow","max-snippet":"max-snippet:-1","max-image-preview":"max-image-preview:large","max-video-preview":"max-video-preview:-1"},"canonical":"https:\/\/www.nexoinformativo.mx\/index.php\/2025\/01\/13\/marcelo-ebrard-destaca-importancia-del-plan-nacional-de-desarrollo-mexico-se-prepara-para-el-futuro\/","og_locale":"es_MX","og_type":"article","og_title":"Marcelo Ebrard destaca importancia del Plan Nacional de Desarrollo M\u00e9xico se prepara para el futuro | Nexo Informativo Santiago de Quer\u00e9taro","og_description":"Marcelo Ebrard destaca importancia del Plan Nacional de Desarrollo M\u00e9xico se prepara para el futuro","og_url":"https:\/\/www.nexoinformativo.mx\/index.php\/2025\/01\/13\/marcelo-ebrard-destaca-importancia-del-plan-nacional-de-desarrollo-mexico-se-prepara-para-el-futuro\/","og_site_name":"Nexo Informativo Santiago de Quer\u00e9taro","article_publisher":"https:\/\/www.facebook.com\/people\/Nexo-Informativo\/61564066885511\/","article_published_time":"2025-01-13T13:00:16+00:00","article_modified_time":"2025-01-13T15:47:12+00:00","og_image":[{"width":650,"height":380,"url":"https:\/\/www.nexoinformativo.mx\/wp-content\/uploads\/2025\/01\/IMG_9221.jpg","type":"image\/jpeg"}],"author":"Nexo Informativo","twitter_card":"summary_large_image","twitter_misc":{"Escrito por":"Nexo Informativo","Tiempo de lectura":"2 minutos"},"schema":{"@context":"https:\/\/schema.org","@graph":[{"@type":"Article","@id":"https:\/\/www.nexoinformativo.mx\/index.php\/2025\/01\/13\/marcelo-ebrard-destaca-importancia-del-plan-nacional-de-desarrollo-mexico-se-prepara-para-el-futuro\/#article","isPartOf":{"@id":"https:\/\/www.nexoinformativo.mx\/index.php\/2025\/01\/13\/marcelo-ebrard-destaca-importancia-del-plan-nacional-de-desarrollo-mexico-se-prepara-para-el-futuro\/"},"author":{"name":"Nexo Informativo","@id":"https:\/\/www.nexoinformativo.mx\/#\/schema\/person\/7749d380ba08c8ca00d7bc76fd907b7d"},"headline":"Marcelo Ebrard destaca importancia del Plan Nacional de Desarrollo M\u00e9xico se prepara para el futuro","datePublished":"2025-01-13T13:00:16+00:00","dateModified":"2025-01-13T15:47:12+00:00","mainEntityOfPage":{"@id":"https:\/\/www.nexoinformativo.mx\/index.php\/2025\/01\/13\/marcelo-ebrard-destaca-importancia-del-plan-nacional-de-desarrollo-mexico-se-prepara-para-el-futuro\/"},"wordCount":305,"commentCount":0,"publisher":{"@id":"https:\/\/www.nexoinformativo.mx\/#organization"},"image":{"@id":"https:\/\/www.nexoinformativo.mx\/index.php\/2025\/01\/13\/marcelo-ebrard-destaca-importancia-del-plan-nacional-de-desarrollo-mexico-se-prepara-para-el-futuro\/#primaryimage"},"thumbnailUrl":"https:\/\/www.nexoinformativo.mx\/wp-content\/uploads\/2025\/01\/IMG_9221.jpg","keywords":["Economia","FuturoDeM\u00e9xico","MarceloEbrard","PNDM\u00e9xico"],"articleSection":["Econom\u00eda","Nacional","\u00daltima Hora"],"inLanguage":"es","potentialAction":[{"@type":"CommentAction","name":"Comment","target":["https:\/\/www.nexoinformativo.mx\/index.php\/2025\/01\/13\/marcelo-ebrard-destaca-importancia-del-plan-nacional-de-desarrollo-mexico-se-prepara-para-el-futuro\/#respond"]}]},{"@type":"WebPage","@id":"https:\/\/www.nexoinformativo.mx\/index.php\/2025\/01\/13\/marcelo-ebrard-destaca-importancia-del-plan-nacional-de-desarrollo-mexico-se-prepara-para-el-futuro\/","url":"https:\/\/www.nexoinformativo.mx\/index.php\/2025\/01\/13\/marcelo-ebrard-destaca-importancia-del-plan-nacional-de-desarrollo-mexico-se-prepara-para-el-futuro\/","name":"Marcelo Ebrard destaca importancia del Plan Nacional de Desarrollo M\u00e9xico se prepara para el futuro | Nexo Informativo Santiago de Quer\u00e9taro","isPartOf":{"@id":"https:\/\/www.nexoinformativo.mx\/#website"},"primaryImageOfPage":{"@id":"https:\/\/www.nexoinformativo.mx\/index.php\/2025\/01\/13\/marcelo-ebrard-destaca-importancia-del-plan-nacional-de-desarrollo-mexico-se-prepara-para-el-futuro\/#primaryimage"},"image":{"@id":"https:\/\/www.nexoinformativo.mx\/index.php\/2025\/01\/13\/marcelo-ebrard-destaca-importancia-del-plan-nacional-de-desarrollo-mexico-se-prepara-para-el-futuro\/#primaryimage"},"thumbnailUrl":"https:\/\/www.nexoinformativo.mx\/wp-content\/uploads\/2025\/01\/IMG_9221.jpg","datePublished":"2025-01-13T13:00:16+00:00","dateModified":"2025-01-13T15:47:12+00:00","description":"Marcelo Ebrard destaca importancia del Plan Nacional de Desarrollo M\u00e9xico se prepara para el futuro","breadcrumb":{"@id":"https:\/\/www.nexoinformativo.mx\/index.php\/2025\/01\/13\/marcelo-ebrard-destaca-importancia-del-plan-nacional-de-desarrollo-mexico-se-prepara-para-el-futuro\/#breadcrumb"},"inLanguage":"es","potentialAction":[{"@type":"ReadAction","target":["https:\/\/www.nexoinformativo.mx\/index.php\/2025\/01\/13\/marcelo-ebrard-destaca-importancia-del-plan-nacional-de-desarrollo-mexico-se-prepara-para-el-futuro\/"]}]},{"@type":"ImageObject","inLanguage":"es","@id":"https:\/\/www.nexoinformativo.mx\/index.php\/2025\/01\/13\/marcelo-ebrard-destaca-importancia-del-plan-nacional-de-desarrollo-mexico-se-prepara-para-el-futuro\/#primaryimage","url":"https:\/\/www.nexoinformativo.mx\/wp-content\/uploads\/2025\/01\/IMG_9221.jpg","contentUrl":"https:\/\/www.nexoinformativo.mx\/wp-content\/uploads\/2025\/01\/IMG_9221.jpg","width":650,"height":380},{"@type":"BreadcrumbList","@id":"https:\/\/www.nexoinformativo.mx\/index.php\/2025\/01\/13\/marcelo-ebrard-destaca-importancia-del-plan-nacional-de-desarrollo-mexico-se-prepara-para-el-futuro\/#breadcrumb","itemListElement":[{"@type":"ListItem","position":1,"name":"Inicio","item":"https:\/\/www.nexoinformativo.mx\/"},{"@type":"ListItem","position":2,"name":"Marcelo Ebrard destaca importancia del Plan Nacional de Desarrollo M\u00e9xico se prepara para el futuro"}]},{"@type":"WebSite","@id":"https:\/\/www.nexoinformativo.mx\/#website","url":"https:\/\/www.nexoinformativo.mx\/","name":"Nexo Informativo Santiago de Quer\u00e9taro","description":"Explora NexoInformativo y convi\u00e9rtete en parte de una comunidad que valora el conocimiento y la verdad. Tu nexoinformativo es tu puente hacia una comprensi\u00f3n m\u00e1s profunda del mundo que te rodea.","publisher":{"@id":"https:\/\/www.nexoinformativo.mx\/#organization"},"potentialAction":[{"@type":"SearchAction","target":{"@type":"EntryPoint","urlTemplate":"https:\/\/www.nexoinformativo.mx\/?s={search_term_string}"},"query-input":{"@type":"PropertyValueSpecification","valueRequired":true,"valueName":"search_term_string"}}],"inLanguage":"es"},{"@type":"Organization","@id":"https:\/\/www.nexoinformativo.mx\/#organization","name":"Nexo Informativo Santiago de Quer\u00e9taro","url":"https:\/\/www.nexoinformativo.mx\/","logo":{"@type":"ImageObject","inLanguage":"es","@id":"https:\/\/www.nexoinformativo.mx\/#\/schema\/logo\/image\/","url":"https:\/\/www.nexoinformativo.mx\/wp-content\/uploads\/2024\/07\/nexoi-trasparente-2.png","contentUrl":"https:\/\/www.nexoinformativo.mx\/wp-content\/uploads\/2024\/07\/nexoi-trasparente-2.png","width":816,"height":339,"caption":"Nexo Informativo Santiago de Quer\u00e9taro"},"image":{"@id":"https:\/\/www.nexoinformativo.mx\/#\/schema\/logo\/image\/"},"sameAs":["https:\/\/www.facebook.com\/people\/Nexo-Informativo\/61564066885511\/"]},{"@type":"Person","@id":"https:\/\/www.nexoinformativo.mx\/#\/schema\/person\/7749d380ba08c8ca00d7bc76fd907b7d","name":"Nexo Informativo","image":{"@type":"ImageObject","inLanguage":"es","@id":"https:\/\/www.nexoinformativo.mx\/#\/schema\/person\/image\/","url":"https:\/\/secure.gravatar.com\/avatar\/dde2928154642a13d95f87ddf1ea9718fe2b46760a005c53e41ff5ad610704e6?s=96&d=mm&r=g","contentUrl":"https:\/\/secure.gravatar.com\/avatar\/dde2928154642a13d95f87ddf1ea9718fe2b46760a005c53e41ff5ad610704e6?s=96&d=mm&r=g","caption":"Nexo Informativo"},"url":"https:\/\/www.nexoinformativo.mx\/index.php\/author\/edicion\/"}]}},"_links":{"self":[{"href":"https:\/\/www.nexoinformativo.mx\/index.php\/wp-json\/wp\/v2\/posts\/9712","targetHints":{"allow":["GET"]}}],"collection":[{"href":"https:\/\/www.nexoinformativo.mx\/index.php\/wp-json\/wp\/v2\/posts"}],"about":[{"href":"https:\/\/www.nexoinformativo.mx\/index.php\/wp-json\/wp\/v2\/types\/post"}],"author":[{"embeddable":true,"href":"https:\/\/www.nexoinformativo.mx\/index.php\/wp-json\/wp\/v2\/users\/3"}],"replies":[{"embeddable":true,"href":"https:\/\/www.nexoinformativo.mx\/index.php\/wp-json\/wp\/v2\/comments?post=9712"}],"version-history":[{"count":5,"href":"https:\/\/www.nexoinformativo.mx\/index.php\/wp-json\/wp\/v2\/posts\/9712\/revisions"}],"predecessor-version":[{"id":9716,"href":"https:\/\/www.nexoinformativo.mx\/index.php\/wp-json\/wp\/v2\/posts\/9712\/revisions\/9716"}],"wp:featuredmedia":[{"embeddable":true,"href":"https:\/\/www.nexoinformativo.mx\/index.php\/wp-json\/wp\/v2\/media\/9713"}],"wp:attachment":[{"href":"https:\/\/www.nexoinformativo.mx\/index.php\/wp-json\/wp\/v2\/media?parent=9712"}],"wp:term":[{"taxonomy":"category","embeddable":true,"href":"https:\/\/www.nexoinformativo.mx\/index.php\/wp-json\/wp\/v2\/categories?post=9712"},{"taxonomy":"post_tag","embeddable":true,"href":"https:\/\/www.nexoinformativo.mx\/index.php\/wp-json\/wp\/v2\/tags?post=9712"}],"curies":[{"name":"wp","href":"https:\/\/api.w.org\/{rel}","templated":true}]}}