{"id":9726,"date":"2025-01-13T08:30:12","date_gmt":"2025-01-13T14:30:12","guid":{"rendered":"https:\/\/www.nexoinformativo.mx\/?p=9726"},"modified":"2025-01-13T10:01:10","modified_gmt":"2025-01-13T16:01:10","slug":"vinculan-a-proceso-a-presunto-homicida-en-el-marques-victima-fue-calcinada","status":"publish","type":"post","link":"https:\/\/www.nexoinformativo.mx\/index.php\/2025\/01\/13\/vinculan-a-proceso-a-presunto-homicida-en-el-marques-victima-fue-calcinada\/","title":{"rendered":"Vinculan a proceso a presunto homicida en El Marqu\u00e9s; v\u00edctima fue calcinada"},"content":{"rendered":"<p style=\"text-align: justify;\" data-sourcepos=\"11:1-11:410\">La Fiscal\u00eda General del Estado de Quer\u00e9taro logr\u00f3 un importante avance en la investigaci\u00f3n del homicidio ocurrido el pasado 31 de octubre en la colonia La Providencia, municipio de El Marqu\u00e9s.<\/p>\n<\/p>\n<p>&nbsp;<\/p>\n<p style=\"text-align: justify;\" data-sourcepos=\"11:1-11:410\">Un juez de control vincul\u00f3 a proceso a una persona como probable responsable de este crimen, en el que la v\u00edctima fue localizada sin vida y parcialmente calcinada sobre las v\u00edas del tren.<\/p>\n<p>&nbsp;<\/p>\n<p style=\"text-align: justify;\" data-sourcepos=\"13:1-13:334\">Durante la audiencia inicial, el Ministerio P\u00fablico present\u00f3 los elementos de prueba suficientes para que el juez determinara la vinculaci\u00f3n a proceso del imputado. Como medida cautelar, se impuso la prisi\u00f3n preventiva justificada, lo que significa que el presunto homicida permanecer\u00e1 recluido mientras contin\u00faan las investigaciones.<\/p>\n<p>&nbsp;<\/p>\n<p style=\"text-align: justify;\" data-sourcepos=\"15:1-15:213\">Las autoridades informaron que se estableci\u00f3 un plazo de tres meses para el cierre de la investigaci\u00f3n complementaria, durante el cual se recabar\u00e1n m\u00e1s pruebas para fortalecer la acusaci\u00f3n en contra del imputado.<\/p>\n<p>&nbsp;<\/p>\n<p style=\"text-align: justify;\" data-sourcepos=\"17:1-17:174\">Con este resultado, la Fiscal\u00eda General del Estado refrenda su compromiso de combatir la violencia y llevar ante la justicia a quienes atenten contra la vida de las personas.<\/p>\n<p>&nbsp;<\/p>\n<p style=\"text-align: center;\" data-sourcepos=\"17:1-17:174\"><em><strong>\u00a1Informaci\u00f3n que transforma!<\/strong><\/em><\/p>\n","protected":false},"excerpt":{"rendered":"<p>La Fiscal\u00eda General del Estado de Quer\u00e9taro logr\u00f3 un importante avance en la investigaci\u00f3n del homicidio ocurrido el pasado 31 de octubre en la colonia La Providencia, municipio de El Marqu\u00e9s.<\/p>\n","protected":false},"author":3,"featured_media":9727,"comment_status":"open","ping_status":"open","sticky":false,"template":"","format":"standard","meta":{"footnotes":""},"categories":[137,58],"tags":[149,500,1446,637],"class_list":["post-9726","post","type-post","status-publish","format-standard","has-post-thumbnail","hentry","category-sucesos","category-ultima-hora","tag-elmarques","tag-fiscaliaqueretaro","tag-homicidio","tag-justiciaenqueretaro"],"yoast_head":"<!-- This site is optimized with the Yoast SEO plugin v25.0 - https:\/\/yoast.com\/wordpress\/plugins\/seo\/ -->\n<title>Vinculan a proceso a presunto homicida en El Marqu\u00e9s; v\u00edctima fue calcinada | Nexo Informativo Santiago de Quer\u00e9taro<\/title>\n<meta name=\"description\" content=\"Vinculan a proceso a presunto homicida en El Marqu\u00e9s; v\u00edctima fue calcinada\" \/>\n<meta name=\"robots\" content=\"index, follow, max-snippet:-1, max-image-preview:large, max-video-preview:-1\" \/>\n<link rel=\"canonical\" href=\"https:\/\/www.nexoinformativo.mx\/index.php\/2025\/01\/13\/vinculan-a-proceso-a-presunto-homicida-en-el-marques-victima-fue-calcinada\/\" \/>\n<meta property=\"og:locale\" content=\"es_MX\" \/>\n<meta property=\"og:type\" content=\"article\" \/>\n<meta property=\"og:title\" content=\"Vinculan a proceso a presunto homicida en El Marqu\u00e9s; v\u00edctima fue calcinada | Nexo Informativo Santiago de Quer\u00e9taro\" \/>\n<meta property=\"og:description\" content=\"Vinculan a proceso a presunto homicida en El Marqu\u00e9s; v\u00edctima fue calcinada\" \/>\n<meta property=\"og:url\" content=\"https:\/\/www.nexoinformativo.mx\/index.php\/2025\/01\/13\/vinculan-a-proceso-a-presunto-homicida-en-el-marques-victima-fue-calcinada\/\" \/>\n<meta property=\"og:site_name\" content=\"Nexo Informativo Santiago de Quer\u00e9taro\" \/>\n<meta property=\"article:publisher\" content=\"https:\/\/www.facebook.com\/people\/Nexo-Informativo\/61564066885511\/\" \/>\n<meta property=\"article:published_time\" content=\"2025-01-13T14:30:12+00:00\" \/>\n<meta property=\"article:modified_time\" content=\"2025-01-13T16:01:10+00:00\" \/>\n<meta property=\"og:image\" content=\"https:\/\/www.nexoinformativo.mx\/wp-content\/uploads\/2025\/01\/PHOTO-2025-01-12-21-26-09-e1736783992634.jpg\" \/>\n\t<meta property=\"og:image:width\" content=\"800\" \/>\n\t<meta property=\"og:image:height\" content=\"504\" \/>\n\t<meta property=\"og:image:type\" content=\"image\/jpeg\" \/>\n<meta name=\"author\" content=\"Nexo Informativo\" \/>\n<meta name=\"twitter:card\" content=\"summary_large_image\" \/>\n<meta name=\"twitter:label1\" content=\"Escrito por\" \/>\n\t<meta name=\"twitter:data1\" content=\"Nexo Informativo\" \/>\n\t<meta name=\"twitter:label2\" content=\"Tiempo de lectura\" \/>\n\t<meta name=\"twitter:data2\" content=\"2 minutos\" \/>\n<script type=\"application\/ld+json\" class=\"yoast-schema-graph\">{\"@context\":\"https:\/\/schema.org\",\"@graph\":[{\"@type\":\"Article\",\"@id\":\"https:\/\/www.nexoinformativo.mx\/index.php\/2025\/01\/13\/vinculan-a-proceso-a-presunto-homicida-en-el-marques-victima-fue-calcinada\/#article\",\"isPartOf\":{\"@id\":\"https:\/\/www.nexoinformativo.mx\/index.php\/2025\/01\/13\/vinculan-a-proceso-a-presunto-homicida-en-el-marques-victima-fue-calcinada\/\"},\"author\":{\"name\":\"Nexo Informativo\",\"@id\":\"https:\/\/www.nexoinformativo.mx\/#\/schema\/person\/7749d380ba08c8ca00d7bc76fd907b7d\"},\"headline\":\"Vinculan a proceso a presunto homicida en El Marqu\u00e9s; v\u00edctima fue calcinada\",\"datePublished\":\"2025-01-13T14:30:12+00:00\",\"dateModified\":\"2025-01-13T16:01:10+00:00\",\"mainEntityOfPage\":{\"@id\":\"https:\/\/www.nexoinformativo.mx\/index.php\/2025\/01\/13\/vinculan-a-proceso-a-presunto-homicida-en-el-marques-victima-fue-calcinada\/\"},\"wordCount\":209,\"commentCount\":0,\"publisher\":{\"@id\":\"https:\/\/www.nexoinformativo.mx\/#organization\"},\"image\":{\"@id\":\"https:\/\/www.nexoinformativo.mx\/index.php\/2025\/01\/13\/vinculan-a-proceso-a-presunto-homicida-en-el-marques-victima-fue-calcinada\/#primaryimage\"},\"thumbnailUrl\":\"https:\/\/www.nexoinformativo.mx\/wp-content\/uploads\/2025\/01\/PHOTO-2025-01-12-21-26-09-e1736783992634.jpg\",\"keywords\":[\"elmarques\",\"Fiscal\u00edaQuer\u00e9taro\",\"Homicidio\",\"JusticiaEnQuer\u00e9taro\"],\"articleSection\":[\"Sucesos\",\"\u00daltima Hora\"],\"inLanguage\":\"es\",\"potentialAction\":[{\"@type\":\"CommentAction\",\"name\":\"Comment\",\"target\":[\"https:\/\/www.nexoinformativo.mx\/index.php\/2025\/01\/13\/vinculan-a-proceso-a-presunto-homicida-en-el-marques-victima-fue-calcinada\/#respond\"]}]},{\"@type\":\"WebPage\",\"@id\":\"https:\/\/www.nexoinformativo.mx\/index.php\/2025\/01\/13\/vinculan-a-proceso-a-presunto-homicida-en-el-marques-victima-fue-calcinada\/\",\"url\":\"https:\/\/www.nexoinformativo.mx\/index.php\/2025\/01\/13\/vinculan-a-proceso-a-presunto-homicida-en-el-marques-victima-fue-calcinada\/\",\"name\":\"Vinculan a proceso a presunto homicida en El Marqu\u00e9s; v\u00edctima fue calcinada | Nexo Informativo Santiago de Quer\u00e9taro\",\"isPartOf\":{\"@id\":\"https:\/\/www.nexoinformativo.mx\/#website\"},\"primaryImageOfPage\":{\"@id\":\"https:\/\/www.nexoinformativo.mx\/index.php\/2025\/01\/13\/vinculan-a-proceso-a-presunto-homicida-en-el-marques-victima-fue-calcinada\/#primaryimage\"},\"image\":{\"@id\":\"https:\/\/www.nexoinformativo.mx\/index.php\/2025\/01\/13\/vinculan-a-proceso-a-presunto-homicida-en-el-marques-victima-fue-calcinada\/#primaryimage\"},\"thumbnailUrl\":\"https:\/\/www.nexoinformativo.mx\/wp-content\/uploads\/2025\/01\/PHOTO-2025-01-12-21-26-09-e1736783992634.jpg\",\"datePublished\":\"2025-01-13T14:30:12+00:00\",\"dateModified\":\"2025-01-13T16:01:10+00:00\",\"description\":\"Vinculan a proceso a presunto homicida en El Marqu\u00e9s; v\u00edctima fue calcinada\",\"breadcrumb\":{\"@id\":\"https:\/\/www.nexoinformativo.mx\/index.php\/2025\/01\/13\/vinculan-a-proceso-a-presunto-homicida-en-el-marques-victima-fue-calcinada\/#breadcrumb\"},\"inLanguage\":\"es\",\"potentialAction\":[{\"@type\":\"ReadAction\",\"target\":[\"https:\/\/www.nexoinformativo.mx\/index.php\/2025\/01\/13\/vinculan-a-proceso-a-presunto-homicida-en-el-marques-victima-fue-calcinada\/\"]}]},{\"@type\":\"ImageObject\",\"inLanguage\":\"es\",\"@id\":\"https:\/\/www.nexoinformativo.mx\/index.php\/2025\/01\/13\/vinculan-a-proceso-a-presunto-homicida-en-el-marques-victima-fue-calcinada\/#primaryimage\",\"url\":\"https:\/\/www.nexoinformativo.mx\/wp-content\/uploads\/2025\/01\/PHOTO-2025-01-12-21-26-09-e1736783992634.jpg\",\"contentUrl\":\"https:\/\/www.nexoinformativo.mx\/wp-content\/uploads\/2025\/01\/PHOTO-2025-01-12-21-26-09-e1736783992634.jpg\",\"width\":800,\"height\":504},{\"@type\":\"BreadcrumbList\",\"@id\":\"https:\/\/www.nexoinformativo.mx\/index.php\/2025\/01\/13\/vinculan-a-proceso-a-presunto-homicida-en-el-marques-victima-fue-calcinada\/#breadcrumb\",\"itemListElement\":[{\"@type\":\"ListItem\",\"position\":1,\"name\":\"Inicio\",\"item\":\"https:\/\/www.nexoinformativo.mx\/\"},{\"@type\":\"ListItem\",\"position\":2,\"name\":\"Vinculan a proceso a presunto homicida en El Marqu\u00e9s; v\u00edctima fue calcinada\"}]},{\"@type\":\"WebSite\",\"@id\":\"https:\/\/www.nexoinformativo.mx\/#website\",\"url\":\"https:\/\/www.nexoinformativo.mx\/\",\"name\":\"Nexo Informativo Santiago de Quer\u00e9taro\",\"description\":\"Explora NexoInformativo y convi\u00e9rtete en parte de una comunidad que valora el conocimiento y la verdad. Tu nexoinformativo es tu puente hacia una comprensi\u00f3n m\u00e1s profunda del mundo que te rodea.\",\"publisher\":{\"@id\":\"https:\/\/www.nexoinformativo.mx\/#organization\"},\"potentialAction\":[{\"@type\":\"SearchAction\",\"target\":{\"@type\":\"EntryPoint\",\"urlTemplate\":\"https:\/\/www.nexoinformativo.mx\/?s={search_term_string}\"},\"query-input\":{\"@type\":\"PropertyValueSpecification\",\"valueRequired\":true,\"valueName\":\"search_term_string\"}}],\"inLanguage\":\"es\"},{\"@type\":\"Organization\",\"@id\":\"https:\/\/www.nexoinformativo.mx\/#organization\",\"name\":\"Nexo Informativo Santiago de Quer\u00e9taro\",\"url\":\"https:\/\/www.nexoinformativo.mx\/\",\"logo\":{\"@type\":\"ImageObject\",\"inLanguage\":\"es\",\"@id\":\"https:\/\/www.nexoinformativo.mx\/#\/schema\/logo\/image\/\",\"url\":\"https:\/\/www.nexoinformativo.mx\/wp-content\/uploads\/2024\/07\/nexoi-trasparente-2.png\",\"contentUrl\":\"https:\/\/www.nexoinformativo.mx\/wp-content\/uploads\/2024\/07\/nexoi-trasparente-2.png\",\"width\":816,\"height\":339,\"caption\":\"Nexo Informativo Santiago de Quer\u00e9taro\"},\"image\":{\"@id\":\"https:\/\/www.nexoinformativo.mx\/#\/schema\/logo\/image\/\"},\"sameAs\":[\"https:\/\/www.facebook.com\/people\/Nexo-Informativo\/61564066885511\/\"]},{\"@type\":\"Person\",\"@id\":\"https:\/\/www.nexoinformativo.mx\/#\/schema\/person\/7749d380ba08c8ca00d7bc76fd907b7d\",\"name\":\"Nexo Informativo\",\"image\":{\"@type\":\"ImageObject\",\"inLanguage\":\"es\",\"@id\":\"https:\/\/www.nexoinformativo.mx\/#\/schema\/person\/image\/\",\"url\":\"https:\/\/secure.gravatar.com\/avatar\/dde2928154642a13d95f87ddf1ea9718fe2b46760a005c53e41ff5ad610704e6?s=96&d=mm&r=g\",\"contentUrl\":\"https:\/\/secure.gravatar.com\/avatar\/dde2928154642a13d95f87ddf1ea9718fe2b46760a005c53e41ff5ad610704e6?s=96&d=mm&r=g\",\"caption\":\"Nexo Informativo\"},\"url\":\"https:\/\/www.nexoinformativo.mx\/index.php\/author\/edicion\/\"}]}<\/script>\n<!-- \/ Yoast SEO plugin. -->","yoast_head_json":{"title":"Vinculan a proceso a presunto homicida en El Marqu\u00e9s; v\u00edctima fue calcinada | Nexo Informativo Santiago de Quer\u00e9taro","description":"Vinculan a proceso a presunto homicida en El Marqu\u00e9s; v\u00edctima fue calcinada","robots":{"index":"index","follow":"follow","max-snippet":"max-snippet:-1","max-image-preview":"max-image-preview:large","max-video-preview":"max-video-preview:-1"},"canonical":"https:\/\/www.nexoinformativo.mx\/index.php\/2025\/01\/13\/vinculan-a-proceso-a-presunto-homicida-en-el-marques-victima-fue-calcinada\/","og_locale":"es_MX","og_type":"article","og_title":"Vinculan a proceso a presunto homicida en El Marqu\u00e9s; v\u00edctima fue calcinada | Nexo Informativo Santiago de Quer\u00e9taro","og_description":"Vinculan a proceso a presunto homicida en El Marqu\u00e9s; v\u00edctima fue calcinada","og_url":"https:\/\/www.nexoinformativo.mx\/index.php\/2025\/01\/13\/vinculan-a-proceso-a-presunto-homicida-en-el-marques-victima-fue-calcinada\/","og_site_name":"Nexo Informativo Santiago de Quer\u00e9taro","article_publisher":"https:\/\/www.facebook.com\/people\/Nexo-Informativo\/61564066885511\/","article_published_time":"2025-01-13T14:30:12+00:00","article_modified_time":"2025-01-13T16:01:10+00:00","og_image":[{"width":800,"height":504,"url":"https:\/\/www.nexoinformativo.mx\/wp-content\/uploads\/2025\/01\/PHOTO-2025-01-12-21-26-09-e1736783992634.jpg","type":"image\/jpeg"}],"author":"Nexo Informativo","twitter_card":"summary_large_image","twitter_misc":{"Escrito por":"Nexo Informativo","Tiempo de lectura":"2 minutos"},"schema":{"@context":"https:\/\/schema.org","@graph":[{"@type":"Article","@id":"https:\/\/www.nexoinformativo.mx\/index.php\/2025\/01\/13\/vinculan-a-proceso-a-presunto-homicida-en-el-marques-victima-fue-calcinada\/#article","isPartOf":{"@id":"https:\/\/www.nexoinformativo.mx\/index.php\/2025\/01\/13\/vinculan-a-proceso-a-presunto-homicida-en-el-marques-victima-fue-calcinada\/"},"author":{"name":"Nexo Informativo","@id":"https:\/\/www.nexoinformativo.mx\/#\/schema\/person\/7749d380ba08c8ca00d7bc76fd907b7d"},"headline":"Vinculan a proceso a presunto homicida en El Marqu\u00e9s; v\u00edctima fue calcinada","datePublished":"2025-01-13T14:30:12+00:00","dateModified":"2025-01-13T16:01:10+00:00","mainEntityOfPage":{"@id":"https:\/\/www.nexoinformativo.mx\/index.php\/2025\/01\/13\/vinculan-a-proceso-a-presunto-homicida-en-el-marques-victima-fue-calcinada\/"},"wordCount":209,"commentCount":0,"publisher":{"@id":"https:\/\/www.nexoinformativo.mx\/#organization"},"image":{"@id":"https:\/\/www.nexoinformativo.mx\/index.php\/2025\/01\/13\/vinculan-a-proceso-a-presunto-homicida-en-el-marques-victima-fue-calcinada\/#primaryimage"},"thumbnailUrl":"https:\/\/www.nexoinformativo.mx\/wp-content\/uploads\/2025\/01\/PHOTO-2025-01-12-21-26-09-e1736783992634.jpg","keywords":["elmarques","Fiscal\u00edaQuer\u00e9taro","Homicidio","JusticiaEnQuer\u00e9taro"],"articleSection":["Sucesos","\u00daltima Hora"],"inLanguage":"es","potentialAction":[{"@type":"CommentAction","name":"Comment","target":["https:\/\/www.nexoinformativo.mx\/index.php\/2025\/01\/13\/vinculan-a-proceso-a-presunto-homicida-en-el-marques-victima-fue-calcinada\/#respond"]}]},{"@type":"WebPage","@id":"https:\/\/www.nexoinformativo.mx\/index.php\/2025\/01\/13\/vinculan-a-proceso-a-presunto-homicida-en-el-marques-victima-fue-calcinada\/","url":"https:\/\/www.nexoinformativo.mx\/index.php\/2025\/01\/13\/vinculan-a-proceso-a-presunto-homicida-en-el-marques-victima-fue-calcinada\/","name":"Vinculan a proceso a presunto homicida en El Marqu\u00e9s; v\u00edctima fue calcinada | Nexo Informativo Santiago de Quer\u00e9taro","isPartOf":{"@id":"https:\/\/www.nexoinformativo.mx\/#website"},"primaryImageOfPage":{"@id":"https:\/\/www.nexoinformativo.mx\/index.php\/2025\/01\/13\/vinculan-a-proceso-a-presunto-homicida-en-el-marques-victima-fue-calcinada\/#primaryimage"},"image":{"@id":"https:\/\/www.nexoinformativo.mx\/index.php\/2025\/01\/13\/vinculan-a-proceso-a-presunto-homicida-en-el-marques-victima-fue-calcinada\/#primaryimage"},"thumbnailUrl":"https:\/\/www.nexoinformativo.mx\/wp-content\/uploads\/2025\/01\/PHOTO-2025-01-12-21-26-09-e1736783992634.jpg","datePublished":"2025-01-13T14:30:12+00:00","dateModified":"2025-01-13T16:01:10+00:00","description":"Vinculan a proceso a presunto homicida en El Marqu\u00e9s; v\u00edctima fue calcinada","breadcrumb":{"@id":"https:\/\/www.nexoinformativo.mx\/index.php\/2025\/01\/13\/vinculan-a-proceso-a-presunto-homicida-en-el-marques-victima-fue-calcinada\/#breadcrumb"},"inLanguage":"es","potentialAction":[{"@type":"ReadAction","target":["https:\/\/www.nexoinformativo.mx\/index.php\/2025\/01\/13\/vinculan-a-proceso-a-presunto-homicida-en-el-marques-victima-fue-calcinada\/"]}]},{"@type":"ImageObject","inLanguage":"es","@id":"https:\/\/www.nexoinformativo.mx\/index.php\/2025\/01\/13\/vinculan-a-proceso-a-presunto-homicida-en-el-marques-victima-fue-calcinada\/#primaryimage","url":"https:\/\/www.nexoinformativo.mx\/wp-content\/uploads\/2025\/01\/PHOTO-2025-01-12-21-26-09-e1736783992634.jpg","contentUrl":"https:\/\/www.nexoinformativo.mx\/wp-content\/uploads\/2025\/01\/PHOTO-2025-01-12-21-26-09-e1736783992634.jpg","width":800,"height":504},{"@type":"BreadcrumbList","@id":"https:\/\/www.nexoinformativo.mx\/index.php\/2025\/01\/13\/vinculan-a-proceso-a-presunto-homicida-en-el-marques-victima-fue-calcinada\/#breadcrumb","itemListElement":[{"@type":"ListItem","position":1,"name":"Inicio","item":"https:\/\/www.nexoinformativo.mx\/"},{"@type":"ListItem","position":2,"name":"Vinculan a proceso a presunto homicida en El Marqu\u00e9s; v\u00edctima fue calcinada"}]},{"@type":"WebSite","@id":"https:\/\/www.nexoinformativo.mx\/#website","url":"https:\/\/www.nexoinformativo.mx\/","name":"Nexo Informativo Santiago de Quer\u00e9taro","description":"Explora NexoInformativo y convi\u00e9rtete en parte de una comunidad que valora el conocimiento y la verdad. Tu nexoinformativo es tu puente hacia una comprensi\u00f3n m\u00e1s profunda del mundo que te rodea.","publisher":{"@id":"https:\/\/www.nexoinformativo.mx\/#organization"},"potentialAction":[{"@type":"SearchAction","target":{"@type":"EntryPoint","urlTemplate":"https:\/\/www.nexoinformativo.mx\/?s={search_term_string}"},"query-input":{"@type":"PropertyValueSpecification","valueRequired":true,"valueName":"search_term_string"}}],"inLanguage":"es"},{"@type":"Organization","@id":"https:\/\/www.nexoinformativo.mx\/#organization","name":"Nexo Informativo Santiago de Quer\u00e9taro","url":"https:\/\/www.nexoinformativo.mx\/","logo":{"@type":"ImageObject","inLanguage":"es","@id":"https:\/\/www.nexoinformativo.mx\/#\/schema\/logo\/image\/","url":"https:\/\/www.nexoinformativo.mx\/wp-content\/uploads\/2024\/07\/nexoi-trasparente-2.png","contentUrl":"https:\/\/www.nexoinformativo.mx\/wp-content\/uploads\/2024\/07\/nexoi-trasparente-2.png","width":816,"height":339,"caption":"Nexo Informativo Santiago de Quer\u00e9taro"},"image":{"@id":"https:\/\/www.nexoinformativo.mx\/#\/schema\/logo\/image\/"},"sameAs":["https:\/\/www.facebook.com\/people\/Nexo-Informativo\/61564066885511\/"]},{"@type":"Person","@id":"https:\/\/www.nexoinformativo.mx\/#\/schema\/person\/7749d380ba08c8ca00d7bc76fd907b7d","name":"Nexo Informativo","image":{"@type":"ImageObject","inLanguage":"es","@id":"https:\/\/www.nexoinformativo.mx\/#\/schema\/person\/image\/","url":"https:\/\/secure.gravatar.com\/avatar\/dde2928154642a13d95f87ddf1ea9718fe2b46760a005c53e41ff5ad610704e6?s=96&d=mm&r=g","contentUrl":"https:\/\/secure.gravatar.com\/avatar\/dde2928154642a13d95f87ddf1ea9718fe2b46760a005c53e41ff5ad610704e6?s=96&d=mm&r=g","caption":"Nexo Informativo"},"url":"https:\/\/www.nexoinformativo.mx\/index.php\/author\/edicion\/"}]}},"_links":{"self":[{"href":"https:\/\/www.nexoinformativo.mx\/index.php\/wp-json\/wp\/v2\/posts\/9726","targetHints":{"allow":["GET"]}}],"collection":[{"href":"https:\/\/www.nexoinformativo.mx\/index.php\/wp-json\/wp\/v2\/posts"}],"about":[{"href":"https:\/\/www.nexoinformativo.mx\/index.php\/wp-json\/wp\/v2\/types\/post"}],"author":[{"embeddable":true,"href":"https:\/\/www.nexoinformativo.mx\/index.php\/wp-json\/wp\/v2\/users\/3"}],"replies":[{"embeddable":true,"href":"https:\/\/www.nexoinformativo.mx\/index.php\/wp-json\/wp\/v2\/comments?post=9726"}],"version-history":[{"count":4,"href":"https:\/\/www.nexoinformativo.mx\/index.php\/wp-json\/wp\/v2\/posts\/9726\/revisions"}],"predecessor-version":[{"id":9730,"href":"https:\/\/www.nexoinformativo.mx\/index.php\/wp-json\/wp\/v2\/posts\/9726\/revisions\/9730"}],"wp:featuredmedia":[{"embeddable":true,"href":"https:\/\/www.nexoinformativo.mx\/index.php\/wp-json\/wp\/v2\/media\/9727"}],"wp:attachment":[{"href":"https:\/\/www.nexoinformativo.mx\/index.php\/wp-json\/wp\/v2\/media?parent=9726"}],"wp:term":[{"taxonomy":"category","embeddable":true,"href":"https:\/\/www.nexoinformativo.mx\/index.php\/wp-json\/wp\/v2\/categories?post=9726"},{"taxonomy":"post_tag","embeddable":true,"href":"https:\/\/www.nexoinformativo.mx\/index.php\/wp-json\/wp\/v2\/tags?post=9726"}],"curies":[{"name":"wp","href":"https:\/\/api.w.org\/{rel}","templated":true}]}}