{"id":9748,"date":"2025-01-13T10:00:23","date_gmt":"2025-01-13T16:00:23","guid":{"rendered":"https:\/\/www.nexoinformativo.mx\/?p=9748"},"modified":"2025-01-13T13:32:12","modified_gmt":"2025-01-13T19:32:12","slug":"kuri-impulsa-el-acceso-al-agua-en-el-lacayo-pinal-de-amoles-para-garantizar-el-agua-en-comunidades","status":"publish","type":"post","link":"https:\/\/www.nexoinformativo.mx\/index.php\/2025\/01\/13\/kuri-impulsa-el-acceso-al-agua-en-el-lacayo-pinal-de-amoles-para-garantizar-el-agua-en-comunidades\/","title":{"rendered":"Kuri impulsa el acceso al agua en El Lacayo, Pinal de Amoles para garantizar el agua en comunidades"},"content":{"rendered":"<p style=\"text-align: justify;\" data-sourcepos=\"11:1-11:400\">El gobernador Mauricio Kuri encabez\u00f3 una reuni\u00f3n crucial para abordar la problem\u00e1tica del suministro de agua potable en el municipio de Pinal de Amoles.<\/p>\n<p>&nbsp;<\/p>\n<p style=\"text-align: justify;\" data-sourcepos=\"11:1-11:400\">En este encuentro, se dieron a conocer los avances en el Sistema de Agua Potable La Barranca, as\u00ed como las inversiones realizadas para garantizar el acceso a este vital recurso para las 32 comunidades de la zona.<\/p>\n<p>&nbsp;<\/p>\n<p style=\"text-align: justify;\" data-sourcepos=\"13:1-13:508\">La presidenta municipal, Lupita Ram\u00edrez, agradeci\u00f3 el respaldo del Gobierno del Estado, destacando que la inversi\u00f3n ha superado los 112 millones de pesos.<\/p>\n<p>&nbsp;<\/p>\n<p style=\"text-align: justify;\" data-sourcepos=\"13:1-13:508\">Un ejemplo claro de esta inversi\u00f3n es la reciente intervenci\u00f3n en la comunidad de El Lacayo, donde se transport\u00f3 v\u00eda a\u00e9rea un transformador para asegurar el funcionamiento del sistema hidr\u00e1ulico.<\/p>\n<p>&nbsp;<\/p>\n<p style=\"text-align: justify;\" data-sourcepos=\"13:1-13:508\">Esta acci\u00f3n representa un antes y un despu\u00e9s para los habitantes de la regi\u00f3n, quienes ahora cuentan con un suministro de agua m\u00e1s estable y confiable.<\/p>\n<p>&nbsp;<\/p>\n<p style=\"text-align: justify;\" data-sourcepos=\"15:1-15:202\">Por su parte, el senador Agust\u00edn Dorantes reconoci\u00f3 la importancia de estas acciones, subrayando que han sido fundamentales para enfrentar los desaf\u00edos que trajo consigo la reciente temporada de sequ\u00eda.<\/p>\n<p>&nbsp;<\/p>\n<p style=\"text-align: justify;\" data-sourcepos=\"17:1-17:279\">La reuni\u00f3n sirvi\u00f3 para reafirmar el compromiso del gobierno estatal y municipal de trabajar en conjunto para garantizar el acceso al agua potable a todos los habitantes de Pinal de Amoles. Adem\u00e1s, se destac\u00f3 la importancia de la participaci\u00f3n ciudadana en este tipo de proyectos.<\/p>\n<p>&nbsp;<\/p>\n<p style=\"text-align: center;\" data-sourcepos=\"17:1-17:279\"><em><strong>\u00a1Informaci\u00f3n que transforma!<\/strong><\/em><\/p>\n","protected":false},"excerpt":{"rendered":"<p>El gobernador Mauricio Kuri encabez\u00f3 una reuni\u00f3n crucial para abordar la problem\u00e1tica del suministro de agua potable en el municipio de Pinal de Amoles<\/p>\n","protected":false},"author":3,"featured_media":9749,"comment_status":"open","ping_status":"open","sticky":false,"template":"","format":"standard","meta":{"footnotes":""},"categories":[65,58],"tags":[728,1060,601,133],"class_list":["post-9748","post","type-post","status-publish","format-standard","has-post-thumbnail","hentry","category-municipios","category-ultima-hora","tag-aguapotable","tag-desarrollosostenible","tag-pinaldeamoles","tag-queretaro"],"yoast_head":"<!-- This site is optimized with the Yoast SEO plugin v25.0 - https:\/\/yoast.com\/wordpress\/plugins\/seo\/ -->\n<title>Kuri impulsa el acceso al agua en El Lacayo, Pinal de Amoles para garantizar el agua en comunidades | Nexo Informativo Santiago de Quer\u00e9taro<\/title>\n<meta name=\"description\" content=\"Kuri impulsa el acceso al agua en El Lacayo, Pinal de Amoles para garantizar el agua en comunidades\" \/>\n<meta name=\"robots\" content=\"index, follow, max-snippet:-1, max-image-preview:large, max-video-preview:-1\" \/>\n<link rel=\"canonical\" href=\"https:\/\/www.nexoinformativo.mx\/index.php\/2025\/01\/13\/kuri-impulsa-el-acceso-al-agua-en-el-lacayo-pinal-de-amoles-para-garantizar-el-agua-en-comunidades\/\" \/>\n<meta property=\"og:locale\" content=\"es_MX\" \/>\n<meta property=\"og:type\" content=\"article\" \/>\n<meta property=\"og:title\" content=\"Kuri impulsa el acceso al agua en El Lacayo, Pinal de Amoles para garantizar el agua en comunidades | Nexo Informativo Santiago de Quer\u00e9taro\" \/>\n<meta property=\"og:description\" content=\"Kuri impulsa el acceso al agua en El Lacayo, Pinal de Amoles para garantizar el agua en comunidades\" \/>\n<meta property=\"og:url\" content=\"https:\/\/www.nexoinformativo.mx\/index.php\/2025\/01\/13\/kuri-impulsa-el-acceso-al-agua-en-el-lacayo-pinal-de-amoles-para-garantizar-el-agua-en-comunidades\/\" \/>\n<meta property=\"og:site_name\" content=\"Nexo Informativo Santiago de Quer\u00e9taro\" \/>\n<meta property=\"article:publisher\" content=\"https:\/\/www.facebook.com\/people\/Nexo-Informativo\/61564066885511\/\" \/>\n<meta property=\"article:published_time\" content=\"2025-01-13T16:00:23+00:00\" \/>\n<meta property=\"article:modified_time\" content=\"2025-01-13T19:32:12+00:00\" \/>\n<meta property=\"og:image\" content=\"https:\/\/www.nexoinformativo.mx\/wp-content\/uploads\/2025\/01\/PHOTO-2025-01-13-10-32-13-e1736786218864.jpg\" \/>\n\t<meta property=\"og:image:width\" content=\"800\" \/>\n\t<meta property=\"og:image:height\" content=\"533\" \/>\n\t<meta property=\"og:image:type\" content=\"image\/jpeg\" \/>\n<meta name=\"author\" content=\"Nexo Informativo\" \/>\n<meta name=\"twitter:card\" content=\"summary_large_image\" \/>\n<meta name=\"twitter:label1\" content=\"Escrito por\" \/>\n\t<meta name=\"twitter:data1\" content=\"Nexo Informativo\" \/>\n\t<meta name=\"twitter:label2\" content=\"Tiempo de lectura\" \/>\n\t<meta name=\"twitter:data2\" content=\"2 minutos\" \/>\n<script type=\"application\/ld+json\" class=\"yoast-schema-graph\">{\"@context\":\"https:\/\/schema.org\",\"@graph\":[{\"@type\":\"Article\",\"@id\":\"https:\/\/www.nexoinformativo.mx\/index.php\/2025\/01\/13\/kuri-impulsa-el-acceso-al-agua-en-el-lacayo-pinal-de-amoles-para-garantizar-el-agua-en-comunidades\/#article\",\"isPartOf\":{\"@id\":\"https:\/\/www.nexoinformativo.mx\/index.php\/2025\/01\/13\/kuri-impulsa-el-acceso-al-agua-en-el-lacayo-pinal-de-amoles-para-garantizar-el-agua-en-comunidades\/\"},\"author\":{\"name\":\"Nexo Informativo\",\"@id\":\"https:\/\/www.nexoinformativo.mx\/#\/schema\/person\/7749d380ba08c8ca00d7bc76fd907b7d\"},\"headline\":\"Kuri impulsa el acceso al agua en El Lacayo, Pinal de Amoles para garantizar el agua en comunidades\",\"datePublished\":\"2025-01-13T16:00:23+00:00\",\"dateModified\":\"2025-01-13T19:32:12+00:00\",\"mainEntityOfPage\":{\"@id\":\"https:\/\/www.nexoinformativo.mx\/index.php\/2025\/01\/13\/kuri-impulsa-el-acceso-al-agua-en-el-lacayo-pinal-de-amoles-para-garantizar-el-agua-en-comunidades\/\"},\"wordCount\":261,\"commentCount\":0,\"publisher\":{\"@id\":\"https:\/\/www.nexoinformativo.mx\/#organization\"},\"image\":{\"@id\":\"https:\/\/www.nexoinformativo.mx\/index.php\/2025\/01\/13\/kuri-impulsa-el-acceso-al-agua-en-el-lacayo-pinal-de-amoles-para-garantizar-el-agua-en-comunidades\/#primaryimage\"},\"thumbnailUrl\":\"https:\/\/www.nexoinformativo.mx\/wp-content\/uploads\/2025\/01\/PHOTO-2025-01-13-10-32-13-e1736786218864.jpg\",\"keywords\":[\"AguaPotable\",\"DesarrolloSostenible\",\"PinalDeAmoles\",\"Quer\u00e9taro\"],\"articleSection\":[\"Municipios\",\"\u00daltima Hora\"],\"inLanguage\":\"es\",\"potentialAction\":[{\"@type\":\"CommentAction\",\"name\":\"Comment\",\"target\":[\"https:\/\/www.nexoinformativo.mx\/index.php\/2025\/01\/13\/kuri-impulsa-el-acceso-al-agua-en-el-lacayo-pinal-de-amoles-para-garantizar-el-agua-en-comunidades\/#respond\"]}]},{\"@type\":\"WebPage\",\"@id\":\"https:\/\/www.nexoinformativo.mx\/index.php\/2025\/01\/13\/kuri-impulsa-el-acceso-al-agua-en-el-lacayo-pinal-de-amoles-para-garantizar-el-agua-en-comunidades\/\",\"url\":\"https:\/\/www.nexoinformativo.mx\/index.php\/2025\/01\/13\/kuri-impulsa-el-acceso-al-agua-en-el-lacayo-pinal-de-amoles-para-garantizar-el-agua-en-comunidades\/\",\"name\":\"Kuri impulsa el acceso al agua en El Lacayo, Pinal de Amoles para garantizar el agua en comunidades | Nexo Informativo Santiago de Quer\u00e9taro\",\"isPartOf\":{\"@id\":\"https:\/\/www.nexoinformativo.mx\/#website\"},\"primaryImageOfPage\":{\"@id\":\"https:\/\/www.nexoinformativo.mx\/index.php\/2025\/01\/13\/kuri-impulsa-el-acceso-al-agua-en-el-lacayo-pinal-de-amoles-para-garantizar-el-agua-en-comunidades\/#primaryimage\"},\"image\":{\"@id\":\"https:\/\/www.nexoinformativo.mx\/index.php\/2025\/01\/13\/kuri-impulsa-el-acceso-al-agua-en-el-lacayo-pinal-de-amoles-para-garantizar-el-agua-en-comunidades\/#primaryimage\"},\"thumbnailUrl\":\"https:\/\/www.nexoinformativo.mx\/wp-content\/uploads\/2025\/01\/PHOTO-2025-01-13-10-32-13-e1736786218864.jpg\",\"datePublished\":\"2025-01-13T16:00:23+00:00\",\"dateModified\":\"2025-01-13T19:32:12+00:00\",\"description\":\"Kuri impulsa el acceso al agua en El Lacayo, Pinal de Amoles para garantizar el agua en comunidades\",\"breadcrumb\":{\"@id\":\"https:\/\/www.nexoinformativo.mx\/index.php\/2025\/01\/13\/kuri-impulsa-el-acceso-al-agua-en-el-lacayo-pinal-de-amoles-para-garantizar-el-agua-en-comunidades\/#breadcrumb\"},\"inLanguage\":\"es\",\"potentialAction\":[{\"@type\":\"ReadAction\",\"target\":[\"https:\/\/www.nexoinformativo.mx\/index.php\/2025\/01\/13\/kuri-impulsa-el-acceso-al-agua-en-el-lacayo-pinal-de-amoles-para-garantizar-el-agua-en-comunidades\/\"]}]},{\"@type\":\"ImageObject\",\"inLanguage\":\"es\",\"@id\":\"https:\/\/www.nexoinformativo.mx\/index.php\/2025\/01\/13\/kuri-impulsa-el-acceso-al-agua-en-el-lacayo-pinal-de-amoles-para-garantizar-el-agua-en-comunidades\/#primaryimage\",\"url\":\"https:\/\/www.nexoinformativo.mx\/wp-content\/uploads\/2025\/01\/PHOTO-2025-01-13-10-32-13-e1736786218864.jpg\",\"contentUrl\":\"https:\/\/www.nexoinformativo.mx\/wp-content\/uploads\/2025\/01\/PHOTO-2025-01-13-10-32-13-e1736786218864.jpg\",\"width\":800,\"height\":533},{\"@type\":\"BreadcrumbList\",\"@id\":\"https:\/\/www.nexoinformativo.mx\/index.php\/2025\/01\/13\/kuri-impulsa-el-acceso-al-agua-en-el-lacayo-pinal-de-amoles-para-garantizar-el-agua-en-comunidades\/#breadcrumb\",\"itemListElement\":[{\"@type\":\"ListItem\",\"position\":1,\"name\":\"Inicio\",\"item\":\"https:\/\/www.nexoinformativo.mx\/\"},{\"@type\":\"ListItem\",\"position\":2,\"name\":\"Kuri impulsa el acceso al agua en El Lacayo, Pinal de Amoles para garantizar el agua en comunidades\"}]},{\"@type\":\"WebSite\",\"@id\":\"https:\/\/www.nexoinformativo.mx\/#website\",\"url\":\"https:\/\/www.nexoinformativo.mx\/\",\"name\":\"Nexo Informativo Santiago de Quer\u00e9taro\",\"description\":\"Explora NexoInformativo y convi\u00e9rtete en parte de una comunidad que valora el conocimiento y la verdad. Tu nexoinformativo es tu puente hacia una comprensi\u00f3n m\u00e1s profunda del mundo que te rodea.\",\"publisher\":{\"@id\":\"https:\/\/www.nexoinformativo.mx\/#organization\"},\"potentialAction\":[{\"@type\":\"SearchAction\",\"target\":{\"@type\":\"EntryPoint\",\"urlTemplate\":\"https:\/\/www.nexoinformativo.mx\/?s={search_term_string}\"},\"query-input\":{\"@type\":\"PropertyValueSpecification\",\"valueRequired\":true,\"valueName\":\"search_term_string\"}}],\"inLanguage\":\"es\"},{\"@type\":\"Organization\",\"@id\":\"https:\/\/www.nexoinformativo.mx\/#organization\",\"name\":\"Nexo Informativo Santiago de Quer\u00e9taro\",\"url\":\"https:\/\/www.nexoinformativo.mx\/\",\"logo\":{\"@type\":\"ImageObject\",\"inLanguage\":\"es\",\"@id\":\"https:\/\/www.nexoinformativo.mx\/#\/schema\/logo\/image\/\",\"url\":\"https:\/\/www.nexoinformativo.mx\/wp-content\/uploads\/2024\/07\/nexoi-trasparente-2.png\",\"contentUrl\":\"https:\/\/www.nexoinformativo.mx\/wp-content\/uploads\/2024\/07\/nexoi-trasparente-2.png\",\"width\":816,\"height\":339,\"caption\":\"Nexo Informativo Santiago de Quer\u00e9taro\"},\"image\":{\"@id\":\"https:\/\/www.nexoinformativo.mx\/#\/schema\/logo\/image\/\"},\"sameAs\":[\"https:\/\/www.facebook.com\/people\/Nexo-Informativo\/61564066885511\/\"]},{\"@type\":\"Person\",\"@id\":\"https:\/\/www.nexoinformativo.mx\/#\/schema\/person\/7749d380ba08c8ca00d7bc76fd907b7d\",\"name\":\"Nexo Informativo\",\"image\":{\"@type\":\"ImageObject\",\"inLanguage\":\"es\",\"@id\":\"https:\/\/www.nexoinformativo.mx\/#\/schema\/person\/image\/\",\"url\":\"https:\/\/secure.gravatar.com\/avatar\/dde2928154642a13d95f87ddf1ea9718fe2b46760a005c53e41ff5ad610704e6?s=96&d=mm&r=g\",\"contentUrl\":\"https:\/\/secure.gravatar.com\/avatar\/dde2928154642a13d95f87ddf1ea9718fe2b46760a005c53e41ff5ad610704e6?s=96&d=mm&r=g\",\"caption\":\"Nexo Informativo\"},\"url\":\"https:\/\/www.nexoinformativo.mx\/index.php\/author\/edicion\/\"}]}<\/script>\n<!-- \/ Yoast SEO plugin. -->","yoast_head_json":{"title":"Kuri impulsa el acceso al agua en El Lacayo, Pinal de Amoles para garantizar el agua en comunidades | Nexo Informativo Santiago de Quer\u00e9taro","description":"Kuri impulsa el acceso al agua en El Lacayo, Pinal de Amoles para garantizar el agua en comunidades","robots":{"index":"index","follow":"follow","max-snippet":"max-snippet:-1","max-image-preview":"max-image-preview:large","max-video-preview":"max-video-preview:-1"},"canonical":"https:\/\/www.nexoinformativo.mx\/index.php\/2025\/01\/13\/kuri-impulsa-el-acceso-al-agua-en-el-lacayo-pinal-de-amoles-para-garantizar-el-agua-en-comunidades\/","og_locale":"es_MX","og_type":"article","og_title":"Kuri impulsa el acceso al agua en El Lacayo, Pinal de Amoles para garantizar el agua en comunidades | Nexo Informativo Santiago de Quer\u00e9taro","og_description":"Kuri impulsa el acceso al agua en El Lacayo, Pinal de Amoles para garantizar el agua en comunidades","og_url":"https:\/\/www.nexoinformativo.mx\/index.php\/2025\/01\/13\/kuri-impulsa-el-acceso-al-agua-en-el-lacayo-pinal-de-amoles-para-garantizar-el-agua-en-comunidades\/","og_site_name":"Nexo Informativo Santiago de Quer\u00e9taro","article_publisher":"https:\/\/www.facebook.com\/people\/Nexo-Informativo\/61564066885511\/","article_published_time":"2025-01-13T16:00:23+00:00","article_modified_time":"2025-01-13T19:32:12+00:00","og_image":[{"width":800,"height":533,"url":"https:\/\/www.nexoinformativo.mx\/wp-content\/uploads\/2025\/01\/PHOTO-2025-01-13-10-32-13-e1736786218864.jpg","type":"image\/jpeg"}],"author":"Nexo Informativo","twitter_card":"summary_large_image","twitter_misc":{"Escrito por":"Nexo Informativo","Tiempo de lectura":"2 minutos"},"schema":{"@context":"https:\/\/schema.org","@graph":[{"@type":"Article","@id":"https:\/\/www.nexoinformativo.mx\/index.php\/2025\/01\/13\/kuri-impulsa-el-acceso-al-agua-en-el-lacayo-pinal-de-amoles-para-garantizar-el-agua-en-comunidades\/#article","isPartOf":{"@id":"https:\/\/www.nexoinformativo.mx\/index.php\/2025\/01\/13\/kuri-impulsa-el-acceso-al-agua-en-el-lacayo-pinal-de-amoles-para-garantizar-el-agua-en-comunidades\/"},"author":{"name":"Nexo Informativo","@id":"https:\/\/www.nexoinformativo.mx\/#\/schema\/person\/7749d380ba08c8ca00d7bc76fd907b7d"},"headline":"Kuri impulsa el acceso al agua en El Lacayo, Pinal de Amoles para garantizar el agua en comunidades","datePublished":"2025-01-13T16:00:23+00:00","dateModified":"2025-01-13T19:32:12+00:00","mainEntityOfPage":{"@id":"https:\/\/www.nexoinformativo.mx\/index.php\/2025\/01\/13\/kuri-impulsa-el-acceso-al-agua-en-el-lacayo-pinal-de-amoles-para-garantizar-el-agua-en-comunidades\/"},"wordCount":261,"commentCount":0,"publisher":{"@id":"https:\/\/www.nexoinformativo.mx\/#organization"},"image":{"@id":"https:\/\/www.nexoinformativo.mx\/index.php\/2025\/01\/13\/kuri-impulsa-el-acceso-al-agua-en-el-lacayo-pinal-de-amoles-para-garantizar-el-agua-en-comunidades\/#primaryimage"},"thumbnailUrl":"https:\/\/www.nexoinformativo.mx\/wp-content\/uploads\/2025\/01\/PHOTO-2025-01-13-10-32-13-e1736786218864.jpg","keywords":["AguaPotable","DesarrolloSostenible","PinalDeAmoles","Quer\u00e9taro"],"articleSection":["Municipios","\u00daltima Hora"],"inLanguage":"es","potentialAction":[{"@type":"CommentAction","name":"Comment","target":["https:\/\/www.nexoinformativo.mx\/index.php\/2025\/01\/13\/kuri-impulsa-el-acceso-al-agua-en-el-lacayo-pinal-de-amoles-para-garantizar-el-agua-en-comunidades\/#respond"]}]},{"@type":"WebPage","@id":"https:\/\/www.nexoinformativo.mx\/index.php\/2025\/01\/13\/kuri-impulsa-el-acceso-al-agua-en-el-lacayo-pinal-de-amoles-para-garantizar-el-agua-en-comunidades\/","url":"https:\/\/www.nexoinformativo.mx\/index.php\/2025\/01\/13\/kuri-impulsa-el-acceso-al-agua-en-el-lacayo-pinal-de-amoles-para-garantizar-el-agua-en-comunidades\/","name":"Kuri impulsa el acceso al agua en El Lacayo, Pinal de Amoles para garantizar el agua en comunidades | Nexo Informativo Santiago de Quer\u00e9taro","isPartOf":{"@id":"https:\/\/www.nexoinformativo.mx\/#website"},"primaryImageOfPage":{"@id":"https:\/\/www.nexoinformativo.mx\/index.php\/2025\/01\/13\/kuri-impulsa-el-acceso-al-agua-en-el-lacayo-pinal-de-amoles-para-garantizar-el-agua-en-comunidades\/#primaryimage"},"image":{"@id":"https:\/\/www.nexoinformativo.mx\/index.php\/2025\/01\/13\/kuri-impulsa-el-acceso-al-agua-en-el-lacayo-pinal-de-amoles-para-garantizar-el-agua-en-comunidades\/#primaryimage"},"thumbnailUrl":"https:\/\/www.nexoinformativo.mx\/wp-content\/uploads\/2025\/01\/PHOTO-2025-01-13-10-32-13-e1736786218864.jpg","datePublished":"2025-01-13T16:00:23+00:00","dateModified":"2025-01-13T19:32:12+00:00","description":"Kuri impulsa el acceso al agua en El Lacayo, Pinal de Amoles para garantizar el agua en comunidades","breadcrumb":{"@id":"https:\/\/www.nexoinformativo.mx\/index.php\/2025\/01\/13\/kuri-impulsa-el-acceso-al-agua-en-el-lacayo-pinal-de-amoles-para-garantizar-el-agua-en-comunidades\/#breadcrumb"},"inLanguage":"es","potentialAction":[{"@type":"ReadAction","target":["https:\/\/www.nexoinformativo.mx\/index.php\/2025\/01\/13\/kuri-impulsa-el-acceso-al-agua-en-el-lacayo-pinal-de-amoles-para-garantizar-el-agua-en-comunidades\/"]}]},{"@type":"ImageObject","inLanguage":"es","@id":"https:\/\/www.nexoinformativo.mx\/index.php\/2025\/01\/13\/kuri-impulsa-el-acceso-al-agua-en-el-lacayo-pinal-de-amoles-para-garantizar-el-agua-en-comunidades\/#primaryimage","url":"https:\/\/www.nexoinformativo.mx\/wp-content\/uploads\/2025\/01\/PHOTO-2025-01-13-10-32-13-e1736786218864.jpg","contentUrl":"https:\/\/www.nexoinformativo.mx\/wp-content\/uploads\/2025\/01\/PHOTO-2025-01-13-10-32-13-e1736786218864.jpg","width":800,"height":533},{"@type":"BreadcrumbList","@id":"https:\/\/www.nexoinformativo.mx\/index.php\/2025\/01\/13\/kuri-impulsa-el-acceso-al-agua-en-el-lacayo-pinal-de-amoles-para-garantizar-el-agua-en-comunidades\/#breadcrumb","itemListElement":[{"@type":"ListItem","position":1,"name":"Inicio","item":"https:\/\/www.nexoinformativo.mx\/"},{"@type":"ListItem","position":2,"name":"Kuri impulsa el acceso al agua en El Lacayo, Pinal de Amoles para garantizar el agua en comunidades"}]},{"@type":"WebSite","@id":"https:\/\/www.nexoinformativo.mx\/#website","url":"https:\/\/www.nexoinformativo.mx\/","name":"Nexo Informativo Santiago de Quer\u00e9taro","description":"Explora NexoInformativo y convi\u00e9rtete en parte de una comunidad que valora el conocimiento y la verdad. Tu nexoinformativo es tu puente hacia una comprensi\u00f3n m\u00e1s profunda del mundo que te rodea.","publisher":{"@id":"https:\/\/www.nexoinformativo.mx\/#organization"},"potentialAction":[{"@type":"SearchAction","target":{"@type":"EntryPoint","urlTemplate":"https:\/\/www.nexoinformativo.mx\/?s={search_term_string}"},"query-input":{"@type":"PropertyValueSpecification","valueRequired":true,"valueName":"search_term_string"}}],"inLanguage":"es"},{"@type":"Organization","@id":"https:\/\/www.nexoinformativo.mx\/#organization","name":"Nexo Informativo Santiago de Quer\u00e9taro","url":"https:\/\/www.nexoinformativo.mx\/","logo":{"@type":"ImageObject","inLanguage":"es","@id":"https:\/\/www.nexoinformativo.mx\/#\/schema\/logo\/image\/","url":"https:\/\/www.nexoinformativo.mx\/wp-content\/uploads\/2024\/07\/nexoi-trasparente-2.png","contentUrl":"https:\/\/www.nexoinformativo.mx\/wp-content\/uploads\/2024\/07\/nexoi-trasparente-2.png","width":816,"height":339,"caption":"Nexo Informativo Santiago de Quer\u00e9taro"},"image":{"@id":"https:\/\/www.nexoinformativo.mx\/#\/schema\/logo\/image\/"},"sameAs":["https:\/\/www.facebook.com\/people\/Nexo-Informativo\/61564066885511\/"]},{"@type":"Person","@id":"https:\/\/www.nexoinformativo.mx\/#\/schema\/person\/7749d380ba08c8ca00d7bc76fd907b7d","name":"Nexo Informativo","image":{"@type":"ImageObject","inLanguage":"es","@id":"https:\/\/www.nexoinformativo.mx\/#\/schema\/person\/image\/","url":"https:\/\/secure.gravatar.com\/avatar\/dde2928154642a13d95f87ddf1ea9718fe2b46760a005c53e41ff5ad610704e6?s=96&d=mm&r=g","contentUrl":"https:\/\/secure.gravatar.com\/avatar\/dde2928154642a13d95f87ddf1ea9718fe2b46760a005c53e41ff5ad610704e6?s=96&d=mm&r=g","caption":"Nexo Informativo"},"url":"https:\/\/www.nexoinformativo.mx\/index.php\/author\/edicion\/"}]}},"_links":{"self":[{"href":"https:\/\/www.nexoinformativo.mx\/index.php\/wp-json\/wp\/v2\/posts\/9748","targetHints":{"allow":["GET"]}}],"collection":[{"href":"https:\/\/www.nexoinformativo.mx\/index.php\/wp-json\/wp\/v2\/posts"}],"about":[{"href":"https:\/\/www.nexoinformativo.mx\/index.php\/wp-json\/wp\/v2\/types\/post"}],"author":[{"embeddable":true,"href":"https:\/\/www.nexoinformativo.mx\/index.php\/wp-json\/wp\/v2\/users\/3"}],"replies":[{"embeddable":true,"href":"https:\/\/www.nexoinformativo.mx\/index.php\/wp-json\/wp\/v2\/comments?post=9748"}],"version-history":[{"count":4,"href":"https:\/\/www.nexoinformativo.mx\/index.php\/wp-json\/wp\/v2\/posts\/9748\/revisions"}],"predecessor-version":[{"id":9754,"href":"https:\/\/www.nexoinformativo.mx\/index.php\/wp-json\/wp\/v2\/posts\/9748\/revisions\/9754"}],"wp:featuredmedia":[{"embeddable":true,"href":"https:\/\/www.nexoinformativo.mx\/index.php\/wp-json\/wp\/v2\/media\/9749"}],"wp:attachment":[{"href":"https:\/\/www.nexoinformativo.mx\/index.php\/wp-json\/wp\/v2\/media?parent=9748"}],"wp:term":[{"taxonomy":"category","embeddable":true,"href":"https:\/\/www.nexoinformativo.mx\/index.php\/wp-json\/wp\/v2\/categories?post=9748"},{"taxonomy":"post_tag","embeddable":true,"href":"https:\/\/www.nexoinformativo.mx\/index.php\/wp-json\/wp\/v2\/tags?post=9748"}],"curies":[{"name":"wp","href":"https:\/\/api.w.org\/{rel}","templated":true}]}}