{"id":9755,"date":"2025-01-13T11:00:16","date_gmt":"2025-01-13T17:00:16","guid":{"rendered":"https:\/\/www.nexoinformativo.mx\/?p=9755"},"modified":"2025-01-13T13:38:01","modified_gmt":"2025-01-13T19:38:01","slug":"exito-en-la-lucha-contra-el-robo-de-autos-mas-de-2000-vehiculos-recuperados-y-devueltos","status":"publish","type":"post","link":"https:\/\/www.nexoinformativo.mx\/index.php\/2025\/01\/13\/exito-en-la-lucha-contra-el-robo-de-autos-mas-de-2000-vehiculos-recuperados-y-devueltos\/","title":{"rendered":"\u00c9xito en la lucha contra el robo de autos m\u00e1s de 2000 veh\u00edculos recuperados y devueltos"},"content":{"rendered":"<p style=\"text-align: justify;\" data-sourcepos=\"11:1-11:322\">En un gran logro para la seguridad ciudadana en Quer\u00e9taro, la <strong>Fiscal\u00eda General del Estado<\/strong> (FGE) inform\u00f3 que durante el a\u00f1o 2024 se recuperaron 2 mil 935 veh\u00edculos con reporte de robo. De esta impresionante cifra, un total de 2 mil 104 veh\u00edculos han sido devueltos a sus leg\u00edtimos propietarios.<\/p>\n<\/p>\n<p>&nbsp;<\/p>\n<p style=\"text-align: justify;\" data-sourcepos=\"13:1-13:371\">Esto representa un porcentaje del 72%, lo que significa que siete de cada diez veh\u00edculos recuperados han regresado a manos de sus due\u00f1os.<\/p>\n<\/p>\n<p>&nbsp;<\/p>\n<p style=\"text-align: justify;\" data-sourcepos=\"13:1-13:371\">Este resultado es producto del trabajo incansable de los agentes ministeriales, polic\u00edas y peritos, quienes en coordinaci\u00f3n con otras corporaciones de seguridad, han logrado desmantelar diversas bandas dedicadas al robo de veh\u00edculos.<\/p>\n<\/p>\n<p>&nbsp;<\/p>\n<p style=\"text-align: justify;\" data-sourcepos=\"15:1-15:343\">La Fiscal\u00eda General del Estado ha destacado la importancia de este logro, ya que demuestra el compromiso de las autoridades por combatir este delito y devolver la tranquilidad a las v\u00edctimas.<\/p>\n<\/p>\n<p>&nbsp;<\/p>\n<p style=\"text-align: justify;\" data-sourcepos=\"15:1-15:343\">Asimismo, se ha resaltado la importancia de la colaboraci\u00f3n ciudadana para denunciar cualquier hecho delictivo y as\u00ed poder actuar de manera m\u00e1s eficaz.<\/p>\n<\/p>\n<p>&nbsp;<\/p>\n<p style=\"text-align: center;\" data-sourcepos=\"15:1-15:343\"><em><strong>\u00a1Informaci\u00f3n que transforma!<\/strong><\/em><\/p>\n","protected":false},"excerpt":{"rendered":"<p>En un gran logro para la seguridad ciudadana en Quer\u00e9taro, la Fiscal\u00eda General del Estado (FGE) inform\u00f3 que durante el a\u00f1o 2024 se recuperaron 2 mil 935 veh\u00edculos con reporte de robo. De esta impresionante cifra, un total de 2 mil 104 veh\u00edculos han sido devueltos a sus leg\u00edtimos propietarios. &nbsp; Esto representa un porcentaje [&hellip;]<\/p>\n","protected":false},"author":3,"featured_media":9756,"comment_status":"open","ping_status":"open","sticky":false,"template":"","format":"standard","meta":{"footnotes":""},"categories":[42,58],"tags":[3076,500,242,2071],"class_list":["post-9755","post","type-post","status-publish","format-standard","has-post-thumbnail","hentry","category-estado","category-ultima-hora","tag-combatealrobo","tag-fiscaliaqueretaro","tag-queretaroseguro","tag-recuperaciondevehiculos"],"yoast_head":"<!-- This site is optimized with the Yoast SEO plugin v25.0 - https:\/\/yoast.com\/wordpress\/plugins\/seo\/ -->\n<title>\u00c9xito en la lucha contra el robo de autos m\u00e1s de 2000 veh\u00edculos recuperados y devueltos | Nexo Informativo Santiago de Quer\u00e9taro<\/title>\n<meta name=\"description\" content=\"\u00c9xito en la lucha contra el robo de autos m\u00e1s de 2000 veh\u00edculos recuperados y devueltos\" \/>\n<meta name=\"robots\" content=\"index, follow, max-snippet:-1, max-image-preview:large, max-video-preview:-1\" \/>\n<link rel=\"canonical\" href=\"https:\/\/www.nexoinformativo.mx\/index.php\/2025\/01\/13\/exito-en-la-lucha-contra-el-robo-de-autos-mas-de-2000-vehiculos-recuperados-y-devueltos\/\" \/>\n<meta property=\"og:locale\" content=\"es_MX\" \/>\n<meta property=\"og:type\" content=\"article\" \/>\n<meta property=\"og:title\" content=\"\u00c9xito en la lucha contra el robo de autos m\u00e1s de 2000 veh\u00edculos recuperados y devueltos | Nexo Informativo Santiago de Quer\u00e9taro\" \/>\n<meta property=\"og:description\" content=\"\u00c9xito en la lucha contra el robo de autos m\u00e1s de 2000 veh\u00edculos recuperados y devueltos\" \/>\n<meta property=\"og:url\" content=\"https:\/\/www.nexoinformativo.mx\/index.php\/2025\/01\/13\/exito-en-la-lucha-contra-el-robo-de-autos-mas-de-2000-vehiculos-recuperados-y-devueltos\/\" \/>\n<meta property=\"og:site_name\" content=\"Nexo Informativo Santiago de Quer\u00e9taro\" \/>\n<meta property=\"article:publisher\" content=\"https:\/\/www.facebook.com\/people\/Nexo-Informativo\/61564066885511\/\" \/>\n<meta property=\"article:published_time\" content=\"2025-01-13T17:00:16+00:00\" \/>\n<meta property=\"article:modified_time\" content=\"2025-01-13T19:38:01+00:00\" \/>\n<meta property=\"og:image\" content=\"https:\/\/www.nexoinformativo.mx\/wp-content\/uploads\/2025\/01\/PHOTO-2025-01-13-11-53-25-e1736796970215.jpg\" \/>\n\t<meta property=\"og:image:width\" content=\"800\" \/>\n\t<meta property=\"og:image:height\" content=\"504\" \/>\n\t<meta property=\"og:image:type\" content=\"image\/jpeg\" \/>\n<meta name=\"author\" content=\"Nexo Informativo\" \/>\n<meta name=\"twitter:card\" content=\"summary_large_image\" \/>\n<meta name=\"twitter:label1\" content=\"Escrito por\" \/>\n\t<meta name=\"twitter:data1\" content=\"Nexo Informativo\" \/>\n\t<meta name=\"twitter:label2\" content=\"Tiempo de lectura\" \/>\n\t<meta name=\"twitter:data2\" content=\"1 minuto\" \/>\n<script type=\"application\/ld+json\" class=\"yoast-schema-graph\">{\"@context\":\"https:\/\/schema.org\",\"@graph\":[{\"@type\":\"Article\",\"@id\":\"https:\/\/www.nexoinformativo.mx\/index.php\/2025\/01\/13\/exito-en-la-lucha-contra-el-robo-de-autos-mas-de-2000-vehiculos-recuperados-y-devueltos\/#article\",\"isPartOf\":{\"@id\":\"https:\/\/www.nexoinformativo.mx\/index.php\/2025\/01\/13\/exito-en-la-lucha-contra-el-robo-de-autos-mas-de-2000-vehiculos-recuperados-y-devueltos\/\"},\"author\":{\"name\":\"Nexo Informativo\",\"@id\":\"https:\/\/www.nexoinformativo.mx\/#\/schema\/person\/7749d380ba08c8ca00d7bc76fd907b7d\"},\"headline\":\"\u00c9xito en la lucha contra el robo de autos m\u00e1s de 2000 veh\u00edculos recuperados y devueltos\",\"datePublished\":\"2025-01-13T17:00:16+00:00\",\"dateModified\":\"2025-01-13T19:38:01+00:00\",\"mainEntityOfPage\":{\"@id\":\"https:\/\/www.nexoinformativo.mx\/index.php\/2025\/01\/13\/exito-en-la-lucha-contra-el-robo-de-autos-mas-de-2000-vehiculos-recuperados-y-devueltos\/\"},\"wordCount\":194,\"commentCount\":0,\"publisher\":{\"@id\":\"https:\/\/www.nexoinformativo.mx\/#organization\"},\"image\":{\"@id\":\"https:\/\/www.nexoinformativo.mx\/index.php\/2025\/01\/13\/exito-en-la-lucha-contra-el-robo-de-autos-mas-de-2000-vehiculos-recuperados-y-devueltos\/#primaryimage\"},\"thumbnailUrl\":\"https:\/\/www.nexoinformativo.mx\/wp-content\/uploads\/2025\/01\/PHOTO-2025-01-13-11-53-25-e1736796970215.jpg\",\"keywords\":[\"CombateAlRobo\",\"Fiscal\u00edaQuer\u00e9taro\",\"QueretaroSeguro\",\"Recuperaci\u00f3nDeVeh\u00edculos\"],\"articleSection\":[\"Estado\",\"\u00daltima Hora\"],\"inLanguage\":\"es\",\"potentialAction\":[{\"@type\":\"CommentAction\",\"name\":\"Comment\",\"target\":[\"https:\/\/www.nexoinformativo.mx\/index.php\/2025\/01\/13\/exito-en-la-lucha-contra-el-robo-de-autos-mas-de-2000-vehiculos-recuperados-y-devueltos\/#respond\"]}]},{\"@type\":\"WebPage\",\"@id\":\"https:\/\/www.nexoinformativo.mx\/index.php\/2025\/01\/13\/exito-en-la-lucha-contra-el-robo-de-autos-mas-de-2000-vehiculos-recuperados-y-devueltos\/\",\"url\":\"https:\/\/www.nexoinformativo.mx\/index.php\/2025\/01\/13\/exito-en-la-lucha-contra-el-robo-de-autos-mas-de-2000-vehiculos-recuperados-y-devueltos\/\",\"name\":\"\u00c9xito en la lucha contra el robo de autos m\u00e1s de 2000 veh\u00edculos recuperados y devueltos | Nexo Informativo Santiago de Quer\u00e9taro\",\"isPartOf\":{\"@id\":\"https:\/\/www.nexoinformativo.mx\/#website\"},\"primaryImageOfPage\":{\"@id\":\"https:\/\/www.nexoinformativo.mx\/index.php\/2025\/01\/13\/exito-en-la-lucha-contra-el-robo-de-autos-mas-de-2000-vehiculos-recuperados-y-devueltos\/#primaryimage\"},\"image\":{\"@id\":\"https:\/\/www.nexoinformativo.mx\/index.php\/2025\/01\/13\/exito-en-la-lucha-contra-el-robo-de-autos-mas-de-2000-vehiculos-recuperados-y-devueltos\/#primaryimage\"},\"thumbnailUrl\":\"https:\/\/www.nexoinformativo.mx\/wp-content\/uploads\/2025\/01\/PHOTO-2025-01-13-11-53-25-e1736796970215.jpg\",\"datePublished\":\"2025-01-13T17:00:16+00:00\",\"dateModified\":\"2025-01-13T19:38:01+00:00\",\"description\":\"\u00c9xito en la lucha contra el robo de autos m\u00e1s de 2000 veh\u00edculos recuperados y devueltos\",\"breadcrumb\":{\"@id\":\"https:\/\/www.nexoinformativo.mx\/index.php\/2025\/01\/13\/exito-en-la-lucha-contra-el-robo-de-autos-mas-de-2000-vehiculos-recuperados-y-devueltos\/#breadcrumb\"},\"inLanguage\":\"es\",\"potentialAction\":[{\"@type\":\"ReadAction\",\"target\":[\"https:\/\/www.nexoinformativo.mx\/index.php\/2025\/01\/13\/exito-en-la-lucha-contra-el-robo-de-autos-mas-de-2000-vehiculos-recuperados-y-devueltos\/\"]}]},{\"@type\":\"ImageObject\",\"inLanguage\":\"es\",\"@id\":\"https:\/\/www.nexoinformativo.mx\/index.php\/2025\/01\/13\/exito-en-la-lucha-contra-el-robo-de-autos-mas-de-2000-vehiculos-recuperados-y-devueltos\/#primaryimage\",\"url\":\"https:\/\/www.nexoinformativo.mx\/wp-content\/uploads\/2025\/01\/PHOTO-2025-01-13-11-53-25-e1736796970215.jpg\",\"contentUrl\":\"https:\/\/www.nexoinformativo.mx\/wp-content\/uploads\/2025\/01\/PHOTO-2025-01-13-11-53-25-e1736796970215.jpg\",\"width\":800,\"height\":504},{\"@type\":\"BreadcrumbList\",\"@id\":\"https:\/\/www.nexoinformativo.mx\/index.php\/2025\/01\/13\/exito-en-la-lucha-contra-el-robo-de-autos-mas-de-2000-vehiculos-recuperados-y-devueltos\/#breadcrumb\",\"itemListElement\":[{\"@type\":\"ListItem\",\"position\":1,\"name\":\"Inicio\",\"item\":\"https:\/\/www.nexoinformativo.mx\/\"},{\"@type\":\"ListItem\",\"position\":2,\"name\":\"\u00c9xito en la lucha contra el robo de autos m\u00e1s de 2000 veh\u00edculos recuperados y devueltos\"}]},{\"@type\":\"WebSite\",\"@id\":\"https:\/\/www.nexoinformativo.mx\/#website\",\"url\":\"https:\/\/www.nexoinformativo.mx\/\",\"name\":\"Nexo Informativo Santiago de Quer\u00e9taro\",\"description\":\"Explora NexoInformativo y convi\u00e9rtete en parte de una comunidad que valora el conocimiento y la verdad. Tu nexoinformativo es tu puente hacia una comprensi\u00f3n m\u00e1s profunda del mundo que te rodea.\",\"publisher\":{\"@id\":\"https:\/\/www.nexoinformativo.mx\/#organization\"},\"potentialAction\":[{\"@type\":\"SearchAction\",\"target\":{\"@type\":\"EntryPoint\",\"urlTemplate\":\"https:\/\/www.nexoinformativo.mx\/?s={search_term_string}\"},\"query-input\":{\"@type\":\"PropertyValueSpecification\",\"valueRequired\":true,\"valueName\":\"search_term_string\"}}],\"inLanguage\":\"es\"},{\"@type\":\"Organization\",\"@id\":\"https:\/\/www.nexoinformativo.mx\/#organization\",\"name\":\"Nexo Informativo Santiago de Quer\u00e9taro\",\"url\":\"https:\/\/www.nexoinformativo.mx\/\",\"logo\":{\"@type\":\"ImageObject\",\"inLanguage\":\"es\",\"@id\":\"https:\/\/www.nexoinformativo.mx\/#\/schema\/logo\/image\/\",\"url\":\"https:\/\/www.nexoinformativo.mx\/wp-content\/uploads\/2024\/07\/nexoi-trasparente-2.png\",\"contentUrl\":\"https:\/\/www.nexoinformativo.mx\/wp-content\/uploads\/2024\/07\/nexoi-trasparente-2.png\",\"width\":816,\"height\":339,\"caption\":\"Nexo Informativo Santiago de Quer\u00e9taro\"},\"image\":{\"@id\":\"https:\/\/www.nexoinformativo.mx\/#\/schema\/logo\/image\/\"},\"sameAs\":[\"https:\/\/www.facebook.com\/people\/Nexo-Informativo\/61564066885511\/\"]},{\"@type\":\"Person\",\"@id\":\"https:\/\/www.nexoinformativo.mx\/#\/schema\/person\/7749d380ba08c8ca00d7bc76fd907b7d\",\"name\":\"Nexo Informativo\",\"image\":{\"@type\":\"ImageObject\",\"inLanguage\":\"es\",\"@id\":\"https:\/\/www.nexoinformativo.mx\/#\/schema\/person\/image\/\",\"url\":\"https:\/\/secure.gravatar.com\/avatar\/dde2928154642a13d95f87ddf1ea9718fe2b46760a005c53e41ff5ad610704e6?s=96&d=mm&r=g\",\"contentUrl\":\"https:\/\/secure.gravatar.com\/avatar\/dde2928154642a13d95f87ddf1ea9718fe2b46760a005c53e41ff5ad610704e6?s=96&d=mm&r=g\",\"caption\":\"Nexo Informativo\"},\"url\":\"https:\/\/www.nexoinformativo.mx\/index.php\/author\/edicion\/\"}]}<\/script>\n<!-- \/ Yoast SEO plugin. -->","yoast_head_json":{"title":"\u00c9xito en la lucha contra el robo de autos m\u00e1s de 2000 veh\u00edculos recuperados y devueltos | Nexo Informativo Santiago de Quer\u00e9taro","description":"\u00c9xito en la lucha contra el robo de autos m\u00e1s de 2000 veh\u00edculos recuperados y devueltos","robots":{"index":"index","follow":"follow","max-snippet":"max-snippet:-1","max-image-preview":"max-image-preview:large","max-video-preview":"max-video-preview:-1"},"canonical":"https:\/\/www.nexoinformativo.mx\/index.php\/2025\/01\/13\/exito-en-la-lucha-contra-el-robo-de-autos-mas-de-2000-vehiculos-recuperados-y-devueltos\/","og_locale":"es_MX","og_type":"article","og_title":"\u00c9xito en la lucha contra el robo de autos m\u00e1s de 2000 veh\u00edculos recuperados y devueltos | Nexo Informativo Santiago de Quer\u00e9taro","og_description":"\u00c9xito en la lucha contra el robo de autos m\u00e1s de 2000 veh\u00edculos recuperados y devueltos","og_url":"https:\/\/www.nexoinformativo.mx\/index.php\/2025\/01\/13\/exito-en-la-lucha-contra-el-robo-de-autos-mas-de-2000-vehiculos-recuperados-y-devueltos\/","og_site_name":"Nexo Informativo Santiago de Quer\u00e9taro","article_publisher":"https:\/\/www.facebook.com\/people\/Nexo-Informativo\/61564066885511\/","article_published_time":"2025-01-13T17:00:16+00:00","article_modified_time":"2025-01-13T19:38:01+00:00","og_image":[{"width":800,"height":504,"url":"https:\/\/www.nexoinformativo.mx\/wp-content\/uploads\/2025\/01\/PHOTO-2025-01-13-11-53-25-e1736796970215.jpg","type":"image\/jpeg"}],"author":"Nexo Informativo","twitter_card":"summary_large_image","twitter_misc":{"Escrito por":"Nexo Informativo","Tiempo de lectura":"1 minuto"},"schema":{"@context":"https:\/\/schema.org","@graph":[{"@type":"Article","@id":"https:\/\/www.nexoinformativo.mx\/index.php\/2025\/01\/13\/exito-en-la-lucha-contra-el-robo-de-autos-mas-de-2000-vehiculos-recuperados-y-devueltos\/#article","isPartOf":{"@id":"https:\/\/www.nexoinformativo.mx\/index.php\/2025\/01\/13\/exito-en-la-lucha-contra-el-robo-de-autos-mas-de-2000-vehiculos-recuperados-y-devueltos\/"},"author":{"name":"Nexo Informativo","@id":"https:\/\/www.nexoinformativo.mx\/#\/schema\/person\/7749d380ba08c8ca00d7bc76fd907b7d"},"headline":"\u00c9xito en la lucha contra el robo de autos m\u00e1s de 2000 veh\u00edculos recuperados y devueltos","datePublished":"2025-01-13T17:00:16+00:00","dateModified":"2025-01-13T19:38:01+00:00","mainEntityOfPage":{"@id":"https:\/\/www.nexoinformativo.mx\/index.php\/2025\/01\/13\/exito-en-la-lucha-contra-el-robo-de-autos-mas-de-2000-vehiculos-recuperados-y-devueltos\/"},"wordCount":194,"commentCount":0,"publisher":{"@id":"https:\/\/www.nexoinformativo.mx\/#organization"},"image":{"@id":"https:\/\/www.nexoinformativo.mx\/index.php\/2025\/01\/13\/exito-en-la-lucha-contra-el-robo-de-autos-mas-de-2000-vehiculos-recuperados-y-devueltos\/#primaryimage"},"thumbnailUrl":"https:\/\/www.nexoinformativo.mx\/wp-content\/uploads\/2025\/01\/PHOTO-2025-01-13-11-53-25-e1736796970215.jpg","keywords":["CombateAlRobo","Fiscal\u00edaQuer\u00e9taro","QueretaroSeguro","Recuperaci\u00f3nDeVeh\u00edculos"],"articleSection":["Estado","\u00daltima Hora"],"inLanguage":"es","potentialAction":[{"@type":"CommentAction","name":"Comment","target":["https:\/\/www.nexoinformativo.mx\/index.php\/2025\/01\/13\/exito-en-la-lucha-contra-el-robo-de-autos-mas-de-2000-vehiculos-recuperados-y-devueltos\/#respond"]}]},{"@type":"WebPage","@id":"https:\/\/www.nexoinformativo.mx\/index.php\/2025\/01\/13\/exito-en-la-lucha-contra-el-robo-de-autos-mas-de-2000-vehiculos-recuperados-y-devueltos\/","url":"https:\/\/www.nexoinformativo.mx\/index.php\/2025\/01\/13\/exito-en-la-lucha-contra-el-robo-de-autos-mas-de-2000-vehiculos-recuperados-y-devueltos\/","name":"\u00c9xito en la lucha contra el robo de autos m\u00e1s de 2000 veh\u00edculos recuperados y devueltos | Nexo Informativo Santiago de Quer\u00e9taro","isPartOf":{"@id":"https:\/\/www.nexoinformativo.mx\/#website"},"primaryImageOfPage":{"@id":"https:\/\/www.nexoinformativo.mx\/index.php\/2025\/01\/13\/exito-en-la-lucha-contra-el-robo-de-autos-mas-de-2000-vehiculos-recuperados-y-devueltos\/#primaryimage"},"image":{"@id":"https:\/\/www.nexoinformativo.mx\/index.php\/2025\/01\/13\/exito-en-la-lucha-contra-el-robo-de-autos-mas-de-2000-vehiculos-recuperados-y-devueltos\/#primaryimage"},"thumbnailUrl":"https:\/\/www.nexoinformativo.mx\/wp-content\/uploads\/2025\/01\/PHOTO-2025-01-13-11-53-25-e1736796970215.jpg","datePublished":"2025-01-13T17:00:16+00:00","dateModified":"2025-01-13T19:38:01+00:00","description":"\u00c9xito en la lucha contra el robo de autos m\u00e1s de 2000 veh\u00edculos recuperados y devueltos","breadcrumb":{"@id":"https:\/\/www.nexoinformativo.mx\/index.php\/2025\/01\/13\/exito-en-la-lucha-contra-el-robo-de-autos-mas-de-2000-vehiculos-recuperados-y-devueltos\/#breadcrumb"},"inLanguage":"es","potentialAction":[{"@type":"ReadAction","target":["https:\/\/www.nexoinformativo.mx\/index.php\/2025\/01\/13\/exito-en-la-lucha-contra-el-robo-de-autos-mas-de-2000-vehiculos-recuperados-y-devueltos\/"]}]},{"@type":"ImageObject","inLanguage":"es","@id":"https:\/\/www.nexoinformativo.mx\/index.php\/2025\/01\/13\/exito-en-la-lucha-contra-el-robo-de-autos-mas-de-2000-vehiculos-recuperados-y-devueltos\/#primaryimage","url":"https:\/\/www.nexoinformativo.mx\/wp-content\/uploads\/2025\/01\/PHOTO-2025-01-13-11-53-25-e1736796970215.jpg","contentUrl":"https:\/\/www.nexoinformativo.mx\/wp-content\/uploads\/2025\/01\/PHOTO-2025-01-13-11-53-25-e1736796970215.jpg","width":800,"height":504},{"@type":"BreadcrumbList","@id":"https:\/\/www.nexoinformativo.mx\/index.php\/2025\/01\/13\/exito-en-la-lucha-contra-el-robo-de-autos-mas-de-2000-vehiculos-recuperados-y-devueltos\/#breadcrumb","itemListElement":[{"@type":"ListItem","position":1,"name":"Inicio","item":"https:\/\/www.nexoinformativo.mx\/"},{"@type":"ListItem","position":2,"name":"\u00c9xito en la lucha contra el robo de autos m\u00e1s de 2000 veh\u00edculos recuperados y devueltos"}]},{"@type":"WebSite","@id":"https:\/\/www.nexoinformativo.mx\/#website","url":"https:\/\/www.nexoinformativo.mx\/","name":"Nexo Informativo Santiago de Quer\u00e9taro","description":"Explora NexoInformativo y convi\u00e9rtete en parte de una comunidad que valora el conocimiento y la verdad. Tu nexoinformativo es tu puente hacia una comprensi\u00f3n m\u00e1s profunda del mundo que te rodea.","publisher":{"@id":"https:\/\/www.nexoinformativo.mx\/#organization"},"potentialAction":[{"@type":"SearchAction","target":{"@type":"EntryPoint","urlTemplate":"https:\/\/www.nexoinformativo.mx\/?s={search_term_string}"},"query-input":{"@type":"PropertyValueSpecification","valueRequired":true,"valueName":"search_term_string"}}],"inLanguage":"es"},{"@type":"Organization","@id":"https:\/\/www.nexoinformativo.mx\/#organization","name":"Nexo Informativo Santiago de Quer\u00e9taro","url":"https:\/\/www.nexoinformativo.mx\/","logo":{"@type":"ImageObject","inLanguage":"es","@id":"https:\/\/www.nexoinformativo.mx\/#\/schema\/logo\/image\/","url":"https:\/\/www.nexoinformativo.mx\/wp-content\/uploads\/2024\/07\/nexoi-trasparente-2.png","contentUrl":"https:\/\/www.nexoinformativo.mx\/wp-content\/uploads\/2024\/07\/nexoi-trasparente-2.png","width":816,"height":339,"caption":"Nexo Informativo Santiago de Quer\u00e9taro"},"image":{"@id":"https:\/\/www.nexoinformativo.mx\/#\/schema\/logo\/image\/"},"sameAs":["https:\/\/www.facebook.com\/people\/Nexo-Informativo\/61564066885511\/"]},{"@type":"Person","@id":"https:\/\/www.nexoinformativo.mx\/#\/schema\/person\/7749d380ba08c8ca00d7bc76fd907b7d","name":"Nexo Informativo","image":{"@type":"ImageObject","inLanguage":"es","@id":"https:\/\/www.nexoinformativo.mx\/#\/schema\/person\/image\/","url":"https:\/\/secure.gravatar.com\/avatar\/dde2928154642a13d95f87ddf1ea9718fe2b46760a005c53e41ff5ad610704e6?s=96&d=mm&r=g","contentUrl":"https:\/\/secure.gravatar.com\/avatar\/dde2928154642a13d95f87ddf1ea9718fe2b46760a005c53e41ff5ad610704e6?s=96&d=mm&r=g","caption":"Nexo Informativo"},"url":"https:\/\/www.nexoinformativo.mx\/index.php\/author\/edicion\/"}]}},"_links":{"self":[{"href":"https:\/\/www.nexoinformativo.mx\/index.php\/wp-json\/wp\/v2\/posts\/9755","targetHints":{"allow":["GET"]}}],"collection":[{"href":"https:\/\/www.nexoinformativo.mx\/index.php\/wp-json\/wp\/v2\/posts"}],"about":[{"href":"https:\/\/www.nexoinformativo.mx\/index.php\/wp-json\/wp\/v2\/types\/post"}],"author":[{"embeddable":true,"href":"https:\/\/www.nexoinformativo.mx\/index.php\/wp-json\/wp\/v2\/users\/3"}],"replies":[{"embeddable":true,"href":"https:\/\/www.nexoinformativo.mx\/index.php\/wp-json\/wp\/v2\/comments?post=9755"}],"version-history":[{"count":3,"href":"https:\/\/www.nexoinformativo.mx\/index.php\/wp-json\/wp\/v2\/posts\/9755\/revisions"}],"predecessor-version":[{"id":9759,"href":"https:\/\/www.nexoinformativo.mx\/index.php\/wp-json\/wp\/v2\/posts\/9755\/revisions\/9759"}],"wp:featuredmedia":[{"embeddable":true,"href":"https:\/\/www.nexoinformativo.mx\/index.php\/wp-json\/wp\/v2\/media\/9756"}],"wp:attachment":[{"href":"https:\/\/www.nexoinformativo.mx\/index.php\/wp-json\/wp\/v2\/media?parent=9755"}],"wp:term":[{"taxonomy":"category","embeddable":true,"href":"https:\/\/www.nexoinformativo.mx\/index.php\/wp-json\/wp\/v2\/categories?post=9755"},{"taxonomy":"post_tag","embeddable":true,"href":"https:\/\/www.nexoinformativo.mx\/index.php\/wp-json\/wp\/v2\/tags?post=9755"}],"curies":[{"name":"wp","href":"https:\/\/api.w.org\/{rel}","templated":true}]}}