{"id":9760,"date":"2025-01-13T11:30:47","date_gmt":"2025-01-13T17:30:47","guid":{"rendered":"https:\/\/www.nexoinformativo.mx\/?p=9760"},"modified":"2025-01-13T13:45:31","modified_gmt":"2025-01-13T19:45:31","slug":"rodrigo-monsalvo-transforma-el-marques-con-mas-de-80-obras-proyectadas-para-el-2025","status":"publish","type":"post","link":"https:\/\/www.nexoinformativo.mx\/index.php\/2025\/01\/13\/rodrigo-monsalvo-transforma-el-marques-con-mas-de-80-obras-proyectadas-para-el-2025\/","title":{"rendered":"Rodrigo Monsalvo transforma El Marqu\u00e9s con m\u00e1s de 80 obras proyectadas para el 2025"},"content":{"rendered":"<p style=\"text-align: justify;\" data-sourcepos=\"11:1-11:397\">En un claro ejemplo de dinamismo y compromiso con el desarrollo, la administraci\u00f3n municipal de El Marqu\u00e9s, encabezada por Rodrigo Monsalvo, ha logrado un hito en materia de obra p\u00fablica. En sus primeros 100 d\u00edas de gobierno, se han invertido cerca de 400 millones de pesos en la construcci\u00f3n y rehabilitaci\u00f3n de 57 obras, beneficiando a miles de habitantes.<\/p>\n<p>&nbsp;<\/p>\n<p style=\"text-align: justify;\" data-sourcepos=\"13:1-13:379\">El secretario de Obras P\u00fablicas, Abraham Ibarra Villase\u00f1or, destac\u00f3 que la instrucci\u00f3n del presidente municipal es mantener este ritmo de trabajo y proyectan concluir el a\u00f1o con alrededor de 80 a 50 obras realizadas.<\/p>\n<p>&nbsp;<\/p>\n<p style=\"text-align: justify;\" data-sourcepos=\"13:1-13:379\">Esto se traduce en una mejora significativa en la infraestructura vial, deportiva, educativa y en el acceso a servicios b\u00e1sicos para los habitantes de El Marqu\u00e9s.<\/p>\n<p>&nbsp;<\/p>\n<p style=\"text-align: justify;\" data-sourcepos=\"15:1-15:217\">Una de las obras m\u00e1s destacadas es la nueva escuela primaria p\u00fablica de La Ca\u00f1ada, una inversi\u00f3n de m\u00e1s de 140 millones de pesos que la posiciona como una de las mejores instituciones educativas p\u00fablicas en Quer\u00e9taro.<\/p>\n<p>&nbsp;<\/p>\n<p style=\"text-align: justify;\" data-sourcepos=\"17:1-17:350\">Actualmente, se encuentran en proceso de construcci\u00f3n 39 obras adicionales, que abarcan desde la construcci\u00f3n de unidades deportivas hasta la mejora de alumbrado p\u00fablico.<\/p>\n<p>&nbsp;<\/p>\n<p style=\"text-align: justify;\" data-sourcepos=\"17:1-17:350\">Y se han autorizado 58 millones de pesos adicionales para ejecutar 12 obras m\u00e1s, demostrando el compromiso del gobierno municipal con el desarrollo de todas las comunidades.<\/p>\n<p>&nbsp;<\/p>\n<p style=\"text-align: justify;\" data-sourcepos=\"19:1-19:237\">El municipio de El Marqu\u00e9s se consolida como uno de los m\u00e1s din\u00e1micos en materia de obra p\u00fablica a nivel estatal, mejorando la calidad de vida de sus habitantes y posicion\u00e1ndose como un referente en desarrollo urbano.<\/p>\n<p>&nbsp;<\/p>\n<p style=\"text-align: center;\" data-sourcepos=\"19:1-19:237\"><em><strong>\u00a1Informaci\u00f3n que transforma!<\/strong><\/em><\/p>\n","protected":false},"excerpt":{"rendered":"<p>En un claro ejemplo de dinamismo y compromiso con el desarrollo, la administraci\u00f3n municipal de El Marqu\u00e9s, encabezada por Rodrigo Monsalvo, ha logrado un hito en materia de obra p\u00fablica.<\/p>\n","protected":false},"author":3,"featured_media":9761,"comment_status":"open","ping_status":"open","sticky":false,"template":"","format":"standard","meta":{"footnotes":""},"categories":[65,58],"tags":[468,149,1241,777],"class_list":["post-9760","post","type-post","status-publish","format-standard","has-post-thumbnail","hentry","category-municipios","category-ultima-hora","tag-desarrollourbano","tag-elmarques","tag-obrapublica","tag-rodrigomonsalvo"],"yoast_head":"<!-- This site is optimized with the Yoast SEO plugin v25.0 - https:\/\/yoast.com\/wordpress\/plugins\/seo\/ -->\n<title>Rodrigo Monsalvo transforma El Marqu\u00e9s con m\u00e1s de 80 obras proyectadas para el 2025 | Nexo Informativo Santiago de Quer\u00e9taro<\/title>\n<meta name=\"description\" content=\"Rodrigo Monsalvo transforma El Marqu\u00e9s con m\u00e1s de 80 obras proyectadas para el 2025\" \/>\n<meta name=\"robots\" content=\"index, follow, max-snippet:-1, max-image-preview:large, max-video-preview:-1\" \/>\n<link rel=\"canonical\" href=\"https:\/\/www.nexoinformativo.mx\/index.php\/2025\/01\/13\/rodrigo-monsalvo-transforma-el-marques-con-mas-de-80-obras-proyectadas-para-el-2025\/\" \/>\n<meta property=\"og:locale\" content=\"es_MX\" \/>\n<meta property=\"og:type\" content=\"article\" \/>\n<meta property=\"og:title\" content=\"Rodrigo Monsalvo transforma El Marqu\u00e9s con m\u00e1s de 80 obras proyectadas para el 2025 | Nexo Informativo Santiago de Quer\u00e9taro\" \/>\n<meta property=\"og:description\" content=\"Rodrigo Monsalvo transforma El Marqu\u00e9s con m\u00e1s de 80 obras proyectadas para el 2025\" \/>\n<meta property=\"og:url\" content=\"https:\/\/www.nexoinformativo.mx\/index.php\/2025\/01\/13\/rodrigo-monsalvo-transforma-el-marques-con-mas-de-80-obras-proyectadas-para-el-2025\/\" \/>\n<meta property=\"og:site_name\" content=\"Nexo Informativo Santiago de Quer\u00e9taro\" \/>\n<meta property=\"article:publisher\" content=\"https:\/\/www.facebook.com\/people\/Nexo-Informativo\/61564066885511\/\" \/>\n<meta property=\"article:published_time\" content=\"2025-01-13T17:30:47+00:00\" \/>\n<meta property=\"article:modified_time\" content=\"2025-01-13T19:45:31+00:00\" \/>\n<meta property=\"og:image\" content=\"https:\/\/www.nexoinformativo.mx\/wp-content\/uploads\/2025\/01\/PHOTO-2025-01-13-11-54-23-scaled-e1736797394434.jpg\" \/>\n\t<meta property=\"og:image:width\" content=\"800\" \/>\n\t<meta property=\"og:image:height\" content=\"533\" \/>\n\t<meta property=\"og:image:type\" content=\"image\/jpeg\" \/>\n<meta name=\"author\" content=\"Nexo Informativo\" \/>\n<meta name=\"twitter:card\" content=\"summary_large_image\" \/>\n<meta name=\"twitter:label1\" content=\"Escrito por\" \/>\n\t<meta name=\"twitter:data1\" content=\"Nexo Informativo\" \/>\n\t<meta name=\"twitter:label2\" content=\"Tiempo de lectura\" \/>\n\t<meta name=\"twitter:data2\" content=\"2 minutos\" \/>\n<script type=\"application\/ld+json\" class=\"yoast-schema-graph\">{\"@context\":\"https:\/\/schema.org\",\"@graph\":[{\"@type\":\"Article\",\"@id\":\"https:\/\/www.nexoinformativo.mx\/index.php\/2025\/01\/13\/rodrigo-monsalvo-transforma-el-marques-con-mas-de-80-obras-proyectadas-para-el-2025\/#article\",\"isPartOf\":{\"@id\":\"https:\/\/www.nexoinformativo.mx\/index.php\/2025\/01\/13\/rodrigo-monsalvo-transforma-el-marques-con-mas-de-80-obras-proyectadas-para-el-2025\/\"},\"author\":{\"name\":\"Nexo Informativo\",\"@id\":\"https:\/\/www.nexoinformativo.mx\/#\/schema\/person\/7749d380ba08c8ca00d7bc76fd907b7d\"},\"headline\":\"Rodrigo Monsalvo transforma El Marqu\u00e9s con m\u00e1s de 80 obras proyectadas para el 2025\",\"datePublished\":\"2025-01-13T17:30:47+00:00\",\"dateModified\":\"2025-01-13T19:45:31+00:00\",\"mainEntityOfPage\":{\"@id\":\"https:\/\/www.nexoinformativo.mx\/index.php\/2025\/01\/13\/rodrigo-monsalvo-transforma-el-marques-con-mas-de-80-obras-proyectadas-para-el-2025\/\"},\"wordCount\":288,\"commentCount\":0,\"publisher\":{\"@id\":\"https:\/\/www.nexoinformativo.mx\/#organization\"},\"image\":{\"@id\":\"https:\/\/www.nexoinformativo.mx\/index.php\/2025\/01\/13\/rodrigo-monsalvo-transforma-el-marques-con-mas-de-80-obras-proyectadas-para-el-2025\/#primaryimage\"},\"thumbnailUrl\":\"https:\/\/www.nexoinformativo.mx\/wp-content\/uploads\/2025\/01\/PHOTO-2025-01-13-11-54-23-scaled-e1736797394434.jpg\",\"keywords\":[\"DesarrolloUrbano\",\"elmarques\",\"ObraP\u00fablica\",\"RodrigoMonsalvo\"],\"articleSection\":[\"Municipios\",\"\u00daltima Hora\"],\"inLanguage\":\"es\",\"potentialAction\":[{\"@type\":\"CommentAction\",\"name\":\"Comment\",\"target\":[\"https:\/\/www.nexoinformativo.mx\/index.php\/2025\/01\/13\/rodrigo-monsalvo-transforma-el-marques-con-mas-de-80-obras-proyectadas-para-el-2025\/#respond\"]}]},{\"@type\":\"WebPage\",\"@id\":\"https:\/\/www.nexoinformativo.mx\/index.php\/2025\/01\/13\/rodrigo-monsalvo-transforma-el-marques-con-mas-de-80-obras-proyectadas-para-el-2025\/\",\"url\":\"https:\/\/www.nexoinformativo.mx\/index.php\/2025\/01\/13\/rodrigo-monsalvo-transforma-el-marques-con-mas-de-80-obras-proyectadas-para-el-2025\/\",\"name\":\"Rodrigo Monsalvo transforma El Marqu\u00e9s con m\u00e1s de 80 obras proyectadas para el 2025 | Nexo Informativo Santiago de Quer\u00e9taro\",\"isPartOf\":{\"@id\":\"https:\/\/www.nexoinformativo.mx\/#website\"},\"primaryImageOfPage\":{\"@id\":\"https:\/\/www.nexoinformativo.mx\/index.php\/2025\/01\/13\/rodrigo-monsalvo-transforma-el-marques-con-mas-de-80-obras-proyectadas-para-el-2025\/#primaryimage\"},\"image\":{\"@id\":\"https:\/\/www.nexoinformativo.mx\/index.php\/2025\/01\/13\/rodrigo-monsalvo-transforma-el-marques-con-mas-de-80-obras-proyectadas-para-el-2025\/#primaryimage\"},\"thumbnailUrl\":\"https:\/\/www.nexoinformativo.mx\/wp-content\/uploads\/2025\/01\/PHOTO-2025-01-13-11-54-23-scaled-e1736797394434.jpg\",\"datePublished\":\"2025-01-13T17:30:47+00:00\",\"dateModified\":\"2025-01-13T19:45:31+00:00\",\"description\":\"Rodrigo Monsalvo transforma El Marqu\u00e9s con m\u00e1s de 80 obras proyectadas para el 2025\",\"breadcrumb\":{\"@id\":\"https:\/\/www.nexoinformativo.mx\/index.php\/2025\/01\/13\/rodrigo-monsalvo-transforma-el-marques-con-mas-de-80-obras-proyectadas-para-el-2025\/#breadcrumb\"},\"inLanguage\":\"es\",\"potentialAction\":[{\"@type\":\"ReadAction\",\"target\":[\"https:\/\/www.nexoinformativo.mx\/index.php\/2025\/01\/13\/rodrigo-monsalvo-transforma-el-marques-con-mas-de-80-obras-proyectadas-para-el-2025\/\"]}]},{\"@type\":\"ImageObject\",\"inLanguage\":\"es\",\"@id\":\"https:\/\/www.nexoinformativo.mx\/index.php\/2025\/01\/13\/rodrigo-monsalvo-transforma-el-marques-con-mas-de-80-obras-proyectadas-para-el-2025\/#primaryimage\",\"url\":\"https:\/\/www.nexoinformativo.mx\/wp-content\/uploads\/2025\/01\/PHOTO-2025-01-13-11-54-23-scaled-e1736797394434.jpg\",\"contentUrl\":\"https:\/\/www.nexoinformativo.mx\/wp-content\/uploads\/2025\/01\/PHOTO-2025-01-13-11-54-23-scaled-e1736797394434.jpg\",\"width\":800,\"height\":533},{\"@type\":\"BreadcrumbList\",\"@id\":\"https:\/\/www.nexoinformativo.mx\/index.php\/2025\/01\/13\/rodrigo-monsalvo-transforma-el-marques-con-mas-de-80-obras-proyectadas-para-el-2025\/#breadcrumb\",\"itemListElement\":[{\"@type\":\"ListItem\",\"position\":1,\"name\":\"Inicio\",\"item\":\"https:\/\/www.nexoinformativo.mx\/\"},{\"@type\":\"ListItem\",\"position\":2,\"name\":\"Rodrigo Monsalvo transforma El Marqu\u00e9s con m\u00e1s de 80 obras proyectadas para el 2025\"}]},{\"@type\":\"WebSite\",\"@id\":\"https:\/\/www.nexoinformativo.mx\/#website\",\"url\":\"https:\/\/www.nexoinformativo.mx\/\",\"name\":\"Nexo Informativo Santiago de Quer\u00e9taro\",\"description\":\"Explora NexoInformativo y convi\u00e9rtete en parte de una comunidad que valora el conocimiento y la verdad. Tu nexoinformativo es tu puente hacia una comprensi\u00f3n m\u00e1s profunda del mundo que te rodea.\",\"publisher\":{\"@id\":\"https:\/\/www.nexoinformativo.mx\/#organization\"},\"potentialAction\":[{\"@type\":\"SearchAction\",\"target\":{\"@type\":\"EntryPoint\",\"urlTemplate\":\"https:\/\/www.nexoinformativo.mx\/?s={search_term_string}\"},\"query-input\":{\"@type\":\"PropertyValueSpecification\",\"valueRequired\":true,\"valueName\":\"search_term_string\"}}],\"inLanguage\":\"es\"},{\"@type\":\"Organization\",\"@id\":\"https:\/\/www.nexoinformativo.mx\/#organization\",\"name\":\"Nexo Informativo Santiago de Quer\u00e9taro\",\"url\":\"https:\/\/www.nexoinformativo.mx\/\",\"logo\":{\"@type\":\"ImageObject\",\"inLanguage\":\"es\",\"@id\":\"https:\/\/www.nexoinformativo.mx\/#\/schema\/logo\/image\/\",\"url\":\"https:\/\/www.nexoinformativo.mx\/wp-content\/uploads\/2024\/07\/nexoi-trasparente-2.png\",\"contentUrl\":\"https:\/\/www.nexoinformativo.mx\/wp-content\/uploads\/2024\/07\/nexoi-trasparente-2.png\",\"width\":816,\"height\":339,\"caption\":\"Nexo Informativo Santiago de Quer\u00e9taro\"},\"image\":{\"@id\":\"https:\/\/www.nexoinformativo.mx\/#\/schema\/logo\/image\/\"},\"sameAs\":[\"https:\/\/www.facebook.com\/people\/Nexo-Informativo\/61564066885511\/\"]},{\"@type\":\"Person\",\"@id\":\"https:\/\/www.nexoinformativo.mx\/#\/schema\/person\/7749d380ba08c8ca00d7bc76fd907b7d\",\"name\":\"Nexo Informativo\",\"image\":{\"@type\":\"ImageObject\",\"inLanguage\":\"es\",\"@id\":\"https:\/\/www.nexoinformativo.mx\/#\/schema\/person\/image\/\",\"url\":\"https:\/\/secure.gravatar.com\/avatar\/dde2928154642a13d95f87ddf1ea9718fe2b46760a005c53e41ff5ad610704e6?s=96&d=mm&r=g\",\"contentUrl\":\"https:\/\/secure.gravatar.com\/avatar\/dde2928154642a13d95f87ddf1ea9718fe2b46760a005c53e41ff5ad610704e6?s=96&d=mm&r=g\",\"caption\":\"Nexo Informativo\"},\"url\":\"https:\/\/www.nexoinformativo.mx\/index.php\/author\/edicion\/\"}]}<\/script>\n<!-- \/ Yoast SEO plugin. -->","yoast_head_json":{"title":"Rodrigo Monsalvo transforma El Marqu\u00e9s con m\u00e1s de 80 obras proyectadas para el 2025 | Nexo Informativo Santiago de Quer\u00e9taro","description":"Rodrigo Monsalvo transforma El Marqu\u00e9s con m\u00e1s de 80 obras proyectadas para el 2025","robots":{"index":"index","follow":"follow","max-snippet":"max-snippet:-1","max-image-preview":"max-image-preview:large","max-video-preview":"max-video-preview:-1"},"canonical":"https:\/\/www.nexoinformativo.mx\/index.php\/2025\/01\/13\/rodrigo-monsalvo-transforma-el-marques-con-mas-de-80-obras-proyectadas-para-el-2025\/","og_locale":"es_MX","og_type":"article","og_title":"Rodrigo Monsalvo transforma El Marqu\u00e9s con m\u00e1s de 80 obras proyectadas para el 2025 | Nexo Informativo Santiago de Quer\u00e9taro","og_description":"Rodrigo Monsalvo transforma El Marqu\u00e9s con m\u00e1s de 80 obras proyectadas para el 2025","og_url":"https:\/\/www.nexoinformativo.mx\/index.php\/2025\/01\/13\/rodrigo-monsalvo-transforma-el-marques-con-mas-de-80-obras-proyectadas-para-el-2025\/","og_site_name":"Nexo Informativo Santiago de Quer\u00e9taro","article_publisher":"https:\/\/www.facebook.com\/people\/Nexo-Informativo\/61564066885511\/","article_published_time":"2025-01-13T17:30:47+00:00","article_modified_time":"2025-01-13T19:45:31+00:00","og_image":[{"width":800,"height":533,"url":"https:\/\/www.nexoinformativo.mx\/wp-content\/uploads\/2025\/01\/PHOTO-2025-01-13-11-54-23-scaled-e1736797394434.jpg","type":"image\/jpeg"}],"author":"Nexo Informativo","twitter_card":"summary_large_image","twitter_misc":{"Escrito por":"Nexo Informativo","Tiempo de lectura":"2 minutos"},"schema":{"@context":"https:\/\/schema.org","@graph":[{"@type":"Article","@id":"https:\/\/www.nexoinformativo.mx\/index.php\/2025\/01\/13\/rodrigo-monsalvo-transforma-el-marques-con-mas-de-80-obras-proyectadas-para-el-2025\/#article","isPartOf":{"@id":"https:\/\/www.nexoinformativo.mx\/index.php\/2025\/01\/13\/rodrigo-monsalvo-transforma-el-marques-con-mas-de-80-obras-proyectadas-para-el-2025\/"},"author":{"name":"Nexo Informativo","@id":"https:\/\/www.nexoinformativo.mx\/#\/schema\/person\/7749d380ba08c8ca00d7bc76fd907b7d"},"headline":"Rodrigo Monsalvo transforma El Marqu\u00e9s con m\u00e1s de 80 obras proyectadas para el 2025","datePublished":"2025-01-13T17:30:47+00:00","dateModified":"2025-01-13T19:45:31+00:00","mainEntityOfPage":{"@id":"https:\/\/www.nexoinformativo.mx\/index.php\/2025\/01\/13\/rodrigo-monsalvo-transforma-el-marques-con-mas-de-80-obras-proyectadas-para-el-2025\/"},"wordCount":288,"commentCount":0,"publisher":{"@id":"https:\/\/www.nexoinformativo.mx\/#organization"},"image":{"@id":"https:\/\/www.nexoinformativo.mx\/index.php\/2025\/01\/13\/rodrigo-monsalvo-transforma-el-marques-con-mas-de-80-obras-proyectadas-para-el-2025\/#primaryimage"},"thumbnailUrl":"https:\/\/www.nexoinformativo.mx\/wp-content\/uploads\/2025\/01\/PHOTO-2025-01-13-11-54-23-scaled-e1736797394434.jpg","keywords":["DesarrolloUrbano","elmarques","ObraP\u00fablica","RodrigoMonsalvo"],"articleSection":["Municipios","\u00daltima Hora"],"inLanguage":"es","potentialAction":[{"@type":"CommentAction","name":"Comment","target":["https:\/\/www.nexoinformativo.mx\/index.php\/2025\/01\/13\/rodrigo-monsalvo-transforma-el-marques-con-mas-de-80-obras-proyectadas-para-el-2025\/#respond"]}]},{"@type":"WebPage","@id":"https:\/\/www.nexoinformativo.mx\/index.php\/2025\/01\/13\/rodrigo-monsalvo-transforma-el-marques-con-mas-de-80-obras-proyectadas-para-el-2025\/","url":"https:\/\/www.nexoinformativo.mx\/index.php\/2025\/01\/13\/rodrigo-monsalvo-transforma-el-marques-con-mas-de-80-obras-proyectadas-para-el-2025\/","name":"Rodrigo Monsalvo transforma El Marqu\u00e9s con m\u00e1s de 80 obras proyectadas para el 2025 | Nexo Informativo Santiago de Quer\u00e9taro","isPartOf":{"@id":"https:\/\/www.nexoinformativo.mx\/#website"},"primaryImageOfPage":{"@id":"https:\/\/www.nexoinformativo.mx\/index.php\/2025\/01\/13\/rodrigo-monsalvo-transforma-el-marques-con-mas-de-80-obras-proyectadas-para-el-2025\/#primaryimage"},"image":{"@id":"https:\/\/www.nexoinformativo.mx\/index.php\/2025\/01\/13\/rodrigo-monsalvo-transforma-el-marques-con-mas-de-80-obras-proyectadas-para-el-2025\/#primaryimage"},"thumbnailUrl":"https:\/\/www.nexoinformativo.mx\/wp-content\/uploads\/2025\/01\/PHOTO-2025-01-13-11-54-23-scaled-e1736797394434.jpg","datePublished":"2025-01-13T17:30:47+00:00","dateModified":"2025-01-13T19:45:31+00:00","description":"Rodrigo Monsalvo transforma El Marqu\u00e9s con m\u00e1s de 80 obras proyectadas para el 2025","breadcrumb":{"@id":"https:\/\/www.nexoinformativo.mx\/index.php\/2025\/01\/13\/rodrigo-monsalvo-transforma-el-marques-con-mas-de-80-obras-proyectadas-para-el-2025\/#breadcrumb"},"inLanguage":"es","potentialAction":[{"@type":"ReadAction","target":["https:\/\/www.nexoinformativo.mx\/index.php\/2025\/01\/13\/rodrigo-monsalvo-transforma-el-marques-con-mas-de-80-obras-proyectadas-para-el-2025\/"]}]},{"@type":"ImageObject","inLanguage":"es","@id":"https:\/\/www.nexoinformativo.mx\/index.php\/2025\/01\/13\/rodrigo-monsalvo-transforma-el-marques-con-mas-de-80-obras-proyectadas-para-el-2025\/#primaryimage","url":"https:\/\/www.nexoinformativo.mx\/wp-content\/uploads\/2025\/01\/PHOTO-2025-01-13-11-54-23-scaled-e1736797394434.jpg","contentUrl":"https:\/\/www.nexoinformativo.mx\/wp-content\/uploads\/2025\/01\/PHOTO-2025-01-13-11-54-23-scaled-e1736797394434.jpg","width":800,"height":533},{"@type":"BreadcrumbList","@id":"https:\/\/www.nexoinformativo.mx\/index.php\/2025\/01\/13\/rodrigo-monsalvo-transforma-el-marques-con-mas-de-80-obras-proyectadas-para-el-2025\/#breadcrumb","itemListElement":[{"@type":"ListItem","position":1,"name":"Inicio","item":"https:\/\/www.nexoinformativo.mx\/"},{"@type":"ListItem","position":2,"name":"Rodrigo Monsalvo transforma El Marqu\u00e9s con m\u00e1s de 80 obras proyectadas para el 2025"}]},{"@type":"WebSite","@id":"https:\/\/www.nexoinformativo.mx\/#website","url":"https:\/\/www.nexoinformativo.mx\/","name":"Nexo Informativo Santiago de Quer\u00e9taro","description":"Explora NexoInformativo y convi\u00e9rtete en parte de una comunidad que valora el conocimiento y la verdad. Tu nexoinformativo es tu puente hacia una comprensi\u00f3n m\u00e1s profunda del mundo que te rodea.","publisher":{"@id":"https:\/\/www.nexoinformativo.mx\/#organization"},"potentialAction":[{"@type":"SearchAction","target":{"@type":"EntryPoint","urlTemplate":"https:\/\/www.nexoinformativo.mx\/?s={search_term_string}"},"query-input":{"@type":"PropertyValueSpecification","valueRequired":true,"valueName":"search_term_string"}}],"inLanguage":"es"},{"@type":"Organization","@id":"https:\/\/www.nexoinformativo.mx\/#organization","name":"Nexo Informativo Santiago de Quer\u00e9taro","url":"https:\/\/www.nexoinformativo.mx\/","logo":{"@type":"ImageObject","inLanguage":"es","@id":"https:\/\/www.nexoinformativo.mx\/#\/schema\/logo\/image\/","url":"https:\/\/www.nexoinformativo.mx\/wp-content\/uploads\/2024\/07\/nexoi-trasparente-2.png","contentUrl":"https:\/\/www.nexoinformativo.mx\/wp-content\/uploads\/2024\/07\/nexoi-trasparente-2.png","width":816,"height":339,"caption":"Nexo Informativo Santiago de Quer\u00e9taro"},"image":{"@id":"https:\/\/www.nexoinformativo.mx\/#\/schema\/logo\/image\/"},"sameAs":["https:\/\/www.facebook.com\/people\/Nexo-Informativo\/61564066885511\/"]},{"@type":"Person","@id":"https:\/\/www.nexoinformativo.mx\/#\/schema\/person\/7749d380ba08c8ca00d7bc76fd907b7d","name":"Nexo Informativo","image":{"@type":"ImageObject","inLanguage":"es","@id":"https:\/\/www.nexoinformativo.mx\/#\/schema\/person\/image\/","url":"https:\/\/secure.gravatar.com\/avatar\/dde2928154642a13d95f87ddf1ea9718fe2b46760a005c53e41ff5ad610704e6?s=96&d=mm&r=g","contentUrl":"https:\/\/secure.gravatar.com\/avatar\/dde2928154642a13d95f87ddf1ea9718fe2b46760a005c53e41ff5ad610704e6?s=96&d=mm&r=g","caption":"Nexo Informativo"},"url":"https:\/\/www.nexoinformativo.mx\/index.php\/author\/edicion\/"}]}},"_links":{"self":[{"href":"https:\/\/www.nexoinformativo.mx\/index.php\/wp-json\/wp\/v2\/posts\/9760","targetHints":{"allow":["GET"]}}],"collection":[{"href":"https:\/\/www.nexoinformativo.mx\/index.php\/wp-json\/wp\/v2\/posts"}],"about":[{"href":"https:\/\/www.nexoinformativo.mx\/index.php\/wp-json\/wp\/v2\/types\/post"}],"author":[{"embeddable":true,"href":"https:\/\/www.nexoinformativo.mx\/index.php\/wp-json\/wp\/v2\/users\/3"}],"replies":[{"embeddable":true,"href":"https:\/\/www.nexoinformativo.mx\/index.php\/wp-json\/wp\/v2\/comments?post=9760"}],"version-history":[{"count":6,"href":"https:\/\/www.nexoinformativo.mx\/index.php\/wp-json\/wp\/v2\/posts\/9760\/revisions"}],"predecessor-version":[{"id":9765,"href":"https:\/\/www.nexoinformativo.mx\/index.php\/wp-json\/wp\/v2\/posts\/9760\/revisions\/9765"}],"wp:featuredmedia":[{"embeddable":true,"href":"https:\/\/www.nexoinformativo.mx\/index.php\/wp-json\/wp\/v2\/media\/9761"}],"wp:attachment":[{"href":"https:\/\/www.nexoinformativo.mx\/index.php\/wp-json\/wp\/v2\/media?parent=9760"}],"wp:term":[{"taxonomy":"category","embeddable":true,"href":"https:\/\/www.nexoinformativo.mx\/index.php\/wp-json\/wp\/v2\/categories?post=9760"},{"taxonomy":"post_tag","embeddable":true,"href":"https:\/\/www.nexoinformativo.mx\/index.php\/wp-json\/wp\/v2\/tags?post=9760"}],"curies":[{"name":"wp","href":"https:\/\/api.w.org\/{rel}","templated":true}]}}