{"id":9774,"date":"2025-01-13T12:30:41","date_gmt":"2025-01-13T18:30:41","guid":{"rendered":"https:\/\/www.nexoinformativo.mx\/?p=9774"},"modified":"2025-01-13T14:10:49","modified_gmt":"2025-01-13T20:10:49","slug":"operativo-exitoso-caen-dos-presuntos-traficantes-de-armas-en-ezequiel-montes","status":"publish","type":"post","link":"https:\/\/www.nexoinformativo.mx\/index.php\/2025\/01\/13\/operativo-exitoso-caen-dos-presuntos-traficantes-de-armas-en-ezequiel-montes\/","title":{"rendered":"Operativo exitoso caen dos presuntos traficantes de armas en Ezequiel Montes"},"content":{"rendered":"<p style=\"text-align: justify;\" data-sourcepos=\"11:1-11:243\">En un contundente golpe al crimen organizado, autoridades federales llevaron a cabo un operativo en la colonia La Nueva Unidad Cardenista, donde desarticularon una banda dedicada al tr\u00e1fico de armas y drogas.<\/p>\n<\/p>\n<p>&nbsp;<\/p>\n<p style=\"text-align: justify;\" data-sourcepos=\"13:1-13:449\">Durante el cateo realizado por elementos de la Agencia de Investigaci\u00f3n Criminal (AIC) de la Fiscal\u00eda General de la Rep\u00fablica (FGR), con base en una orden judicial, se logr\u00f3 la detenci\u00f3n de dos personas y el aseguramiento de un arsenal compuesto por aproximadamente diez armas largas de alto poder, exclusivas del uso de las fuerzas armadas.<\/p>\n<\/p>\n<p>&nbsp;<\/p>\n<p style=\"text-align: justify;\" data-sourcepos=\"13:1-13:449\">Adem\u00e1s, se encontr\u00f3 una importante cantidad de sustancias il\u00edcitas como marihuana, coca\u00edna y metanfetamina. Los detenidos, quienes presuntamente se encontraban armados y habitaban el inmueble, fueron puestos a disposici\u00f3n del Ministerio P\u00fablico Federal para iniciar las investigaciones correspondientes y determinar el alcance de esta peligrosa organizaci\u00f3n criminal.<\/p>\n<\/p>\n<p>&nbsp;<\/p>\n<p style=\"text-align: justify;\" data-sourcepos=\"17:1-17:221\">Este operativo, que se llev\u00f3 a cabo gracias a denuncias ciudadanas y a la coordinaci\u00f3n entre las diferentes corporaciones de seguridad, representa un importante avance en la lucha contra el crimen organizado en la regi\u00f3n.<\/p>\n<\/p>\n<p>&nbsp;<\/p>\n<p style=\"text-align: center;\" data-sourcepos=\"17:1-17:221\"><em><strong>\u00a1Informaci\u00f3n que transforma!<\/strong><\/em><\/p>\n","protected":false},"excerpt":{"rendered":"<p>En un contundente golpe al crimen organizado, autoridades federales llevaron a cabo un operativo en la colonia La Nueva Unidad Cardenista, donde desarticularon una banda dedicada al tr\u00e1fico de armas y drogas.<\/p>\n","protected":false},"author":3,"featured_media":9777,"comment_status":"open","ping_status":"open","sticky":false,"template":"","format":"standard","meta":{"footnotes":""},"categories":[65,137,58],"tags":[3078,1293,1632,131],"class_list":["post-9774","post","type-post","status-publish","format-standard","has-post-thumbnail","hentry","category-municipios","category-sucesos","category-ultima-hora","tag-desarticulacion","tag-ezequielmontes","tag-operativo","tag-seguridad"],"yoast_head":"<!-- This site is optimized with the Yoast SEO plugin v25.0 - https:\/\/yoast.com\/wordpress\/plugins\/seo\/ -->\n<title>Operativo exitoso caen dos presuntos traficantes de armas en Ezequiel Montes | Nexo Informativo Santiago de Quer\u00e9taro<\/title>\n<meta name=\"description\" content=\"Operativo exitoso caen dos presuntos traficantes de armas en Ezequiel Montes\" \/>\n<meta name=\"robots\" content=\"index, follow, max-snippet:-1, max-image-preview:large, max-video-preview:-1\" \/>\n<link rel=\"canonical\" href=\"https:\/\/www.nexoinformativo.mx\/index.php\/2025\/01\/13\/operativo-exitoso-caen-dos-presuntos-traficantes-de-armas-en-ezequiel-montes\/\" \/>\n<meta property=\"og:locale\" content=\"es_MX\" \/>\n<meta property=\"og:type\" content=\"article\" \/>\n<meta property=\"og:title\" content=\"Operativo exitoso caen dos presuntos traficantes de armas en Ezequiel Montes | Nexo Informativo Santiago de Quer\u00e9taro\" \/>\n<meta property=\"og:description\" content=\"Operativo exitoso caen dos presuntos traficantes de armas en Ezequiel Montes\" \/>\n<meta property=\"og:url\" content=\"https:\/\/www.nexoinformativo.mx\/index.php\/2025\/01\/13\/operativo-exitoso-caen-dos-presuntos-traficantes-de-armas-en-ezequiel-montes\/\" \/>\n<meta property=\"og:site_name\" content=\"Nexo Informativo Santiago de Quer\u00e9taro\" \/>\n<meta property=\"article:publisher\" content=\"https:\/\/www.facebook.com\/people\/Nexo-Informativo\/61564066885511\/\" \/>\n<meta property=\"article:published_time\" content=\"2025-01-13T18:30:41+00:00\" \/>\n<meta property=\"article:modified_time\" content=\"2025-01-13T20:10:49+00:00\" \/>\n<meta property=\"og:image\" content=\"https:\/\/www.nexoinformativo.mx\/wp-content\/uploads\/2025\/01\/a24a31c6-66ec-428c-8d8e-c49c35bf0901-e1736799042943.jpg\" \/>\n\t<meta property=\"og:image:width\" content=\"800\" \/>\n\t<meta property=\"og:image:height\" content=\"596\" \/>\n\t<meta property=\"og:image:type\" content=\"image\/jpeg\" \/>\n<meta name=\"author\" content=\"Nexo Informativo\" \/>\n<meta name=\"twitter:card\" content=\"summary_large_image\" \/>\n<meta name=\"twitter:label1\" content=\"Escrito por\" \/>\n\t<meta name=\"twitter:data1\" content=\"Nexo Informativo\" \/>\n\t<meta name=\"twitter:label2\" content=\"Tiempo de lectura\" \/>\n\t<meta name=\"twitter:data2\" content=\"1 minuto\" \/>\n<script type=\"application\/ld+json\" class=\"yoast-schema-graph\">{\"@context\":\"https:\/\/schema.org\",\"@graph\":[{\"@type\":\"Article\",\"@id\":\"https:\/\/www.nexoinformativo.mx\/index.php\/2025\/01\/13\/operativo-exitoso-caen-dos-presuntos-traficantes-de-armas-en-ezequiel-montes\/#article\",\"isPartOf\":{\"@id\":\"https:\/\/www.nexoinformativo.mx\/index.php\/2025\/01\/13\/operativo-exitoso-caen-dos-presuntos-traficantes-de-armas-en-ezequiel-montes\/\"},\"author\":{\"name\":\"Nexo Informativo\",\"@id\":\"https:\/\/www.nexoinformativo.mx\/#\/schema\/person\/7749d380ba08c8ca00d7bc76fd907b7d\"},\"headline\":\"Operativo exitoso caen dos presuntos traficantes de armas en Ezequiel Montes\",\"datePublished\":\"2025-01-13T18:30:41+00:00\",\"dateModified\":\"2025-01-13T20:10:49+00:00\",\"mainEntityOfPage\":{\"@id\":\"https:\/\/www.nexoinformativo.mx\/index.php\/2025\/01\/13\/operativo-exitoso-caen-dos-presuntos-traficantes-de-armas-en-ezequiel-montes\/\"},\"wordCount\":202,\"commentCount\":0,\"publisher\":{\"@id\":\"https:\/\/www.nexoinformativo.mx\/#organization\"},\"image\":{\"@id\":\"https:\/\/www.nexoinformativo.mx\/index.php\/2025\/01\/13\/operativo-exitoso-caen-dos-presuntos-traficantes-de-armas-en-ezequiel-montes\/#primaryimage\"},\"thumbnailUrl\":\"https:\/\/www.nexoinformativo.mx\/wp-content\/uploads\/2025\/01\/a24a31c6-66ec-428c-8d8e-c49c35bf0901-e1736799042943.jpg\",\"keywords\":[\"Desarticulaci\u00f3n\",\"EzequielMontes\",\"Operativo\",\"Seguridad\"],\"articleSection\":[\"Municipios\",\"Sucesos\",\"\u00daltima Hora\"],\"inLanguage\":\"es\",\"potentialAction\":[{\"@type\":\"CommentAction\",\"name\":\"Comment\",\"target\":[\"https:\/\/www.nexoinformativo.mx\/index.php\/2025\/01\/13\/operativo-exitoso-caen-dos-presuntos-traficantes-de-armas-en-ezequiel-montes\/#respond\"]}]},{\"@type\":\"WebPage\",\"@id\":\"https:\/\/www.nexoinformativo.mx\/index.php\/2025\/01\/13\/operativo-exitoso-caen-dos-presuntos-traficantes-de-armas-en-ezequiel-montes\/\",\"url\":\"https:\/\/www.nexoinformativo.mx\/index.php\/2025\/01\/13\/operativo-exitoso-caen-dos-presuntos-traficantes-de-armas-en-ezequiel-montes\/\",\"name\":\"Operativo exitoso caen dos presuntos traficantes de armas en Ezequiel Montes | Nexo Informativo Santiago de Quer\u00e9taro\",\"isPartOf\":{\"@id\":\"https:\/\/www.nexoinformativo.mx\/#website\"},\"primaryImageOfPage\":{\"@id\":\"https:\/\/www.nexoinformativo.mx\/index.php\/2025\/01\/13\/operativo-exitoso-caen-dos-presuntos-traficantes-de-armas-en-ezequiel-montes\/#primaryimage\"},\"image\":{\"@id\":\"https:\/\/www.nexoinformativo.mx\/index.php\/2025\/01\/13\/operativo-exitoso-caen-dos-presuntos-traficantes-de-armas-en-ezequiel-montes\/#primaryimage\"},\"thumbnailUrl\":\"https:\/\/www.nexoinformativo.mx\/wp-content\/uploads\/2025\/01\/a24a31c6-66ec-428c-8d8e-c49c35bf0901-e1736799042943.jpg\",\"datePublished\":\"2025-01-13T18:30:41+00:00\",\"dateModified\":\"2025-01-13T20:10:49+00:00\",\"description\":\"Operativo exitoso caen dos presuntos traficantes de armas en Ezequiel Montes\",\"breadcrumb\":{\"@id\":\"https:\/\/www.nexoinformativo.mx\/index.php\/2025\/01\/13\/operativo-exitoso-caen-dos-presuntos-traficantes-de-armas-en-ezequiel-montes\/#breadcrumb\"},\"inLanguage\":\"es\",\"potentialAction\":[{\"@type\":\"ReadAction\",\"target\":[\"https:\/\/www.nexoinformativo.mx\/index.php\/2025\/01\/13\/operativo-exitoso-caen-dos-presuntos-traficantes-de-armas-en-ezequiel-montes\/\"]}]},{\"@type\":\"ImageObject\",\"inLanguage\":\"es\",\"@id\":\"https:\/\/www.nexoinformativo.mx\/index.php\/2025\/01\/13\/operativo-exitoso-caen-dos-presuntos-traficantes-de-armas-en-ezequiel-montes\/#primaryimage\",\"url\":\"https:\/\/www.nexoinformativo.mx\/wp-content\/uploads\/2025\/01\/a24a31c6-66ec-428c-8d8e-c49c35bf0901-e1736799042943.jpg\",\"contentUrl\":\"https:\/\/www.nexoinformativo.mx\/wp-content\/uploads\/2025\/01\/a24a31c6-66ec-428c-8d8e-c49c35bf0901-e1736799042943.jpg\",\"width\":800,\"height\":596},{\"@type\":\"BreadcrumbList\",\"@id\":\"https:\/\/www.nexoinformativo.mx\/index.php\/2025\/01\/13\/operativo-exitoso-caen-dos-presuntos-traficantes-de-armas-en-ezequiel-montes\/#breadcrumb\",\"itemListElement\":[{\"@type\":\"ListItem\",\"position\":1,\"name\":\"Inicio\",\"item\":\"https:\/\/www.nexoinformativo.mx\/\"},{\"@type\":\"ListItem\",\"position\":2,\"name\":\"Operativo exitoso caen dos presuntos traficantes de armas en Ezequiel Montes\"}]},{\"@type\":\"WebSite\",\"@id\":\"https:\/\/www.nexoinformativo.mx\/#website\",\"url\":\"https:\/\/www.nexoinformativo.mx\/\",\"name\":\"Nexo Informativo Santiago de Quer\u00e9taro\",\"description\":\"Explora NexoInformativo y convi\u00e9rtete en parte de una comunidad que valora el conocimiento y la verdad. Tu nexoinformativo es tu puente hacia una comprensi\u00f3n m\u00e1s profunda del mundo que te rodea.\",\"publisher\":{\"@id\":\"https:\/\/www.nexoinformativo.mx\/#organization\"},\"potentialAction\":[{\"@type\":\"SearchAction\",\"target\":{\"@type\":\"EntryPoint\",\"urlTemplate\":\"https:\/\/www.nexoinformativo.mx\/?s={search_term_string}\"},\"query-input\":{\"@type\":\"PropertyValueSpecification\",\"valueRequired\":true,\"valueName\":\"search_term_string\"}}],\"inLanguage\":\"es\"},{\"@type\":\"Organization\",\"@id\":\"https:\/\/www.nexoinformativo.mx\/#organization\",\"name\":\"Nexo Informativo Santiago de Quer\u00e9taro\",\"url\":\"https:\/\/www.nexoinformativo.mx\/\",\"logo\":{\"@type\":\"ImageObject\",\"inLanguage\":\"es\",\"@id\":\"https:\/\/www.nexoinformativo.mx\/#\/schema\/logo\/image\/\",\"url\":\"https:\/\/www.nexoinformativo.mx\/wp-content\/uploads\/2024\/07\/nexoi-trasparente-2.png\",\"contentUrl\":\"https:\/\/www.nexoinformativo.mx\/wp-content\/uploads\/2024\/07\/nexoi-trasparente-2.png\",\"width\":816,\"height\":339,\"caption\":\"Nexo Informativo Santiago de Quer\u00e9taro\"},\"image\":{\"@id\":\"https:\/\/www.nexoinformativo.mx\/#\/schema\/logo\/image\/\"},\"sameAs\":[\"https:\/\/www.facebook.com\/people\/Nexo-Informativo\/61564066885511\/\"]},{\"@type\":\"Person\",\"@id\":\"https:\/\/www.nexoinformativo.mx\/#\/schema\/person\/7749d380ba08c8ca00d7bc76fd907b7d\",\"name\":\"Nexo Informativo\",\"image\":{\"@type\":\"ImageObject\",\"inLanguage\":\"es\",\"@id\":\"https:\/\/www.nexoinformativo.mx\/#\/schema\/person\/image\/\",\"url\":\"https:\/\/secure.gravatar.com\/avatar\/dde2928154642a13d95f87ddf1ea9718fe2b46760a005c53e41ff5ad610704e6?s=96&d=mm&r=g\",\"contentUrl\":\"https:\/\/secure.gravatar.com\/avatar\/dde2928154642a13d95f87ddf1ea9718fe2b46760a005c53e41ff5ad610704e6?s=96&d=mm&r=g\",\"caption\":\"Nexo Informativo\"},\"url\":\"https:\/\/www.nexoinformativo.mx\/index.php\/author\/edicion\/\"}]}<\/script>\n<!-- \/ Yoast SEO plugin. -->","yoast_head_json":{"title":"Operativo exitoso caen dos presuntos traficantes de armas en Ezequiel Montes | Nexo Informativo Santiago de Quer\u00e9taro","description":"Operativo exitoso caen dos presuntos traficantes de armas en Ezequiel Montes","robots":{"index":"index","follow":"follow","max-snippet":"max-snippet:-1","max-image-preview":"max-image-preview:large","max-video-preview":"max-video-preview:-1"},"canonical":"https:\/\/www.nexoinformativo.mx\/index.php\/2025\/01\/13\/operativo-exitoso-caen-dos-presuntos-traficantes-de-armas-en-ezequiel-montes\/","og_locale":"es_MX","og_type":"article","og_title":"Operativo exitoso caen dos presuntos traficantes de armas en Ezequiel Montes | Nexo Informativo Santiago de Quer\u00e9taro","og_description":"Operativo exitoso caen dos presuntos traficantes de armas en Ezequiel Montes","og_url":"https:\/\/www.nexoinformativo.mx\/index.php\/2025\/01\/13\/operativo-exitoso-caen-dos-presuntos-traficantes-de-armas-en-ezequiel-montes\/","og_site_name":"Nexo Informativo Santiago de Quer\u00e9taro","article_publisher":"https:\/\/www.facebook.com\/people\/Nexo-Informativo\/61564066885511\/","article_published_time":"2025-01-13T18:30:41+00:00","article_modified_time":"2025-01-13T20:10:49+00:00","og_image":[{"width":800,"height":596,"url":"https:\/\/www.nexoinformativo.mx\/wp-content\/uploads\/2025\/01\/a24a31c6-66ec-428c-8d8e-c49c35bf0901-e1736799042943.jpg","type":"image\/jpeg"}],"author":"Nexo Informativo","twitter_card":"summary_large_image","twitter_misc":{"Escrito por":"Nexo Informativo","Tiempo de lectura":"1 minuto"},"schema":{"@context":"https:\/\/schema.org","@graph":[{"@type":"Article","@id":"https:\/\/www.nexoinformativo.mx\/index.php\/2025\/01\/13\/operativo-exitoso-caen-dos-presuntos-traficantes-de-armas-en-ezequiel-montes\/#article","isPartOf":{"@id":"https:\/\/www.nexoinformativo.mx\/index.php\/2025\/01\/13\/operativo-exitoso-caen-dos-presuntos-traficantes-de-armas-en-ezequiel-montes\/"},"author":{"name":"Nexo Informativo","@id":"https:\/\/www.nexoinformativo.mx\/#\/schema\/person\/7749d380ba08c8ca00d7bc76fd907b7d"},"headline":"Operativo exitoso caen dos presuntos traficantes de armas en Ezequiel Montes","datePublished":"2025-01-13T18:30:41+00:00","dateModified":"2025-01-13T20:10:49+00:00","mainEntityOfPage":{"@id":"https:\/\/www.nexoinformativo.mx\/index.php\/2025\/01\/13\/operativo-exitoso-caen-dos-presuntos-traficantes-de-armas-en-ezequiel-montes\/"},"wordCount":202,"commentCount":0,"publisher":{"@id":"https:\/\/www.nexoinformativo.mx\/#organization"},"image":{"@id":"https:\/\/www.nexoinformativo.mx\/index.php\/2025\/01\/13\/operativo-exitoso-caen-dos-presuntos-traficantes-de-armas-en-ezequiel-montes\/#primaryimage"},"thumbnailUrl":"https:\/\/www.nexoinformativo.mx\/wp-content\/uploads\/2025\/01\/a24a31c6-66ec-428c-8d8e-c49c35bf0901-e1736799042943.jpg","keywords":["Desarticulaci\u00f3n","EzequielMontes","Operativo","Seguridad"],"articleSection":["Municipios","Sucesos","\u00daltima Hora"],"inLanguage":"es","potentialAction":[{"@type":"CommentAction","name":"Comment","target":["https:\/\/www.nexoinformativo.mx\/index.php\/2025\/01\/13\/operativo-exitoso-caen-dos-presuntos-traficantes-de-armas-en-ezequiel-montes\/#respond"]}]},{"@type":"WebPage","@id":"https:\/\/www.nexoinformativo.mx\/index.php\/2025\/01\/13\/operativo-exitoso-caen-dos-presuntos-traficantes-de-armas-en-ezequiel-montes\/","url":"https:\/\/www.nexoinformativo.mx\/index.php\/2025\/01\/13\/operativo-exitoso-caen-dos-presuntos-traficantes-de-armas-en-ezequiel-montes\/","name":"Operativo exitoso caen dos presuntos traficantes de armas en Ezequiel Montes | Nexo Informativo Santiago de Quer\u00e9taro","isPartOf":{"@id":"https:\/\/www.nexoinformativo.mx\/#website"},"primaryImageOfPage":{"@id":"https:\/\/www.nexoinformativo.mx\/index.php\/2025\/01\/13\/operativo-exitoso-caen-dos-presuntos-traficantes-de-armas-en-ezequiel-montes\/#primaryimage"},"image":{"@id":"https:\/\/www.nexoinformativo.mx\/index.php\/2025\/01\/13\/operativo-exitoso-caen-dos-presuntos-traficantes-de-armas-en-ezequiel-montes\/#primaryimage"},"thumbnailUrl":"https:\/\/www.nexoinformativo.mx\/wp-content\/uploads\/2025\/01\/a24a31c6-66ec-428c-8d8e-c49c35bf0901-e1736799042943.jpg","datePublished":"2025-01-13T18:30:41+00:00","dateModified":"2025-01-13T20:10:49+00:00","description":"Operativo exitoso caen dos presuntos traficantes de armas en Ezequiel Montes","breadcrumb":{"@id":"https:\/\/www.nexoinformativo.mx\/index.php\/2025\/01\/13\/operativo-exitoso-caen-dos-presuntos-traficantes-de-armas-en-ezequiel-montes\/#breadcrumb"},"inLanguage":"es","potentialAction":[{"@type":"ReadAction","target":["https:\/\/www.nexoinformativo.mx\/index.php\/2025\/01\/13\/operativo-exitoso-caen-dos-presuntos-traficantes-de-armas-en-ezequiel-montes\/"]}]},{"@type":"ImageObject","inLanguage":"es","@id":"https:\/\/www.nexoinformativo.mx\/index.php\/2025\/01\/13\/operativo-exitoso-caen-dos-presuntos-traficantes-de-armas-en-ezequiel-montes\/#primaryimage","url":"https:\/\/www.nexoinformativo.mx\/wp-content\/uploads\/2025\/01\/a24a31c6-66ec-428c-8d8e-c49c35bf0901-e1736799042943.jpg","contentUrl":"https:\/\/www.nexoinformativo.mx\/wp-content\/uploads\/2025\/01\/a24a31c6-66ec-428c-8d8e-c49c35bf0901-e1736799042943.jpg","width":800,"height":596},{"@type":"BreadcrumbList","@id":"https:\/\/www.nexoinformativo.mx\/index.php\/2025\/01\/13\/operativo-exitoso-caen-dos-presuntos-traficantes-de-armas-en-ezequiel-montes\/#breadcrumb","itemListElement":[{"@type":"ListItem","position":1,"name":"Inicio","item":"https:\/\/www.nexoinformativo.mx\/"},{"@type":"ListItem","position":2,"name":"Operativo exitoso caen dos presuntos traficantes de armas en Ezequiel Montes"}]},{"@type":"WebSite","@id":"https:\/\/www.nexoinformativo.mx\/#website","url":"https:\/\/www.nexoinformativo.mx\/","name":"Nexo Informativo Santiago de Quer\u00e9taro","description":"Explora NexoInformativo y convi\u00e9rtete en parte de una comunidad que valora el conocimiento y la verdad. Tu nexoinformativo es tu puente hacia una comprensi\u00f3n m\u00e1s profunda del mundo que te rodea.","publisher":{"@id":"https:\/\/www.nexoinformativo.mx\/#organization"},"potentialAction":[{"@type":"SearchAction","target":{"@type":"EntryPoint","urlTemplate":"https:\/\/www.nexoinformativo.mx\/?s={search_term_string}"},"query-input":{"@type":"PropertyValueSpecification","valueRequired":true,"valueName":"search_term_string"}}],"inLanguage":"es"},{"@type":"Organization","@id":"https:\/\/www.nexoinformativo.mx\/#organization","name":"Nexo Informativo Santiago de Quer\u00e9taro","url":"https:\/\/www.nexoinformativo.mx\/","logo":{"@type":"ImageObject","inLanguage":"es","@id":"https:\/\/www.nexoinformativo.mx\/#\/schema\/logo\/image\/","url":"https:\/\/www.nexoinformativo.mx\/wp-content\/uploads\/2024\/07\/nexoi-trasparente-2.png","contentUrl":"https:\/\/www.nexoinformativo.mx\/wp-content\/uploads\/2024\/07\/nexoi-trasparente-2.png","width":816,"height":339,"caption":"Nexo Informativo Santiago de Quer\u00e9taro"},"image":{"@id":"https:\/\/www.nexoinformativo.mx\/#\/schema\/logo\/image\/"},"sameAs":["https:\/\/www.facebook.com\/people\/Nexo-Informativo\/61564066885511\/"]},{"@type":"Person","@id":"https:\/\/www.nexoinformativo.mx\/#\/schema\/person\/7749d380ba08c8ca00d7bc76fd907b7d","name":"Nexo Informativo","image":{"@type":"ImageObject","inLanguage":"es","@id":"https:\/\/www.nexoinformativo.mx\/#\/schema\/person\/image\/","url":"https:\/\/secure.gravatar.com\/avatar\/dde2928154642a13d95f87ddf1ea9718fe2b46760a005c53e41ff5ad610704e6?s=96&d=mm&r=g","contentUrl":"https:\/\/secure.gravatar.com\/avatar\/dde2928154642a13d95f87ddf1ea9718fe2b46760a005c53e41ff5ad610704e6?s=96&d=mm&r=g","caption":"Nexo Informativo"},"url":"https:\/\/www.nexoinformativo.mx\/index.php\/author\/edicion\/"}]}},"_links":{"self":[{"href":"https:\/\/www.nexoinformativo.mx\/index.php\/wp-json\/wp\/v2\/posts\/9774","targetHints":{"allow":["GET"]}}],"collection":[{"href":"https:\/\/www.nexoinformativo.mx\/index.php\/wp-json\/wp\/v2\/posts"}],"about":[{"href":"https:\/\/www.nexoinformativo.mx\/index.php\/wp-json\/wp\/v2\/types\/post"}],"author":[{"embeddable":true,"href":"https:\/\/www.nexoinformativo.mx\/index.php\/wp-json\/wp\/v2\/users\/3"}],"replies":[{"embeddable":true,"href":"https:\/\/www.nexoinformativo.mx\/index.php\/wp-json\/wp\/v2\/comments?post=9774"}],"version-history":[{"count":3,"href":"https:\/\/www.nexoinformativo.mx\/index.php\/wp-json\/wp\/v2\/posts\/9774\/revisions"}],"predecessor-version":[{"id":9778,"href":"https:\/\/www.nexoinformativo.mx\/index.php\/wp-json\/wp\/v2\/posts\/9774\/revisions\/9778"}],"wp:featuredmedia":[{"embeddable":true,"href":"https:\/\/www.nexoinformativo.mx\/index.php\/wp-json\/wp\/v2\/media\/9777"}],"wp:attachment":[{"href":"https:\/\/www.nexoinformativo.mx\/index.php\/wp-json\/wp\/v2\/media?parent=9774"}],"wp:term":[{"taxonomy":"category","embeddable":true,"href":"https:\/\/www.nexoinformativo.mx\/index.php\/wp-json\/wp\/v2\/categories?post=9774"},{"taxonomy":"post_tag","embeddable":true,"href":"https:\/\/www.nexoinformativo.mx\/index.php\/wp-json\/wp\/v2\/tags?post=9774"}],"curies":[{"name":"wp","href":"https:\/\/api.w.org\/{rel}","templated":true}]}}