{"id":9779,"date":"2025-01-13T14:00:28","date_gmt":"2025-01-13T20:00:28","guid":{"rendered":"https:\/\/www.nexoinformativo.mx\/?p=9779"},"modified":"2025-01-13T18:06:10","modified_gmt":"2025-01-14T00:06:10","slug":"la-uaq-abre-sus-puertas-a-una-nueva-generacion-con-mas-de-33-mil-estudiantes","status":"publish","type":"post","link":"https:\/\/www.nexoinformativo.mx\/index.php\/2025\/01\/13\/la-uaq-abre-sus-puertas-a-una-nueva-generacion-con-mas-de-33-mil-estudiantes\/","title":{"rendered":"La UAQ abre sus puertas a una nueva generaci\u00f3n con m\u00e1s de 33 mil estudiantes"},"content":{"rendered":"<p style=\"text-align: justify;\" data-sourcepos=\"11:1-11:233\">Con un ambiente de entusiasmo y expectativas, la<strong> Universidad Aut\u00f3noma de Quer\u00e9taro<\/strong> (UAQ) dio inicio al primer semestre de 2025, recibiendo a m\u00e1s de 33 mil estudiantes en sus diferentes niveles educativos.<\/p>\n<\/p>\n<p>&nbsp;<\/p>\n<p style=\"text-align: justify;\" data-sourcepos=\"13:1-13:372\">Este nuevo ciclo escolar marca un hito importante para la instituci\u00f3n, ya que se registra un incremento significativo en la matr\u00edcula, con m\u00e1s de mil 590 alumnos de nuevo ingreso que se suman a la comunidad universitaria.<\/p>\n<\/p>\n<p>&nbsp;<\/p>\n<p style=\"text-align: justify;\" data-sourcepos=\"13:1-13:372\">Las facultades de Ingenier\u00eda, Contadur\u00eda y Administraci\u00f3n, y Derecho fueron las m\u00e1s solicitadas por los j\u00f3venes que iniciar\u00e1n sus estudios superiores.<\/p>\n<\/p>\n<p>&nbsp;<\/p>\n<p style=\"text-align: justify;\" data-sourcepos=\"15:1-15:329\">La UAQ ha logrado consolidarse como una instituci\u00f3n de educaci\u00f3n superior de excelencia, ofreciendo una amplia gama de programas acad\u00e9micos y fomentando la investigaci\u00f3n y la innovaci\u00f3n. Para este semestre, la universidad ha preparado diversas actividades y proyectos que enriquecer\u00e1n la experiencia acad\u00e9mica de los estudiantes.<\/p>\n<\/p>\n<p>&nbsp;<\/p>\n<p style=\"text-align: justify;\" data-sourcepos=\"17:1-17:258\">Adem\u00e1s, la UAQ contin\u00faa expandiendo su presencia en el estado de Quer\u00e9taro. Con la apertura de un campus de la Escuela de Artes y Oficios en San Joaqu\u00edn, la universidad estar\u00e1 presente en los 18 municipios, llevando educaci\u00f3n de calidad a todas las regiones.<\/p>\n<\/p>\n<p>&nbsp;<\/p>\n<p style=\"text-align: center;\" data-sourcepos=\"17:1-17:258\"><em><strong>\u00a1Informaci\u00f3n que transforma!<\/strong><\/em><\/p>\n","protected":false},"excerpt":{"rendered":"<p>Con un ambiente de entusiasmo y expectativas, la Universidad Aut\u00f3noma de Quer\u00e9taro (UAQ) dio inicio al primer semestre de 2025, recibiendo a m\u00e1s de 33 mil estudiantes en sus diferentes niveles educativos.<\/p>\n","protected":false},"author":3,"featured_media":9781,"comment_status":"open","ping_status":"open","sticky":false,"template":"","format":"standard","meta":{"footnotes":""},"categories":[42,58],"tags":[1163,133,182,252],"class_list":["post-9779","post","type-post","status-publish","format-standard","has-post-thumbnail","hentry","category-estado","category-ultima-hora","tag-educacionsuperior","tag-queretaro","tag-regresoaclases","tag-uaq"],"yoast_head":"<!-- This site is optimized with the Yoast SEO plugin v25.0 - https:\/\/yoast.com\/wordpress\/plugins\/seo\/ -->\n<title>La UAQ abre sus puertas a una nueva generaci\u00f3n con m\u00e1s de 33 mil estudiantes | Nexo Informativo Santiago de Quer\u00e9taro<\/title>\n<meta name=\"description\" content=\"La UAQ abre sus puertas a una nueva generaci\u00f3n con m\u00e1s de 33 mil estudiantes\" \/>\n<meta name=\"robots\" content=\"index, follow, max-snippet:-1, max-image-preview:large, max-video-preview:-1\" \/>\n<link rel=\"canonical\" href=\"https:\/\/www.nexoinformativo.mx\/index.php\/2025\/01\/13\/la-uaq-abre-sus-puertas-a-una-nueva-generacion-con-mas-de-33-mil-estudiantes\/\" \/>\n<meta property=\"og:locale\" content=\"es_MX\" \/>\n<meta property=\"og:type\" content=\"article\" \/>\n<meta property=\"og:title\" content=\"La UAQ abre sus puertas a una nueva generaci\u00f3n con m\u00e1s de 33 mil estudiantes | Nexo Informativo Santiago de Quer\u00e9taro\" \/>\n<meta property=\"og:description\" content=\"La UAQ abre sus puertas a una nueva generaci\u00f3n con m\u00e1s de 33 mil estudiantes\" \/>\n<meta property=\"og:url\" content=\"https:\/\/www.nexoinformativo.mx\/index.php\/2025\/01\/13\/la-uaq-abre-sus-puertas-a-una-nueva-generacion-con-mas-de-33-mil-estudiantes\/\" \/>\n<meta property=\"og:site_name\" content=\"Nexo Informativo Santiago de Quer\u00e9taro\" \/>\n<meta property=\"article:publisher\" content=\"https:\/\/www.facebook.com\/people\/Nexo-Informativo\/61564066885511\/\" \/>\n<meta property=\"article:published_time\" content=\"2025-01-13T20:00:28+00:00\" \/>\n<meta property=\"article:modified_time\" content=\"2025-01-14T00:06:10+00:00\" \/>\n<meta property=\"og:image\" content=\"https:\/\/www.nexoinformativo.mx\/wp-content\/uploads\/2025\/01\/4c23b6bf-6360-4590-9264-a929c1c260ae.jpg\" \/>\n\t<meta property=\"og:image:width\" content=\"669\" \/>\n\t<meta property=\"og:image:height\" content=\"459\" \/>\n\t<meta property=\"og:image:type\" content=\"image\/jpeg\" \/>\n<meta name=\"author\" content=\"Nexo Informativo\" \/>\n<meta name=\"twitter:card\" content=\"summary_large_image\" \/>\n<meta name=\"twitter:label1\" content=\"Escrito por\" \/>\n\t<meta name=\"twitter:data1\" content=\"Nexo Informativo\" \/>\n\t<meta name=\"twitter:label2\" content=\"Tiempo de lectura\" \/>\n\t<meta name=\"twitter:data2\" content=\"2 minutos\" \/>\n<script type=\"application\/ld+json\" class=\"yoast-schema-graph\">{\"@context\":\"https:\/\/schema.org\",\"@graph\":[{\"@type\":\"Article\",\"@id\":\"https:\/\/www.nexoinformativo.mx\/index.php\/2025\/01\/13\/la-uaq-abre-sus-puertas-a-una-nueva-generacion-con-mas-de-33-mil-estudiantes\/#article\",\"isPartOf\":{\"@id\":\"https:\/\/www.nexoinformativo.mx\/index.php\/2025\/01\/13\/la-uaq-abre-sus-puertas-a-una-nueva-generacion-con-mas-de-33-mil-estudiantes\/\"},\"author\":{\"name\":\"Nexo Informativo\",\"@id\":\"https:\/\/www.nexoinformativo.mx\/#\/schema\/person\/7749d380ba08c8ca00d7bc76fd907b7d\"},\"headline\":\"La UAQ abre sus puertas a una nueva generaci\u00f3n con m\u00e1s de 33 mil estudiantes\",\"datePublished\":\"2025-01-13T20:00:28+00:00\",\"dateModified\":\"2025-01-14T00:06:10+00:00\",\"mainEntityOfPage\":{\"@id\":\"https:\/\/www.nexoinformativo.mx\/index.php\/2025\/01\/13\/la-uaq-abre-sus-puertas-a-una-nueva-generacion-con-mas-de-33-mil-estudiantes\/\"},\"wordCount\":225,\"commentCount\":0,\"publisher\":{\"@id\":\"https:\/\/www.nexoinformativo.mx\/#organization\"},\"image\":{\"@id\":\"https:\/\/www.nexoinformativo.mx\/index.php\/2025\/01\/13\/la-uaq-abre-sus-puertas-a-una-nueva-generacion-con-mas-de-33-mil-estudiantes\/#primaryimage\"},\"thumbnailUrl\":\"https:\/\/www.nexoinformativo.mx\/wp-content\/uploads\/2025\/01\/4c23b6bf-6360-4590-9264-a929c1c260ae.jpg\",\"keywords\":[\"Educaci\u00f3nSuperior\",\"Quer\u00e9taro\",\"regresoaclases\",\"UAQ\"],\"articleSection\":[\"Estado\",\"\u00daltima Hora\"],\"inLanguage\":\"es\",\"potentialAction\":[{\"@type\":\"CommentAction\",\"name\":\"Comment\",\"target\":[\"https:\/\/www.nexoinformativo.mx\/index.php\/2025\/01\/13\/la-uaq-abre-sus-puertas-a-una-nueva-generacion-con-mas-de-33-mil-estudiantes\/#respond\"]}]},{\"@type\":\"WebPage\",\"@id\":\"https:\/\/www.nexoinformativo.mx\/index.php\/2025\/01\/13\/la-uaq-abre-sus-puertas-a-una-nueva-generacion-con-mas-de-33-mil-estudiantes\/\",\"url\":\"https:\/\/www.nexoinformativo.mx\/index.php\/2025\/01\/13\/la-uaq-abre-sus-puertas-a-una-nueva-generacion-con-mas-de-33-mil-estudiantes\/\",\"name\":\"La UAQ abre sus puertas a una nueva generaci\u00f3n con m\u00e1s de 33 mil estudiantes | Nexo Informativo Santiago de Quer\u00e9taro\",\"isPartOf\":{\"@id\":\"https:\/\/www.nexoinformativo.mx\/#website\"},\"primaryImageOfPage\":{\"@id\":\"https:\/\/www.nexoinformativo.mx\/index.php\/2025\/01\/13\/la-uaq-abre-sus-puertas-a-una-nueva-generacion-con-mas-de-33-mil-estudiantes\/#primaryimage\"},\"image\":{\"@id\":\"https:\/\/www.nexoinformativo.mx\/index.php\/2025\/01\/13\/la-uaq-abre-sus-puertas-a-una-nueva-generacion-con-mas-de-33-mil-estudiantes\/#primaryimage\"},\"thumbnailUrl\":\"https:\/\/www.nexoinformativo.mx\/wp-content\/uploads\/2025\/01\/4c23b6bf-6360-4590-9264-a929c1c260ae.jpg\",\"datePublished\":\"2025-01-13T20:00:28+00:00\",\"dateModified\":\"2025-01-14T00:06:10+00:00\",\"description\":\"La UAQ abre sus puertas a una nueva generaci\u00f3n con m\u00e1s de 33 mil estudiantes\",\"breadcrumb\":{\"@id\":\"https:\/\/www.nexoinformativo.mx\/index.php\/2025\/01\/13\/la-uaq-abre-sus-puertas-a-una-nueva-generacion-con-mas-de-33-mil-estudiantes\/#breadcrumb\"},\"inLanguage\":\"es\",\"potentialAction\":[{\"@type\":\"ReadAction\",\"target\":[\"https:\/\/www.nexoinformativo.mx\/index.php\/2025\/01\/13\/la-uaq-abre-sus-puertas-a-una-nueva-generacion-con-mas-de-33-mil-estudiantes\/\"]}]},{\"@type\":\"ImageObject\",\"inLanguage\":\"es\",\"@id\":\"https:\/\/www.nexoinformativo.mx\/index.php\/2025\/01\/13\/la-uaq-abre-sus-puertas-a-una-nueva-generacion-con-mas-de-33-mil-estudiantes\/#primaryimage\",\"url\":\"https:\/\/www.nexoinformativo.mx\/wp-content\/uploads\/2025\/01\/4c23b6bf-6360-4590-9264-a929c1c260ae.jpg\",\"contentUrl\":\"https:\/\/www.nexoinformativo.mx\/wp-content\/uploads\/2025\/01\/4c23b6bf-6360-4590-9264-a929c1c260ae.jpg\",\"width\":669,\"height\":459},{\"@type\":\"BreadcrumbList\",\"@id\":\"https:\/\/www.nexoinformativo.mx\/index.php\/2025\/01\/13\/la-uaq-abre-sus-puertas-a-una-nueva-generacion-con-mas-de-33-mil-estudiantes\/#breadcrumb\",\"itemListElement\":[{\"@type\":\"ListItem\",\"position\":1,\"name\":\"Inicio\",\"item\":\"https:\/\/www.nexoinformativo.mx\/\"},{\"@type\":\"ListItem\",\"position\":2,\"name\":\"La UAQ abre sus puertas a una nueva generaci\u00f3n con m\u00e1s de 33 mil estudiantes\"}]},{\"@type\":\"WebSite\",\"@id\":\"https:\/\/www.nexoinformativo.mx\/#website\",\"url\":\"https:\/\/www.nexoinformativo.mx\/\",\"name\":\"Nexo Informativo Santiago de Quer\u00e9taro\",\"description\":\"Explora NexoInformativo y convi\u00e9rtete en parte de una comunidad que valora el conocimiento y la verdad. Tu nexoinformativo es tu puente hacia una comprensi\u00f3n m\u00e1s profunda del mundo que te rodea.\",\"publisher\":{\"@id\":\"https:\/\/www.nexoinformativo.mx\/#organization\"},\"potentialAction\":[{\"@type\":\"SearchAction\",\"target\":{\"@type\":\"EntryPoint\",\"urlTemplate\":\"https:\/\/www.nexoinformativo.mx\/?s={search_term_string}\"},\"query-input\":{\"@type\":\"PropertyValueSpecification\",\"valueRequired\":true,\"valueName\":\"search_term_string\"}}],\"inLanguage\":\"es\"},{\"@type\":\"Organization\",\"@id\":\"https:\/\/www.nexoinformativo.mx\/#organization\",\"name\":\"Nexo Informativo Santiago de Quer\u00e9taro\",\"url\":\"https:\/\/www.nexoinformativo.mx\/\",\"logo\":{\"@type\":\"ImageObject\",\"inLanguage\":\"es\",\"@id\":\"https:\/\/www.nexoinformativo.mx\/#\/schema\/logo\/image\/\",\"url\":\"https:\/\/www.nexoinformativo.mx\/wp-content\/uploads\/2024\/07\/nexoi-trasparente-2.png\",\"contentUrl\":\"https:\/\/www.nexoinformativo.mx\/wp-content\/uploads\/2024\/07\/nexoi-trasparente-2.png\",\"width\":816,\"height\":339,\"caption\":\"Nexo Informativo Santiago de Quer\u00e9taro\"},\"image\":{\"@id\":\"https:\/\/www.nexoinformativo.mx\/#\/schema\/logo\/image\/\"},\"sameAs\":[\"https:\/\/www.facebook.com\/people\/Nexo-Informativo\/61564066885511\/\"]},{\"@type\":\"Person\",\"@id\":\"https:\/\/www.nexoinformativo.mx\/#\/schema\/person\/7749d380ba08c8ca00d7bc76fd907b7d\",\"name\":\"Nexo Informativo\",\"image\":{\"@type\":\"ImageObject\",\"inLanguage\":\"es\",\"@id\":\"https:\/\/www.nexoinformativo.mx\/#\/schema\/person\/image\/\",\"url\":\"https:\/\/secure.gravatar.com\/avatar\/dde2928154642a13d95f87ddf1ea9718fe2b46760a005c53e41ff5ad610704e6?s=96&d=mm&r=g\",\"contentUrl\":\"https:\/\/secure.gravatar.com\/avatar\/dde2928154642a13d95f87ddf1ea9718fe2b46760a005c53e41ff5ad610704e6?s=96&d=mm&r=g\",\"caption\":\"Nexo Informativo\"},\"url\":\"https:\/\/www.nexoinformativo.mx\/index.php\/author\/edicion\/\"}]}<\/script>\n<!-- \/ Yoast SEO plugin. -->","yoast_head_json":{"title":"La UAQ abre sus puertas a una nueva generaci\u00f3n con m\u00e1s de 33 mil estudiantes | Nexo Informativo Santiago de Quer\u00e9taro","description":"La UAQ abre sus puertas a una nueva generaci\u00f3n con m\u00e1s de 33 mil estudiantes","robots":{"index":"index","follow":"follow","max-snippet":"max-snippet:-1","max-image-preview":"max-image-preview:large","max-video-preview":"max-video-preview:-1"},"canonical":"https:\/\/www.nexoinformativo.mx\/index.php\/2025\/01\/13\/la-uaq-abre-sus-puertas-a-una-nueva-generacion-con-mas-de-33-mil-estudiantes\/","og_locale":"es_MX","og_type":"article","og_title":"La UAQ abre sus puertas a una nueva generaci\u00f3n con m\u00e1s de 33 mil estudiantes | Nexo Informativo Santiago de Quer\u00e9taro","og_description":"La UAQ abre sus puertas a una nueva generaci\u00f3n con m\u00e1s de 33 mil estudiantes","og_url":"https:\/\/www.nexoinformativo.mx\/index.php\/2025\/01\/13\/la-uaq-abre-sus-puertas-a-una-nueva-generacion-con-mas-de-33-mil-estudiantes\/","og_site_name":"Nexo Informativo Santiago de Quer\u00e9taro","article_publisher":"https:\/\/www.facebook.com\/people\/Nexo-Informativo\/61564066885511\/","article_published_time":"2025-01-13T20:00:28+00:00","article_modified_time":"2025-01-14T00:06:10+00:00","og_image":[{"width":669,"height":459,"url":"https:\/\/www.nexoinformativo.mx\/wp-content\/uploads\/2025\/01\/4c23b6bf-6360-4590-9264-a929c1c260ae.jpg","type":"image\/jpeg"}],"author":"Nexo Informativo","twitter_card":"summary_large_image","twitter_misc":{"Escrito por":"Nexo Informativo","Tiempo de lectura":"2 minutos"},"schema":{"@context":"https:\/\/schema.org","@graph":[{"@type":"Article","@id":"https:\/\/www.nexoinformativo.mx\/index.php\/2025\/01\/13\/la-uaq-abre-sus-puertas-a-una-nueva-generacion-con-mas-de-33-mil-estudiantes\/#article","isPartOf":{"@id":"https:\/\/www.nexoinformativo.mx\/index.php\/2025\/01\/13\/la-uaq-abre-sus-puertas-a-una-nueva-generacion-con-mas-de-33-mil-estudiantes\/"},"author":{"name":"Nexo Informativo","@id":"https:\/\/www.nexoinformativo.mx\/#\/schema\/person\/7749d380ba08c8ca00d7bc76fd907b7d"},"headline":"La UAQ abre sus puertas a una nueva generaci\u00f3n con m\u00e1s de 33 mil estudiantes","datePublished":"2025-01-13T20:00:28+00:00","dateModified":"2025-01-14T00:06:10+00:00","mainEntityOfPage":{"@id":"https:\/\/www.nexoinformativo.mx\/index.php\/2025\/01\/13\/la-uaq-abre-sus-puertas-a-una-nueva-generacion-con-mas-de-33-mil-estudiantes\/"},"wordCount":225,"commentCount":0,"publisher":{"@id":"https:\/\/www.nexoinformativo.mx\/#organization"},"image":{"@id":"https:\/\/www.nexoinformativo.mx\/index.php\/2025\/01\/13\/la-uaq-abre-sus-puertas-a-una-nueva-generacion-con-mas-de-33-mil-estudiantes\/#primaryimage"},"thumbnailUrl":"https:\/\/www.nexoinformativo.mx\/wp-content\/uploads\/2025\/01\/4c23b6bf-6360-4590-9264-a929c1c260ae.jpg","keywords":["Educaci\u00f3nSuperior","Quer\u00e9taro","regresoaclases","UAQ"],"articleSection":["Estado","\u00daltima Hora"],"inLanguage":"es","potentialAction":[{"@type":"CommentAction","name":"Comment","target":["https:\/\/www.nexoinformativo.mx\/index.php\/2025\/01\/13\/la-uaq-abre-sus-puertas-a-una-nueva-generacion-con-mas-de-33-mil-estudiantes\/#respond"]}]},{"@type":"WebPage","@id":"https:\/\/www.nexoinformativo.mx\/index.php\/2025\/01\/13\/la-uaq-abre-sus-puertas-a-una-nueva-generacion-con-mas-de-33-mil-estudiantes\/","url":"https:\/\/www.nexoinformativo.mx\/index.php\/2025\/01\/13\/la-uaq-abre-sus-puertas-a-una-nueva-generacion-con-mas-de-33-mil-estudiantes\/","name":"La UAQ abre sus puertas a una nueva generaci\u00f3n con m\u00e1s de 33 mil estudiantes | Nexo Informativo Santiago de Quer\u00e9taro","isPartOf":{"@id":"https:\/\/www.nexoinformativo.mx\/#website"},"primaryImageOfPage":{"@id":"https:\/\/www.nexoinformativo.mx\/index.php\/2025\/01\/13\/la-uaq-abre-sus-puertas-a-una-nueva-generacion-con-mas-de-33-mil-estudiantes\/#primaryimage"},"image":{"@id":"https:\/\/www.nexoinformativo.mx\/index.php\/2025\/01\/13\/la-uaq-abre-sus-puertas-a-una-nueva-generacion-con-mas-de-33-mil-estudiantes\/#primaryimage"},"thumbnailUrl":"https:\/\/www.nexoinformativo.mx\/wp-content\/uploads\/2025\/01\/4c23b6bf-6360-4590-9264-a929c1c260ae.jpg","datePublished":"2025-01-13T20:00:28+00:00","dateModified":"2025-01-14T00:06:10+00:00","description":"La UAQ abre sus puertas a una nueva generaci\u00f3n con m\u00e1s de 33 mil estudiantes","breadcrumb":{"@id":"https:\/\/www.nexoinformativo.mx\/index.php\/2025\/01\/13\/la-uaq-abre-sus-puertas-a-una-nueva-generacion-con-mas-de-33-mil-estudiantes\/#breadcrumb"},"inLanguage":"es","potentialAction":[{"@type":"ReadAction","target":["https:\/\/www.nexoinformativo.mx\/index.php\/2025\/01\/13\/la-uaq-abre-sus-puertas-a-una-nueva-generacion-con-mas-de-33-mil-estudiantes\/"]}]},{"@type":"ImageObject","inLanguage":"es","@id":"https:\/\/www.nexoinformativo.mx\/index.php\/2025\/01\/13\/la-uaq-abre-sus-puertas-a-una-nueva-generacion-con-mas-de-33-mil-estudiantes\/#primaryimage","url":"https:\/\/www.nexoinformativo.mx\/wp-content\/uploads\/2025\/01\/4c23b6bf-6360-4590-9264-a929c1c260ae.jpg","contentUrl":"https:\/\/www.nexoinformativo.mx\/wp-content\/uploads\/2025\/01\/4c23b6bf-6360-4590-9264-a929c1c260ae.jpg","width":669,"height":459},{"@type":"BreadcrumbList","@id":"https:\/\/www.nexoinformativo.mx\/index.php\/2025\/01\/13\/la-uaq-abre-sus-puertas-a-una-nueva-generacion-con-mas-de-33-mil-estudiantes\/#breadcrumb","itemListElement":[{"@type":"ListItem","position":1,"name":"Inicio","item":"https:\/\/www.nexoinformativo.mx\/"},{"@type":"ListItem","position":2,"name":"La UAQ abre sus puertas a una nueva generaci\u00f3n con m\u00e1s de 33 mil estudiantes"}]},{"@type":"WebSite","@id":"https:\/\/www.nexoinformativo.mx\/#website","url":"https:\/\/www.nexoinformativo.mx\/","name":"Nexo Informativo Santiago de Quer\u00e9taro","description":"Explora NexoInformativo y convi\u00e9rtete en parte de una comunidad que valora el conocimiento y la verdad. Tu nexoinformativo es tu puente hacia una comprensi\u00f3n m\u00e1s profunda del mundo que te rodea.","publisher":{"@id":"https:\/\/www.nexoinformativo.mx\/#organization"},"potentialAction":[{"@type":"SearchAction","target":{"@type":"EntryPoint","urlTemplate":"https:\/\/www.nexoinformativo.mx\/?s={search_term_string}"},"query-input":{"@type":"PropertyValueSpecification","valueRequired":true,"valueName":"search_term_string"}}],"inLanguage":"es"},{"@type":"Organization","@id":"https:\/\/www.nexoinformativo.mx\/#organization","name":"Nexo Informativo Santiago de Quer\u00e9taro","url":"https:\/\/www.nexoinformativo.mx\/","logo":{"@type":"ImageObject","inLanguage":"es","@id":"https:\/\/www.nexoinformativo.mx\/#\/schema\/logo\/image\/","url":"https:\/\/www.nexoinformativo.mx\/wp-content\/uploads\/2024\/07\/nexoi-trasparente-2.png","contentUrl":"https:\/\/www.nexoinformativo.mx\/wp-content\/uploads\/2024\/07\/nexoi-trasparente-2.png","width":816,"height":339,"caption":"Nexo Informativo Santiago de Quer\u00e9taro"},"image":{"@id":"https:\/\/www.nexoinformativo.mx\/#\/schema\/logo\/image\/"},"sameAs":["https:\/\/www.facebook.com\/people\/Nexo-Informativo\/61564066885511\/"]},{"@type":"Person","@id":"https:\/\/www.nexoinformativo.mx\/#\/schema\/person\/7749d380ba08c8ca00d7bc76fd907b7d","name":"Nexo Informativo","image":{"@type":"ImageObject","inLanguage":"es","@id":"https:\/\/www.nexoinformativo.mx\/#\/schema\/person\/image\/","url":"https:\/\/secure.gravatar.com\/avatar\/dde2928154642a13d95f87ddf1ea9718fe2b46760a005c53e41ff5ad610704e6?s=96&d=mm&r=g","contentUrl":"https:\/\/secure.gravatar.com\/avatar\/dde2928154642a13d95f87ddf1ea9718fe2b46760a005c53e41ff5ad610704e6?s=96&d=mm&r=g","caption":"Nexo Informativo"},"url":"https:\/\/www.nexoinformativo.mx\/index.php\/author\/edicion\/"}]}},"_links":{"self":[{"href":"https:\/\/www.nexoinformativo.mx\/index.php\/wp-json\/wp\/v2\/posts\/9779","targetHints":{"allow":["GET"]}}],"collection":[{"href":"https:\/\/www.nexoinformativo.mx\/index.php\/wp-json\/wp\/v2\/posts"}],"about":[{"href":"https:\/\/www.nexoinformativo.mx\/index.php\/wp-json\/wp\/v2\/types\/post"}],"author":[{"embeddable":true,"href":"https:\/\/www.nexoinformativo.mx\/index.php\/wp-json\/wp\/v2\/users\/3"}],"replies":[{"embeddable":true,"href":"https:\/\/www.nexoinformativo.mx\/index.php\/wp-json\/wp\/v2\/comments?post=9779"}],"version-history":[{"count":4,"href":"https:\/\/www.nexoinformativo.mx\/index.php\/wp-json\/wp\/v2\/posts\/9779\/revisions"}],"predecessor-version":[{"id":9784,"href":"https:\/\/www.nexoinformativo.mx\/index.php\/wp-json\/wp\/v2\/posts\/9779\/revisions\/9784"}],"wp:featuredmedia":[{"embeddable":true,"href":"https:\/\/www.nexoinformativo.mx\/index.php\/wp-json\/wp\/v2\/media\/9781"}],"wp:attachment":[{"href":"https:\/\/www.nexoinformativo.mx\/index.php\/wp-json\/wp\/v2\/media?parent=9779"}],"wp:term":[{"taxonomy":"category","embeddable":true,"href":"https:\/\/www.nexoinformativo.mx\/index.php\/wp-json\/wp\/v2\/categories?post=9779"},{"taxonomy":"post_tag","embeddable":true,"href":"https:\/\/www.nexoinformativo.mx\/index.php\/wp-json\/wp\/v2\/tags?post=9779"}],"curies":[{"name":"wp","href":"https:\/\/api.w.org\/{rel}","templated":true}]}}