{"id":9785,"date":"2025-01-13T14:30:23","date_gmt":"2025-01-13T20:30:23","guid":{"rendered":"https:\/\/www.nexoinformativo.mx\/?p=9785"},"modified":"2025-01-13T19:56:29","modified_gmt":"2025-01-14T01:56:29","slug":"el-alcalde-macias-olvera-destaca-logros-en-sus-primeros-100-dias-de-cercania-con-la-ciudadania","status":"publish","type":"post","link":"https:\/\/www.nexoinformativo.mx\/index.php\/2025\/01\/13\/el-alcalde-macias-olvera-destaca-logros-en-sus-primeros-100-dias-de-cercania-con-la-ciudadania\/","title":{"rendered":"El alcalde Felifer Mac\u00edas destaca logros en sus primeros 100 d\u00edas de cercan\u00eda con la ciudadan\u00eda"},"content":{"rendered":"<p style=\"text-align: justify;\" data-sourcepos=\"11:1-11:256\">El presidente municipal de Quer\u00e9taro, Felifer Mac\u00edas, realiz\u00f3 un balance de sus primeros 100 d\u00edas de gobierno, destacando una gesti\u00f3n cercana a la ciudadan\u00eda y el cumplimiento del 25% de las promesas de campa\u00f1a.<\/p>\n<p>&nbsp;<\/p>\n<p style=\"text-align: justify;\" data-sourcepos=\"13:1-13:296\">Felifer Mac\u00edas ha priorizado el contacto directo con los ciudadanos, realizando visitas a las siete delegaciones del municipio para conocer de cerca sus necesidades y preocupaciones. Como resultado de estas visitas, se han impulsado acciones para atender las demandas m\u00e1s urgentes de la poblaci\u00f3n.<\/p>\n<p>&nbsp;<\/p>\n<p style=\"text-align: justify;\" data-sourcepos=\"15:1-15:235\"><strong>&#8220;Hemos trabajado arduamente para cumplir con nuestros compromisos y acercar los servicios municipales a la ciudadan\u00eda&#8221;<\/strong>, afirm\u00f3 el alcalde. &#8220;La cercan\u00eda con la gente es fundamental para conocer sus necesidades y poder darles respuesta&#8221;.<\/p>\n<p>&nbsp;<\/p>\n<p style=\"text-align: justify;\" data-sourcepos=\"17:1-17:70\"><strong>Entre los logros destacados de estos primeros 100 d\u00edas, se encuentran:<\/strong><\/p>\n<p>&nbsp;<\/p>\n<p style=\"text-align: justify;\"><strong>*Cumplimiento del 25% de las promesas de campa\u00f1a:<\/strong> El alcalde resalt\u00f3 que se ha avanzado significativamente en el cumplimiento de los compromisos adquiridos con los ciudadanos durante la campa\u00f1a electoral.<\/p>\n<p style=\"text-align: justify;\"><strong>*No incremento de impuestos:<\/strong> Destac\u00f3 que se ha mantenido una pol\u00edtica fiscal responsable, sin aumentar los impuestos ni generar nuevos.<\/p>\n<p style=\"text-align: justify;\"><strong>*Creaci\u00f3n de la Guardia C\u00edvica<\/strong>: Se ha iniciado el proceso de formaci\u00f3n de 400 elementos para reforzar la seguridad en el municipio.<\/p>\n<p style=\"text-align: justify;\"><strong>*Eliminaci\u00f3n del cobro en unidades deportivas:<\/strong> Se ha facilitado el acceso a las instalaciones deportivas municipales para todos los ciudadanos.<\/p>\n<p>&nbsp;<\/p>\n<p style=\"text-align: center;\"><em><strong>\u00a1Informaci\u00f3n que transforma!<\/strong><\/em><\/p>\n","protected":false},"excerpt":{"rendered":"<p>El presidente municipal de Quer\u00e9taro, Felifer Mac\u00edas, realiz\u00f3 un balance de sus primeros 100 d\u00edas de gobierno, destacando una gesti\u00f3n cercana a la ciudadan\u00eda y el cumplimiento del 25% de las promesas de campa\u00f1a.<\/p>\n","protected":false},"author":3,"featured_media":9787,"comment_status":"open","ping_status":"open","sticky":false,"template":"","format":"standard","meta":{"footnotes":""},"categories":[65,58],"tags":[3080,1407,3079,133],"class_list":["post-9785","post","type-post","status-publish","format-standard","has-post-thumbnail","hentry","category-municipios","category-ultima-hora","tag-100dias","tag-gobiernocercano","tag-maciasolvera","tag-queretaro"],"yoast_head":"<!-- This site is optimized with the Yoast SEO plugin v25.0 - https:\/\/yoast.com\/wordpress\/plugins\/seo\/ -->\n<title>El alcalde Felifer Mac\u00edas destaca logros en sus primeros 100 d\u00edas de cercan\u00eda con la ciudadan\u00eda | Nexo Informativo Santiago de Quer\u00e9taro<\/title>\n<meta name=\"description\" content=\"El alcalde Mac\u00edas Olvera destaca logros en sus primeros 100 d\u00edas de cercan\u00eda con la ciudadan\u00eda\" \/>\n<meta name=\"robots\" content=\"index, follow, max-snippet:-1, max-image-preview:large, max-video-preview:-1\" \/>\n<link rel=\"canonical\" href=\"https:\/\/www.nexoinformativo.mx\/index.php\/2025\/01\/13\/el-alcalde-macias-olvera-destaca-logros-en-sus-primeros-100-dias-de-cercania-con-la-ciudadania\/\" \/>\n<meta property=\"og:locale\" content=\"es_MX\" \/>\n<meta property=\"og:type\" content=\"article\" \/>\n<meta property=\"og:title\" content=\"El alcalde Felifer Mac\u00edas destaca logros en sus primeros 100 d\u00edas de cercan\u00eda con la ciudadan\u00eda | Nexo Informativo Santiago de Quer\u00e9taro\" \/>\n<meta property=\"og:description\" content=\"El alcalde Mac\u00edas Olvera destaca logros en sus primeros 100 d\u00edas de cercan\u00eda con la ciudadan\u00eda\" \/>\n<meta property=\"og:url\" content=\"https:\/\/www.nexoinformativo.mx\/index.php\/2025\/01\/13\/el-alcalde-macias-olvera-destaca-logros-en-sus-primeros-100-dias-de-cercania-con-la-ciudadania\/\" \/>\n<meta property=\"og:site_name\" content=\"Nexo Informativo Santiago de Quer\u00e9taro\" \/>\n<meta property=\"article:publisher\" content=\"https:\/\/www.facebook.com\/people\/Nexo-Informativo\/61564066885511\/\" \/>\n<meta property=\"article:published_time\" content=\"2025-01-13T20:30:23+00:00\" \/>\n<meta property=\"article:modified_time\" content=\"2025-01-14T01:56:29+00:00\" \/>\n<meta property=\"og:image\" content=\"https:\/\/www.nexoinformativo.mx\/wp-content\/uploads\/2025\/01\/9f551af8-338e-4379-b4ff-6e7da4b629ba-e1736813481651.jpg\" \/>\n\t<meta property=\"og:image:width\" content=\"800\" \/>\n\t<meta property=\"og:image:height\" content=\"892\" \/>\n\t<meta property=\"og:image:type\" content=\"image\/jpeg\" \/>\n<meta name=\"author\" content=\"Nexo Informativo\" \/>\n<meta name=\"twitter:card\" content=\"summary_large_image\" \/>\n<meta name=\"twitter:label1\" content=\"Escrito por\" \/>\n\t<meta name=\"twitter:data1\" content=\"Nexo Informativo\" \/>\n\t<meta name=\"twitter:label2\" content=\"Tiempo de lectura\" \/>\n\t<meta name=\"twitter:data2\" content=\"2 minutos\" \/>\n<script type=\"application\/ld+json\" class=\"yoast-schema-graph\">{\"@context\":\"https:\/\/schema.org\",\"@graph\":[{\"@type\":\"Article\",\"@id\":\"https:\/\/www.nexoinformativo.mx\/index.php\/2025\/01\/13\/el-alcalde-macias-olvera-destaca-logros-en-sus-primeros-100-dias-de-cercania-con-la-ciudadania\/#article\",\"isPartOf\":{\"@id\":\"https:\/\/www.nexoinformativo.mx\/index.php\/2025\/01\/13\/el-alcalde-macias-olvera-destaca-logros-en-sus-primeros-100-dias-de-cercania-con-la-ciudadania\/\"},\"author\":{\"name\":\"Nexo Informativo\",\"@id\":\"https:\/\/www.nexoinformativo.mx\/#\/schema\/person\/7749d380ba08c8ca00d7bc76fd907b7d\"},\"headline\":\"El alcalde Felifer Mac\u00edas destaca logros en sus primeros 100 d\u00edas de cercan\u00eda con la ciudadan\u00eda\",\"datePublished\":\"2025-01-13T20:30:23+00:00\",\"dateModified\":\"2025-01-14T01:56:29+00:00\",\"mainEntityOfPage\":{\"@id\":\"https:\/\/www.nexoinformativo.mx\/index.php\/2025\/01\/13\/el-alcalde-macias-olvera-destaca-logros-en-sus-primeros-100-dias-de-cercania-con-la-ciudadania\/\"},\"wordCount\":257,\"commentCount\":0,\"publisher\":{\"@id\":\"https:\/\/www.nexoinformativo.mx\/#organization\"},\"image\":{\"@id\":\"https:\/\/www.nexoinformativo.mx\/index.php\/2025\/01\/13\/el-alcalde-macias-olvera-destaca-logros-en-sus-primeros-100-dias-de-cercania-con-la-ciudadania\/#primaryimage\"},\"thumbnailUrl\":\"https:\/\/www.nexoinformativo.mx\/wp-content\/uploads\/2025\/01\/9f551af8-338e-4379-b4ff-6e7da4b629ba-e1736813481651.jpg\",\"keywords\":[\"100D\u00edas\",\"GobiernoCercano\",\"Mac\u00edasOlvera\",\"Quer\u00e9taro\"],\"articleSection\":[\"Municipios\",\"\u00daltima Hora\"],\"inLanguage\":\"es\",\"potentialAction\":[{\"@type\":\"CommentAction\",\"name\":\"Comment\",\"target\":[\"https:\/\/www.nexoinformativo.mx\/index.php\/2025\/01\/13\/el-alcalde-macias-olvera-destaca-logros-en-sus-primeros-100-dias-de-cercania-con-la-ciudadania\/#respond\"]}]},{\"@type\":\"WebPage\",\"@id\":\"https:\/\/www.nexoinformativo.mx\/index.php\/2025\/01\/13\/el-alcalde-macias-olvera-destaca-logros-en-sus-primeros-100-dias-de-cercania-con-la-ciudadania\/\",\"url\":\"https:\/\/www.nexoinformativo.mx\/index.php\/2025\/01\/13\/el-alcalde-macias-olvera-destaca-logros-en-sus-primeros-100-dias-de-cercania-con-la-ciudadania\/\",\"name\":\"El alcalde Felifer Mac\u00edas destaca logros en sus primeros 100 d\u00edas de cercan\u00eda con la ciudadan\u00eda | Nexo Informativo Santiago de Quer\u00e9taro\",\"isPartOf\":{\"@id\":\"https:\/\/www.nexoinformativo.mx\/#website\"},\"primaryImageOfPage\":{\"@id\":\"https:\/\/www.nexoinformativo.mx\/index.php\/2025\/01\/13\/el-alcalde-macias-olvera-destaca-logros-en-sus-primeros-100-dias-de-cercania-con-la-ciudadania\/#primaryimage\"},\"image\":{\"@id\":\"https:\/\/www.nexoinformativo.mx\/index.php\/2025\/01\/13\/el-alcalde-macias-olvera-destaca-logros-en-sus-primeros-100-dias-de-cercania-con-la-ciudadania\/#primaryimage\"},\"thumbnailUrl\":\"https:\/\/www.nexoinformativo.mx\/wp-content\/uploads\/2025\/01\/9f551af8-338e-4379-b4ff-6e7da4b629ba-e1736813481651.jpg\",\"datePublished\":\"2025-01-13T20:30:23+00:00\",\"dateModified\":\"2025-01-14T01:56:29+00:00\",\"description\":\"El alcalde Mac\u00edas Olvera destaca logros en sus primeros 100 d\u00edas de cercan\u00eda con la ciudadan\u00eda\",\"breadcrumb\":{\"@id\":\"https:\/\/www.nexoinformativo.mx\/index.php\/2025\/01\/13\/el-alcalde-macias-olvera-destaca-logros-en-sus-primeros-100-dias-de-cercania-con-la-ciudadania\/#breadcrumb\"},\"inLanguage\":\"es\",\"potentialAction\":[{\"@type\":\"ReadAction\",\"target\":[\"https:\/\/www.nexoinformativo.mx\/index.php\/2025\/01\/13\/el-alcalde-macias-olvera-destaca-logros-en-sus-primeros-100-dias-de-cercania-con-la-ciudadania\/\"]}]},{\"@type\":\"ImageObject\",\"inLanguage\":\"es\",\"@id\":\"https:\/\/www.nexoinformativo.mx\/index.php\/2025\/01\/13\/el-alcalde-macias-olvera-destaca-logros-en-sus-primeros-100-dias-de-cercania-con-la-ciudadania\/#primaryimage\",\"url\":\"https:\/\/www.nexoinformativo.mx\/wp-content\/uploads\/2025\/01\/9f551af8-338e-4379-b4ff-6e7da4b629ba-e1736813481651.jpg\",\"contentUrl\":\"https:\/\/www.nexoinformativo.mx\/wp-content\/uploads\/2025\/01\/9f551af8-338e-4379-b4ff-6e7da4b629ba-e1736813481651.jpg\",\"width\":800,\"height\":892},{\"@type\":\"BreadcrumbList\",\"@id\":\"https:\/\/www.nexoinformativo.mx\/index.php\/2025\/01\/13\/el-alcalde-macias-olvera-destaca-logros-en-sus-primeros-100-dias-de-cercania-con-la-ciudadania\/#breadcrumb\",\"itemListElement\":[{\"@type\":\"ListItem\",\"position\":1,\"name\":\"Inicio\",\"item\":\"https:\/\/www.nexoinformativo.mx\/\"},{\"@type\":\"ListItem\",\"position\":2,\"name\":\"El alcalde Felifer Mac\u00edas destaca logros en sus primeros 100 d\u00edas de cercan\u00eda con la ciudadan\u00eda\"}]},{\"@type\":\"WebSite\",\"@id\":\"https:\/\/www.nexoinformativo.mx\/#website\",\"url\":\"https:\/\/www.nexoinformativo.mx\/\",\"name\":\"Nexo Informativo Santiago de Quer\u00e9taro\",\"description\":\"Explora NexoInformativo y convi\u00e9rtete en parte de una comunidad que valora el conocimiento y la verdad. Tu nexoinformativo es tu puente hacia una comprensi\u00f3n m\u00e1s profunda del mundo que te rodea.\",\"publisher\":{\"@id\":\"https:\/\/www.nexoinformativo.mx\/#organization\"},\"potentialAction\":[{\"@type\":\"SearchAction\",\"target\":{\"@type\":\"EntryPoint\",\"urlTemplate\":\"https:\/\/www.nexoinformativo.mx\/?s={search_term_string}\"},\"query-input\":{\"@type\":\"PropertyValueSpecification\",\"valueRequired\":true,\"valueName\":\"search_term_string\"}}],\"inLanguage\":\"es\"},{\"@type\":\"Organization\",\"@id\":\"https:\/\/www.nexoinformativo.mx\/#organization\",\"name\":\"Nexo Informativo Santiago de Quer\u00e9taro\",\"url\":\"https:\/\/www.nexoinformativo.mx\/\",\"logo\":{\"@type\":\"ImageObject\",\"inLanguage\":\"es\",\"@id\":\"https:\/\/www.nexoinformativo.mx\/#\/schema\/logo\/image\/\",\"url\":\"https:\/\/www.nexoinformativo.mx\/wp-content\/uploads\/2024\/07\/nexoi-trasparente-2.png\",\"contentUrl\":\"https:\/\/www.nexoinformativo.mx\/wp-content\/uploads\/2024\/07\/nexoi-trasparente-2.png\",\"width\":816,\"height\":339,\"caption\":\"Nexo Informativo Santiago de Quer\u00e9taro\"},\"image\":{\"@id\":\"https:\/\/www.nexoinformativo.mx\/#\/schema\/logo\/image\/\"},\"sameAs\":[\"https:\/\/www.facebook.com\/people\/Nexo-Informativo\/61564066885511\/\"]},{\"@type\":\"Person\",\"@id\":\"https:\/\/www.nexoinformativo.mx\/#\/schema\/person\/7749d380ba08c8ca00d7bc76fd907b7d\",\"name\":\"Nexo Informativo\",\"image\":{\"@type\":\"ImageObject\",\"inLanguage\":\"es\",\"@id\":\"https:\/\/www.nexoinformativo.mx\/#\/schema\/person\/image\/\",\"url\":\"https:\/\/secure.gravatar.com\/avatar\/dde2928154642a13d95f87ddf1ea9718fe2b46760a005c53e41ff5ad610704e6?s=96&d=mm&r=g\",\"contentUrl\":\"https:\/\/secure.gravatar.com\/avatar\/dde2928154642a13d95f87ddf1ea9718fe2b46760a005c53e41ff5ad610704e6?s=96&d=mm&r=g\",\"caption\":\"Nexo Informativo\"},\"url\":\"https:\/\/www.nexoinformativo.mx\/index.php\/author\/edicion\/\"}]}<\/script>\n<!-- \/ Yoast SEO plugin. -->","yoast_head_json":{"title":"El alcalde Felifer Mac\u00edas destaca logros en sus primeros 100 d\u00edas de cercan\u00eda con la ciudadan\u00eda | Nexo Informativo Santiago de Quer\u00e9taro","description":"El alcalde Mac\u00edas Olvera destaca logros en sus primeros 100 d\u00edas de cercan\u00eda con la ciudadan\u00eda","robots":{"index":"index","follow":"follow","max-snippet":"max-snippet:-1","max-image-preview":"max-image-preview:large","max-video-preview":"max-video-preview:-1"},"canonical":"https:\/\/www.nexoinformativo.mx\/index.php\/2025\/01\/13\/el-alcalde-macias-olvera-destaca-logros-en-sus-primeros-100-dias-de-cercania-con-la-ciudadania\/","og_locale":"es_MX","og_type":"article","og_title":"El alcalde Felifer Mac\u00edas destaca logros en sus primeros 100 d\u00edas de cercan\u00eda con la ciudadan\u00eda | Nexo Informativo Santiago de Quer\u00e9taro","og_description":"El alcalde Mac\u00edas Olvera destaca logros en sus primeros 100 d\u00edas de cercan\u00eda con la ciudadan\u00eda","og_url":"https:\/\/www.nexoinformativo.mx\/index.php\/2025\/01\/13\/el-alcalde-macias-olvera-destaca-logros-en-sus-primeros-100-dias-de-cercania-con-la-ciudadania\/","og_site_name":"Nexo Informativo Santiago de Quer\u00e9taro","article_publisher":"https:\/\/www.facebook.com\/people\/Nexo-Informativo\/61564066885511\/","article_published_time":"2025-01-13T20:30:23+00:00","article_modified_time":"2025-01-14T01:56:29+00:00","og_image":[{"width":800,"height":892,"url":"https:\/\/www.nexoinformativo.mx\/wp-content\/uploads\/2025\/01\/9f551af8-338e-4379-b4ff-6e7da4b629ba-e1736813481651.jpg","type":"image\/jpeg"}],"author":"Nexo Informativo","twitter_card":"summary_large_image","twitter_misc":{"Escrito por":"Nexo Informativo","Tiempo de lectura":"2 minutos"},"schema":{"@context":"https:\/\/schema.org","@graph":[{"@type":"Article","@id":"https:\/\/www.nexoinformativo.mx\/index.php\/2025\/01\/13\/el-alcalde-macias-olvera-destaca-logros-en-sus-primeros-100-dias-de-cercania-con-la-ciudadania\/#article","isPartOf":{"@id":"https:\/\/www.nexoinformativo.mx\/index.php\/2025\/01\/13\/el-alcalde-macias-olvera-destaca-logros-en-sus-primeros-100-dias-de-cercania-con-la-ciudadania\/"},"author":{"name":"Nexo Informativo","@id":"https:\/\/www.nexoinformativo.mx\/#\/schema\/person\/7749d380ba08c8ca00d7bc76fd907b7d"},"headline":"El alcalde Felifer Mac\u00edas destaca logros en sus primeros 100 d\u00edas de cercan\u00eda con la ciudadan\u00eda","datePublished":"2025-01-13T20:30:23+00:00","dateModified":"2025-01-14T01:56:29+00:00","mainEntityOfPage":{"@id":"https:\/\/www.nexoinformativo.mx\/index.php\/2025\/01\/13\/el-alcalde-macias-olvera-destaca-logros-en-sus-primeros-100-dias-de-cercania-con-la-ciudadania\/"},"wordCount":257,"commentCount":0,"publisher":{"@id":"https:\/\/www.nexoinformativo.mx\/#organization"},"image":{"@id":"https:\/\/www.nexoinformativo.mx\/index.php\/2025\/01\/13\/el-alcalde-macias-olvera-destaca-logros-en-sus-primeros-100-dias-de-cercania-con-la-ciudadania\/#primaryimage"},"thumbnailUrl":"https:\/\/www.nexoinformativo.mx\/wp-content\/uploads\/2025\/01\/9f551af8-338e-4379-b4ff-6e7da4b629ba-e1736813481651.jpg","keywords":["100D\u00edas","GobiernoCercano","Mac\u00edasOlvera","Quer\u00e9taro"],"articleSection":["Municipios","\u00daltima Hora"],"inLanguage":"es","potentialAction":[{"@type":"CommentAction","name":"Comment","target":["https:\/\/www.nexoinformativo.mx\/index.php\/2025\/01\/13\/el-alcalde-macias-olvera-destaca-logros-en-sus-primeros-100-dias-de-cercania-con-la-ciudadania\/#respond"]}]},{"@type":"WebPage","@id":"https:\/\/www.nexoinformativo.mx\/index.php\/2025\/01\/13\/el-alcalde-macias-olvera-destaca-logros-en-sus-primeros-100-dias-de-cercania-con-la-ciudadania\/","url":"https:\/\/www.nexoinformativo.mx\/index.php\/2025\/01\/13\/el-alcalde-macias-olvera-destaca-logros-en-sus-primeros-100-dias-de-cercania-con-la-ciudadania\/","name":"El alcalde Felifer Mac\u00edas destaca logros en sus primeros 100 d\u00edas de cercan\u00eda con la ciudadan\u00eda | Nexo Informativo Santiago de Quer\u00e9taro","isPartOf":{"@id":"https:\/\/www.nexoinformativo.mx\/#website"},"primaryImageOfPage":{"@id":"https:\/\/www.nexoinformativo.mx\/index.php\/2025\/01\/13\/el-alcalde-macias-olvera-destaca-logros-en-sus-primeros-100-dias-de-cercania-con-la-ciudadania\/#primaryimage"},"image":{"@id":"https:\/\/www.nexoinformativo.mx\/index.php\/2025\/01\/13\/el-alcalde-macias-olvera-destaca-logros-en-sus-primeros-100-dias-de-cercania-con-la-ciudadania\/#primaryimage"},"thumbnailUrl":"https:\/\/www.nexoinformativo.mx\/wp-content\/uploads\/2025\/01\/9f551af8-338e-4379-b4ff-6e7da4b629ba-e1736813481651.jpg","datePublished":"2025-01-13T20:30:23+00:00","dateModified":"2025-01-14T01:56:29+00:00","description":"El alcalde Mac\u00edas Olvera destaca logros en sus primeros 100 d\u00edas de cercan\u00eda con la ciudadan\u00eda","breadcrumb":{"@id":"https:\/\/www.nexoinformativo.mx\/index.php\/2025\/01\/13\/el-alcalde-macias-olvera-destaca-logros-en-sus-primeros-100-dias-de-cercania-con-la-ciudadania\/#breadcrumb"},"inLanguage":"es","potentialAction":[{"@type":"ReadAction","target":["https:\/\/www.nexoinformativo.mx\/index.php\/2025\/01\/13\/el-alcalde-macias-olvera-destaca-logros-en-sus-primeros-100-dias-de-cercania-con-la-ciudadania\/"]}]},{"@type":"ImageObject","inLanguage":"es","@id":"https:\/\/www.nexoinformativo.mx\/index.php\/2025\/01\/13\/el-alcalde-macias-olvera-destaca-logros-en-sus-primeros-100-dias-de-cercania-con-la-ciudadania\/#primaryimage","url":"https:\/\/www.nexoinformativo.mx\/wp-content\/uploads\/2025\/01\/9f551af8-338e-4379-b4ff-6e7da4b629ba-e1736813481651.jpg","contentUrl":"https:\/\/www.nexoinformativo.mx\/wp-content\/uploads\/2025\/01\/9f551af8-338e-4379-b4ff-6e7da4b629ba-e1736813481651.jpg","width":800,"height":892},{"@type":"BreadcrumbList","@id":"https:\/\/www.nexoinformativo.mx\/index.php\/2025\/01\/13\/el-alcalde-macias-olvera-destaca-logros-en-sus-primeros-100-dias-de-cercania-con-la-ciudadania\/#breadcrumb","itemListElement":[{"@type":"ListItem","position":1,"name":"Inicio","item":"https:\/\/www.nexoinformativo.mx\/"},{"@type":"ListItem","position":2,"name":"El alcalde Felifer Mac\u00edas destaca logros en sus primeros 100 d\u00edas de cercan\u00eda con la ciudadan\u00eda"}]},{"@type":"WebSite","@id":"https:\/\/www.nexoinformativo.mx\/#website","url":"https:\/\/www.nexoinformativo.mx\/","name":"Nexo Informativo Santiago de Quer\u00e9taro","description":"Explora NexoInformativo y convi\u00e9rtete en parte de una comunidad que valora el conocimiento y la verdad. Tu nexoinformativo es tu puente hacia una comprensi\u00f3n m\u00e1s profunda del mundo que te rodea.","publisher":{"@id":"https:\/\/www.nexoinformativo.mx\/#organization"},"potentialAction":[{"@type":"SearchAction","target":{"@type":"EntryPoint","urlTemplate":"https:\/\/www.nexoinformativo.mx\/?s={search_term_string}"},"query-input":{"@type":"PropertyValueSpecification","valueRequired":true,"valueName":"search_term_string"}}],"inLanguage":"es"},{"@type":"Organization","@id":"https:\/\/www.nexoinformativo.mx\/#organization","name":"Nexo Informativo Santiago de Quer\u00e9taro","url":"https:\/\/www.nexoinformativo.mx\/","logo":{"@type":"ImageObject","inLanguage":"es","@id":"https:\/\/www.nexoinformativo.mx\/#\/schema\/logo\/image\/","url":"https:\/\/www.nexoinformativo.mx\/wp-content\/uploads\/2024\/07\/nexoi-trasparente-2.png","contentUrl":"https:\/\/www.nexoinformativo.mx\/wp-content\/uploads\/2024\/07\/nexoi-trasparente-2.png","width":816,"height":339,"caption":"Nexo Informativo Santiago de Quer\u00e9taro"},"image":{"@id":"https:\/\/www.nexoinformativo.mx\/#\/schema\/logo\/image\/"},"sameAs":["https:\/\/www.facebook.com\/people\/Nexo-Informativo\/61564066885511\/"]},{"@type":"Person","@id":"https:\/\/www.nexoinformativo.mx\/#\/schema\/person\/7749d380ba08c8ca00d7bc76fd907b7d","name":"Nexo Informativo","image":{"@type":"ImageObject","inLanguage":"es","@id":"https:\/\/www.nexoinformativo.mx\/#\/schema\/person\/image\/","url":"https:\/\/secure.gravatar.com\/avatar\/dde2928154642a13d95f87ddf1ea9718fe2b46760a005c53e41ff5ad610704e6?s=96&d=mm&r=g","contentUrl":"https:\/\/secure.gravatar.com\/avatar\/dde2928154642a13d95f87ddf1ea9718fe2b46760a005c53e41ff5ad610704e6?s=96&d=mm&r=g","caption":"Nexo Informativo"},"url":"https:\/\/www.nexoinformativo.mx\/index.php\/author\/edicion\/"}]}},"_links":{"self":[{"href":"https:\/\/www.nexoinformativo.mx\/index.php\/wp-json\/wp\/v2\/posts\/9785","targetHints":{"allow":["GET"]}}],"collection":[{"href":"https:\/\/www.nexoinformativo.mx\/index.php\/wp-json\/wp\/v2\/posts"}],"about":[{"href":"https:\/\/www.nexoinformativo.mx\/index.php\/wp-json\/wp\/v2\/types\/post"}],"author":[{"embeddable":true,"href":"https:\/\/www.nexoinformativo.mx\/index.php\/wp-json\/wp\/v2\/users\/3"}],"replies":[{"embeddable":true,"href":"https:\/\/www.nexoinformativo.mx\/index.php\/wp-json\/wp\/v2\/comments?post=9785"}],"version-history":[{"count":4,"href":"https:\/\/www.nexoinformativo.mx\/index.php\/wp-json\/wp\/v2\/posts\/9785\/revisions"}],"predecessor-version":[{"id":9819,"href":"https:\/\/www.nexoinformativo.mx\/index.php\/wp-json\/wp\/v2\/posts\/9785\/revisions\/9819"}],"wp:featuredmedia":[{"embeddable":true,"href":"https:\/\/www.nexoinformativo.mx\/index.php\/wp-json\/wp\/v2\/media\/9787"}],"wp:attachment":[{"href":"https:\/\/www.nexoinformativo.mx\/index.php\/wp-json\/wp\/v2\/media?parent=9785"}],"wp:term":[{"taxonomy":"category","embeddable":true,"href":"https:\/\/www.nexoinformativo.mx\/index.php\/wp-json\/wp\/v2\/categories?post=9785"},{"taxonomy":"post_tag","embeddable":true,"href":"https:\/\/www.nexoinformativo.mx\/index.php\/wp-json\/wp\/v2\/tags?post=9785"}],"curies":[{"name":"wp","href":"https:\/\/api.w.org\/{rel}","templated":true}]}}