{"id":9796,"date":"2025-01-13T15:30:55","date_gmt":"2025-01-13T21:30:55","guid":{"rendered":"https:\/\/www.nexoinformativo.mx\/?p=9796"},"modified":"2025-01-13T18:31:57","modified_gmt":"2025-01-14T00:31:57","slug":"sep-y-maestros-unidos-por-una-educacion-de-calidad-en-el-bachillerato","status":"publish","type":"post","link":"https:\/\/www.nexoinformativo.mx\/index.php\/2025\/01\/13\/sep-y-maestros-unidos-por-una-educacion-de-calidad-en-el-bachillerato\/","title":{"rendered":"SEP y maestros unidos por una educaci\u00f3n de calidad en el bachillerato"},"content":{"rendered":"<p style=\"text-align: justify;\" data-sourcepos=\"11:1-11:453\">El secretario de Educaci\u00f3n P\u00fablica (SEP), Mario Delgado, destac\u00f3 la importancia del magisterio en la implementaci\u00f3n del Plan Integral del Sistema Nacional de Bachillerato de <strong>la Nueva Escuela Mexicana<\/strong> (NEM).<\/p>\n<\/p>\n<p>&nbsp;<\/p>\n<p style=\"text-align: justify;\" data-sourcepos=\"11:1-11:453\">Durante la <strong>\u201cMa\u00f1anera del Pueblo\u201d<\/strong>, encabezada por la presidenta Claudia Sheinbaum, Mario Delgado enfatiz\u00f3 que la transformaci\u00f3n de la educaci\u00f3n media superior se llevar\u00e1 a cabo de la mano con los docentes.<\/p>\n<\/p>\n<p>&nbsp;<\/p>\n<p style=\"text-align: justify;\" data-sourcepos=\"13:1-13:202\"><strong>&#8220;Los maestros son fundamentales en este proceso&#8221;<\/strong>, afirm\u00f3 el secretario. &#8220;Estamos trabajando de manera coordinada con ellos para garantizar que la implementaci\u00f3n del nuevo modelo educativo sea un \u00e9xito&#8221;.<\/p>\n<\/p>\n<p>&nbsp;<\/p>\n<p style=\"text-align: justify;\" data-sourcepos=\"15:1-15:221\">Como parte de esta estrategia, la SEP se reunir\u00e1 con diversas organizaciones magisteriales para definir un plan de trabajo conjunto y asegurar la participaci\u00f3n activa de los docentes en la transformaci\u00f3n del bachillerato.<\/p>\n<\/p>\n<p>&nbsp;<\/p>\n<p style=\"text-align: justify;\" data-sourcepos=\"17:1-17:234\">Adem\u00e1s, se implementar\u00e1 el programa <strong>La Escuela es Nuestra<\/strong> (LEEN) en los planteles de educaci\u00f3n media superior, con el objetivo de involucrar a padres de familia y estudiantes en la toma de decisiones sobre las mejoras en sus escuelas.<\/p>\n<\/p>\n<p>&nbsp;<\/p>\n<p style=\"text-align: justify;\" data-sourcepos=\"19:1-19:277\">Por su parte, la subsecretaria de Educaci\u00f3n Media Superior, Tania Rodr\u00edguez, detall\u00f3 que el Plan Integral del Sistema Nacional de Bachillerato de la NEM se basar\u00e1 en tres ejes principales: fortalecimiento integral, integraci\u00f3n de subsistemas y ampliaci\u00f3n de la cobertura.<\/p>\n<\/p>\n<p>&nbsp;<\/p>\n<p style=\"text-align: justify;\" data-sourcepos=\"21:1-21:251\">Entre las acciones a destacar se encuentran la actualizaci\u00f3n de los programas de estudio, la mejora de la infraestructura educativa, la implementaci\u00f3n de programas de formaci\u00f3n docente y la creaci\u00f3n de 40 mil nuevos lugares en el nivel medio superior.<\/p>\n<\/p>\n<p>&nbsp;<\/p>\n<p style=\"text-align: center;\" data-sourcepos=\"21:1-21:251\"><em><strong>\u00a1Informaci\u00f3n que transforma!<\/strong><\/em><\/p>\n","protected":false},"excerpt":{"rendered":"<p>El secretario de Educaci\u00f3n P\u00fablica (SEP), Mario Delgado, destac\u00f3 la importancia del magisterio en la implementaci\u00f3n del Plan Integral del Sistema Nacional de Bachillerato de la Nueva Escuela Mexicana (NEM).<\/p>\n","protected":false},"author":3,"featured_media":9797,"comment_status":"open","ping_status":"open","sticky":false,"template":"","format":"standard","meta":{"footnotes":""},"categories":[88,58],"tags":[3084,173,2679,1567],"class_list":["post-9796","post","type-post","status-publish","format-standard","has-post-thumbnail","hentry","category-nacional","category-ultima-hora","tag-bachillerato","tag-educacion","tag-maestros","tag-nuevaescuelamexicana"],"yoast_head":"<!-- This site is optimized with the Yoast SEO plugin v25.0 - https:\/\/yoast.com\/wordpress\/plugins\/seo\/ -->\n<title>SEP y maestros unidos por una educaci\u00f3n de calidad en el bachillerato | Nexo Informativo Santiago de Quer\u00e9taro<\/title>\n<meta name=\"description\" content=\"SEP y maestros unidos por una educaci\u00f3n de calidad en el bachillerato\" \/>\n<meta name=\"robots\" content=\"index, follow, max-snippet:-1, max-image-preview:large, max-video-preview:-1\" \/>\n<link rel=\"canonical\" href=\"https:\/\/www.nexoinformativo.mx\/index.php\/2025\/01\/13\/sep-y-maestros-unidos-por-una-educacion-de-calidad-en-el-bachillerato\/\" \/>\n<meta property=\"og:locale\" content=\"es_MX\" \/>\n<meta property=\"og:type\" content=\"article\" \/>\n<meta property=\"og:title\" content=\"SEP y maestros unidos por una educaci\u00f3n de calidad en el bachillerato | Nexo Informativo Santiago de Quer\u00e9taro\" \/>\n<meta property=\"og:description\" content=\"SEP y maestros unidos por una educaci\u00f3n de calidad en el bachillerato\" \/>\n<meta property=\"og:url\" content=\"https:\/\/www.nexoinformativo.mx\/index.php\/2025\/01\/13\/sep-y-maestros-unidos-por-una-educacion-de-calidad-en-el-bachillerato\/\" \/>\n<meta property=\"og:site_name\" content=\"Nexo Informativo Santiago de Quer\u00e9taro\" \/>\n<meta property=\"article:publisher\" content=\"https:\/\/www.facebook.com\/people\/Nexo-Informativo\/61564066885511\/\" \/>\n<meta property=\"article:published_time\" content=\"2025-01-13T21:30:55+00:00\" \/>\n<meta property=\"article:modified_time\" content=\"2025-01-14T00:31:57+00:00\" \/>\n<meta property=\"og:image\" content=\"https:\/\/www.nexoinformativo.mx\/wp-content\/uploads\/2025\/01\/IMG_9236.jpg\" \/>\n\t<meta property=\"og:image:width\" content=\"650\" \/>\n\t<meta property=\"og:image:height\" content=\"380\" \/>\n\t<meta property=\"og:image:type\" content=\"image\/jpeg\" \/>\n<meta name=\"author\" content=\"Nexo Informativo\" \/>\n<meta name=\"twitter:card\" content=\"summary_large_image\" \/>\n<meta name=\"twitter:label1\" content=\"Escrito por\" \/>\n\t<meta name=\"twitter:data1\" content=\"Nexo Informativo\" \/>\n\t<meta name=\"twitter:label2\" content=\"Tiempo de lectura\" \/>\n\t<meta name=\"twitter:data2\" content=\"2 minutos\" \/>\n<script type=\"application\/ld+json\" class=\"yoast-schema-graph\">{\"@context\":\"https:\/\/schema.org\",\"@graph\":[{\"@type\":\"Article\",\"@id\":\"https:\/\/www.nexoinformativo.mx\/index.php\/2025\/01\/13\/sep-y-maestros-unidos-por-una-educacion-de-calidad-en-el-bachillerato\/#article\",\"isPartOf\":{\"@id\":\"https:\/\/www.nexoinformativo.mx\/index.php\/2025\/01\/13\/sep-y-maestros-unidos-por-una-educacion-de-calidad-en-el-bachillerato\/\"},\"author\":{\"name\":\"Nexo Informativo\",\"@id\":\"https:\/\/www.nexoinformativo.mx\/#\/schema\/person\/7749d380ba08c8ca00d7bc76fd907b7d\"},\"headline\":\"SEP y maestros unidos por una educaci\u00f3n de calidad en el bachillerato\",\"datePublished\":\"2025-01-13T21:30:55+00:00\",\"dateModified\":\"2025-01-14T00:31:57+00:00\",\"mainEntityOfPage\":{\"@id\":\"https:\/\/www.nexoinformativo.mx\/index.php\/2025\/01\/13\/sep-y-maestros-unidos-por-una-educacion-de-calidad-en-el-bachillerato\/\"},\"wordCount\":285,\"commentCount\":0,\"publisher\":{\"@id\":\"https:\/\/www.nexoinformativo.mx\/#organization\"},\"image\":{\"@id\":\"https:\/\/www.nexoinformativo.mx\/index.php\/2025\/01\/13\/sep-y-maestros-unidos-por-una-educacion-de-calidad-en-el-bachillerato\/#primaryimage\"},\"thumbnailUrl\":\"https:\/\/www.nexoinformativo.mx\/wp-content\/uploads\/2025\/01\/IMG_9236.jpg\",\"keywords\":[\"Bachillerato\",\"educacion\",\"Maestros\",\"NuevaEscuelaMexicana\"],\"articleSection\":[\"Nacional\",\"\u00daltima Hora\"],\"inLanguage\":\"es\",\"potentialAction\":[{\"@type\":\"CommentAction\",\"name\":\"Comment\",\"target\":[\"https:\/\/www.nexoinformativo.mx\/index.php\/2025\/01\/13\/sep-y-maestros-unidos-por-una-educacion-de-calidad-en-el-bachillerato\/#respond\"]}]},{\"@type\":\"WebPage\",\"@id\":\"https:\/\/www.nexoinformativo.mx\/index.php\/2025\/01\/13\/sep-y-maestros-unidos-por-una-educacion-de-calidad-en-el-bachillerato\/\",\"url\":\"https:\/\/www.nexoinformativo.mx\/index.php\/2025\/01\/13\/sep-y-maestros-unidos-por-una-educacion-de-calidad-en-el-bachillerato\/\",\"name\":\"SEP y maestros unidos por una educaci\u00f3n de calidad en el bachillerato | Nexo Informativo Santiago de Quer\u00e9taro\",\"isPartOf\":{\"@id\":\"https:\/\/www.nexoinformativo.mx\/#website\"},\"primaryImageOfPage\":{\"@id\":\"https:\/\/www.nexoinformativo.mx\/index.php\/2025\/01\/13\/sep-y-maestros-unidos-por-una-educacion-de-calidad-en-el-bachillerato\/#primaryimage\"},\"image\":{\"@id\":\"https:\/\/www.nexoinformativo.mx\/index.php\/2025\/01\/13\/sep-y-maestros-unidos-por-una-educacion-de-calidad-en-el-bachillerato\/#primaryimage\"},\"thumbnailUrl\":\"https:\/\/www.nexoinformativo.mx\/wp-content\/uploads\/2025\/01\/IMG_9236.jpg\",\"datePublished\":\"2025-01-13T21:30:55+00:00\",\"dateModified\":\"2025-01-14T00:31:57+00:00\",\"description\":\"SEP y maestros unidos por una educaci\u00f3n de calidad en el bachillerato\",\"breadcrumb\":{\"@id\":\"https:\/\/www.nexoinformativo.mx\/index.php\/2025\/01\/13\/sep-y-maestros-unidos-por-una-educacion-de-calidad-en-el-bachillerato\/#breadcrumb\"},\"inLanguage\":\"es\",\"potentialAction\":[{\"@type\":\"ReadAction\",\"target\":[\"https:\/\/www.nexoinformativo.mx\/index.php\/2025\/01\/13\/sep-y-maestros-unidos-por-una-educacion-de-calidad-en-el-bachillerato\/\"]}]},{\"@type\":\"ImageObject\",\"inLanguage\":\"es\",\"@id\":\"https:\/\/www.nexoinformativo.mx\/index.php\/2025\/01\/13\/sep-y-maestros-unidos-por-una-educacion-de-calidad-en-el-bachillerato\/#primaryimage\",\"url\":\"https:\/\/www.nexoinformativo.mx\/wp-content\/uploads\/2025\/01\/IMG_9236.jpg\",\"contentUrl\":\"https:\/\/www.nexoinformativo.mx\/wp-content\/uploads\/2025\/01\/IMG_9236.jpg\",\"width\":650,\"height\":380},{\"@type\":\"BreadcrumbList\",\"@id\":\"https:\/\/www.nexoinformativo.mx\/index.php\/2025\/01\/13\/sep-y-maestros-unidos-por-una-educacion-de-calidad-en-el-bachillerato\/#breadcrumb\",\"itemListElement\":[{\"@type\":\"ListItem\",\"position\":1,\"name\":\"Inicio\",\"item\":\"https:\/\/www.nexoinformativo.mx\/\"},{\"@type\":\"ListItem\",\"position\":2,\"name\":\"SEP y maestros unidos por una educaci\u00f3n de calidad en el bachillerato\"}]},{\"@type\":\"WebSite\",\"@id\":\"https:\/\/www.nexoinformativo.mx\/#website\",\"url\":\"https:\/\/www.nexoinformativo.mx\/\",\"name\":\"Nexo Informativo Santiago de Quer\u00e9taro\",\"description\":\"Explora NexoInformativo y convi\u00e9rtete en parte de una comunidad que valora el conocimiento y la verdad. Tu nexoinformativo es tu puente hacia una comprensi\u00f3n m\u00e1s profunda del mundo que te rodea.\",\"publisher\":{\"@id\":\"https:\/\/www.nexoinformativo.mx\/#organization\"},\"potentialAction\":[{\"@type\":\"SearchAction\",\"target\":{\"@type\":\"EntryPoint\",\"urlTemplate\":\"https:\/\/www.nexoinformativo.mx\/?s={search_term_string}\"},\"query-input\":{\"@type\":\"PropertyValueSpecification\",\"valueRequired\":true,\"valueName\":\"search_term_string\"}}],\"inLanguage\":\"es\"},{\"@type\":\"Organization\",\"@id\":\"https:\/\/www.nexoinformativo.mx\/#organization\",\"name\":\"Nexo Informativo Santiago de Quer\u00e9taro\",\"url\":\"https:\/\/www.nexoinformativo.mx\/\",\"logo\":{\"@type\":\"ImageObject\",\"inLanguage\":\"es\",\"@id\":\"https:\/\/www.nexoinformativo.mx\/#\/schema\/logo\/image\/\",\"url\":\"https:\/\/www.nexoinformativo.mx\/wp-content\/uploads\/2024\/07\/nexoi-trasparente-2.png\",\"contentUrl\":\"https:\/\/www.nexoinformativo.mx\/wp-content\/uploads\/2024\/07\/nexoi-trasparente-2.png\",\"width\":816,\"height\":339,\"caption\":\"Nexo Informativo Santiago de Quer\u00e9taro\"},\"image\":{\"@id\":\"https:\/\/www.nexoinformativo.mx\/#\/schema\/logo\/image\/\"},\"sameAs\":[\"https:\/\/www.facebook.com\/people\/Nexo-Informativo\/61564066885511\/\"]},{\"@type\":\"Person\",\"@id\":\"https:\/\/www.nexoinformativo.mx\/#\/schema\/person\/7749d380ba08c8ca00d7bc76fd907b7d\",\"name\":\"Nexo Informativo\",\"image\":{\"@type\":\"ImageObject\",\"inLanguage\":\"es\",\"@id\":\"https:\/\/www.nexoinformativo.mx\/#\/schema\/person\/image\/\",\"url\":\"https:\/\/secure.gravatar.com\/avatar\/dde2928154642a13d95f87ddf1ea9718fe2b46760a005c53e41ff5ad610704e6?s=96&d=mm&r=g\",\"contentUrl\":\"https:\/\/secure.gravatar.com\/avatar\/dde2928154642a13d95f87ddf1ea9718fe2b46760a005c53e41ff5ad610704e6?s=96&d=mm&r=g\",\"caption\":\"Nexo Informativo\"},\"url\":\"https:\/\/www.nexoinformativo.mx\/index.php\/author\/edicion\/\"}]}<\/script>\n<!-- \/ Yoast SEO plugin. -->","yoast_head_json":{"title":"SEP y maestros unidos por una educaci\u00f3n de calidad en el bachillerato | Nexo Informativo Santiago de Quer\u00e9taro","description":"SEP y maestros unidos por una educaci\u00f3n de calidad en el bachillerato","robots":{"index":"index","follow":"follow","max-snippet":"max-snippet:-1","max-image-preview":"max-image-preview:large","max-video-preview":"max-video-preview:-1"},"canonical":"https:\/\/www.nexoinformativo.mx\/index.php\/2025\/01\/13\/sep-y-maestros-unidos-por-una-educacion-de-calidad-en-el-bachillerato\/","og_locale":"es_MX","og_type":"article","og_title":"SEP y maestros unidos por una educaci\u00f3n de calidad en el bachillerato | Nexo Informativo Santiago de Quer\u00e9taro","og_description":"SEP y maestros unidos por una educaci\u00f3n de calidad en el bachillerato","og_url":"https:\/\/www.nexoinformativo.mx\/index.php\/2025\/01\/13\/sep-y-maestros-unidos-por-una-educacion-de-calidad-en-el-bachillerato\/","og_site_name":"Nexo Informativo Santiago de Quer\u00e9taro","article_publisher":"https:\/\/www.facebook.com\/people\/Nexo-Informativo\/61564066885511\/","article_published_time":"2025-01-13T21:30:55+00:00","article_modified_time":"2025-01-14T00:31:57+00:00","og_image":[{"width":650,"height":380,"url":"https:\/\/www.nexoinformativo.mx\/wp-content\/uploads\/2025\/01\/IMG_9236.jpg","type":"image\/jpeg"}],"author":"Nexo Informativo","twitter_card":"summary_large_image","twitter_misc":{"Escrito por":"Nexo Informativo","Tiempo de lectura":"2 minutos"},"schema":{"@context":"https:\/\/schema.org","@graph":[{"@type":"Article","@id":"https:\/\/www.nexoinformativo.mx\/index.php\/2025\/01\/13\/sep-y-maestros-unidos-por-una-educacion-de-calidad-en-el-bachillerato\/#article","isPartOf":{"@id":"https:\/\/www.nexoinformativo.mx\/index.php\/2025\/01\/13\/sep-y-maestros-unidos-por-una-educacion-de-calidad-en-el-bachillerato\/"},"author":{"name":"Nexo Informativo","@id":"https:\/\/www.nexoinformativo.mx\/#\/schema\/person\/7749d380ba08c8ca00d7bc76fd907b7d"},"headline":"SEP y maestros unidos por una educaci\u00f3n de calidad en el bachillerato","datePublished":"2025-01-13T21:30:55+00:00","dateModified":"2025-01-14T00:31:57+00:00","mainEntityOfPage":{"@id":"https:\/\/www.nexoinformativo.mx\/index.php\/2025\/01\/13\/sep-y-maestros-unidos-por-una-educacion-de-calidad-en-el-bachillerato\/"},"wordCount":285,"commentCount":0,"publisher":{"@id":"https:\/\/www.nexoinformativo.mx\/#organization"},"image":{"@id":"https:\/\/www.nexoinformativo.mx\/index.php\/2025\/01\/13\/sep-y-maestros-unidos-por-una-educacion-de-calidad-en-el-bachillerato\/#primaryimage"},"thumbnailUrl":"https:\/\/www.nexoinformativo.mx\/wp-content\/uploads\/2025\/01\/IMG_9236.jpg","keywords":["Bachillerato","educacion","Maestros","NuevaEscuelaMexicana"],"articleSection":["Nacional","\u00daltima Hora"],"inLanguage":"es","potentialAction":[{"@type":"CommentAction","name":"Comment","target":["https:\/\/www.nexoinformativo.mx\/index.php\/2025\/01\/13\/sep-y-maestros-unidos-por-una-educacion-de-calidad-en-el-bachillerato\/#respond"]}]},{"@type":"WebPage","@id":"https:\/\/www.nexoinformativo.mx\/index.php\/2025\/01\/13\/sep-y-maestros-unidos-por-una-educacion-de-calidad-en-el-bachillerato\/","url":"https:\/\/www.nexoinformativo.mx\/index.php\/2025\/01\/13\/sep-y-maestros-unidos-por-una-educacion-de-calidad-en-el-bachillerato\/","name":"SEP y maestros unidos por una educaci\u00f3n de calidad en el bachillerato | Nexo Informativo Santiago de Quer\u00e9taro","isPartOf":{"@id":"https:\/\/www.nexoinformativo.mx\/#website"},"primaryImageOfPage":{"@id":"https:\/\/www.nexoinformativo.mx\/index.php\/2025\/01\/13\/sep-y-maestros-unidos-por-una-educacion-de-calidad-en-el-bachillerato\/#primaryimage"},"image":{"@id":"https:\/\/www.nexoinformativo.mx\/index.php\/2025\/01\/13\/sep-y-maestros-unidos-por-una-educacion-de-calidad-en-el-bachillerato\/#primaryimage"},"thumbnailUrl":"https:\/\/www.nexoinformativo.mx\/wp-content\/uploads\/2025\/01\/IMG_9236.jpg","datePublished":"2025-01-13T21:30:55+00:00","dateModified":"2025-01-14T00:31:57+00:00","description":"SEP y maestros unidos por una educaci\u00f3n de calidad en el bachillerato","breadcrumb":{"@id":"https:\/\/www.nexoinformativo.mx\/index.php\/2025\/01\/13\/sep-y-maestros-unidos-por-una-educacion-de-calidad-en-el-bachillerato\/#breadcrumb"},"inLanguage":"es","potentialAction":[{"@type":"ReadAction","target":["https:\/\/www.nexoinformativo.mx\/index.php\/2025\/01\/13\/sep-y-maestros-unidos-por-una-educacion-de-calidad-en-el-bachillerato\/"]}]},{"@type":"ImageObject","inLanguage":"es","@id":"https:\/\/www.nexoinformativo.mx\/index.php\/2025\/01\/13\/sep-y-maestros-unidos-por-una-educacion-de-calidad-en-el-bachillerato\/#primaryimage","url":"https:\/\/www.nexoinformativo.mx\/wp-content\/uploads\/2025\/01\/IMG_9236.jpg","contentUrl":"https:\/\/www.nexoinformativo.mx\/wp-content\/uploads\/2025\/01\/IMG_9236.jpg","width":650,"height":380},{"@type":"BreadcrumbList","@id":"https:\/\/www.nexoinformativo.mx\/index.php\/2025\/01\/13\/sep-y-maestros-unidos-por-una-educacion-de-calidad-en-el-bachillerato\/#breadcrumb","itemListElement":[{"@type":"ListItem","position":1,"name":"Inicio","item":"https:\/\/www.nexoinformativo.mx\/"},{"@type":"ListItem","position":2,"name":"SEP y maestros unidos por una educaci\u00f3n de calidad en el bachillerato"}]},{"@type":"WebSite","@id":"https:\/\/www.nexoinformativo.mx\/#website","url":"https:\/\/www.nexoinformativo.mx\/","name":"Nexo Informativo Santiago de Quer\u00e9taro","description":"Explora NexoInformativo y convi\u00e9rtete en parte de una comunidad que valora el conocimiento y la verdad. Tu nexoinformativo es tu puente hacia una comprensi\u00f3n m\u00e1s profunda del mundo que te rodea.","publisher":{"@id":"https:\/\/www.nexoinformativo.mx\/#organization"},"potentialAction":[{"@type":"SearchAction","target":{"@type":"EntryPoint","urlTemplate":"https:\/\/www.nexoinformativo.mx\/?s={search_term_string}"},"query-input":{"@type":"PropertyValueSpecification","valueRequired":true,"valueName":"search_term_string"}}],"inLanguage":"es"},{"@type":"Organization","@id":"https:\/\/www.nexoinformativo.mx\/#organization","name":"Nexo Informativo Santiago de Quer\u00e9taro","url":"https:\/\/www.nexoinformativo.mx\/","logo":{"@type":"ImageObject","inLanguage":"es","@id":"https:\/\/www.nexoinformativo.mx\/#\/schema\/logo\/image\/","url":"https:\/\/www.nexoinformativo.mx\/wp-content\/uploads\/2024\/07\/nexoi-trasparente-2.png","contentUrl":"https:\/\/www.nexoinformativo.mx\/wp-content\/uploads\/2024\/07\/nexoi-trasparente-2.png","width":816,"height":339,"caption":"Nexo Informativo Santiago de Quer\u00e9taro"},"image":{"@id":"https:\/\/www.nexoinformativo.mx\/#\/schema\/logo\/image\/"},"sameAs":["https:\/\/www.facebook.com\/people\/Nexo-Informativo\/61564066885511\/"]},{"@type":"Person","@id":"https:\/\/www.nexoinformativo.mx\/#\/schema\/person\/7749d380ba08c8ca00d7bc76fd907b7d","name":"Nexo Informativo","image":{"@type":"ImageObject","inLanguage":"es","@id":"https:\/\/www.nexoinformativo.mx\/#\/schema\/person\/image\/","url":"https:\/\/secure.gravatar.com\/avatar\/dde2928154642a13d95f87ddf1ea9718fe2b46760a005c53e41ff5ad610704e6?s=96&d=mm&r=g","contentUrl":"https:\/\/secure.gravatar.com\/avatar\/dde2928154642a13d95f87ddf1ea9718fe2b46760a005c53e41ff5ad610704e6?s=96&d=mm&r=g","caption":"Nexo Informativo"},"url":"https:\/\/www.nexoinformativo.mx\/index.php\/author\/edicion\/"}]}},"_links":{"self":[{"href":"https:\/\/www.nexoinformativo.mx\/index.php\/wp-json\/wp\/v2\/posts\/9796","targetHints":{"allow":["GET"]}}],"collection":[{"href":"https:\/\/www.nexoinformativo.mx\/index.php\/wp-json\/wp\/v2\/posts"}],"about":[{"href":"https:\/\/www.nexoinformativo.mx\/index.php\/wp-json\/wp\/v2\/types\/post"}],"author":[{"embeddable":true,"href":"https:\/\/www.nexoinformativo.mx\/index.php\/wp-json\/wp\/v2\/users\/3"}],"replies":[{"embeddable":true,"href":"https:\/\/www.nexoinformativo.mx\/index.php\/wp-json\/wp\/v2\/comments?post=9796"}],"version-history":[{"count":3,"href":"https:\/\/www.nexoinformativo.mx\/index.php\/wp-json\/wp\/v2\/posts\/9796\/revisions"}],"predecessor-version":[{"id":9800,"href":"https:\/\/www.nexoinformativo.mx\/index.php\/wp-json\/wp\/v2\/posts\/9796\/revisions\/9800"}],"wp:featuredmedia":[{"embeddable":true,"href":"https:\/\/www.nexoinformativo.mx\/index.php\/wp-json\/wp\/v2\/media\/9797"}],"wp:attachment":[{"href":"https:\/\/www.nexoinformativo.mx\/index.php\/wp-json\/wp\/v2\/media?parent=9796"}],"wp:term":[{"taxonomy":"category","embeddable":true,"href":"https:\/\/www.nexoinformativo.mx\/index.php\/wp-json\/wp\/v2\/categories?post=9796"},{"taxonomy":"post_tag","embeddable":true,"href":"https:\/\/www.nexoinformativo.mx\/index.php\/wp-json\/wp\/v2\/tags?post=9796"}],"curies":[{"name":"wp","href":"https:\/\/api.w.org\/{rel}","templated":true}]}}