{"id":9826,"date":"2025-01-14T07:00:43","date_gmt":"2025-01-14T13:00:43","guid":{"rendered":"https:\/\/www.nexoinformativo.mx\/?p=9826"},"modified":"2025-01-14T09:06:08","modified_gmt":"2025-01-14T15:06:08","slug":"la-unaq-vuela-alto-con-mas-de-100-futuros-lideres-de-la-aviacion-mundial-con-la-beca-embajadores","status":"publish","type":"post","link":"https:\/\/www.nexoinformativo.mx\/index.php\/2025\/01\/14\/la-unaq-vuela-alto-con-mas-de-100-futuros-lideres-de-la-aviacion-mundial-con-la-beca-embajadores\/","title":{"rendered":"La UNAQ vuela alto con mas de 100 futuros l\u00edderes de la aviaci\u00f3n mundial con la Beca Embajadores"},"content":{"rendered":"<p style=\"text-align: justify;\" data-sourcepos=\"11:1-11:393\"><strong>La Universidad Aeron\u00e1utica de Quer\u00e9taro<\/strong> (UNAQ) est\u00e1 tomando vuelo a nivel internacional. Gracias a la <strong>Beca Embajadores<\/strong>, impulsada por el gobierno estatal, m\u00e1s de 100 estudiantes han tenido la oportunidad de estudiar en prestigiosas instituciones en el extranjero, fortaleciendo su formaci\u00f3n y posicionando a Quer\u00e9taro como un referente en la industria aeron\u00e1utica.<\/p>\n<\/p>\n<p>&nbsp;<\/p>\n<p style=\"text-align: justify;\" data-sourcepos=\"13:1-13:344\">Este programa, que cubre el 100% de los gastos de los estudiantes, les permite acceder a experiencias acad\u00e9micas en pa\u00edses como Jap\u00f3n, Canad\u00e1, Estados Unidos, Corea del Sur y Alemania. Al regresar a M\u00e9xico, estos j\u00f3venes talentos se integran r\u00e1pidamente al mercado laboral, contribuyendo al crecimiento de la industria aeron\u00e1utica en la regi\u00f3n.<\/p>\n<\/p>\n<p>&nbsp;<\/p>\n<p style=\"text-align: justify;\" data-sourcepos=\"15:1-15:278\"><strong>\u201cLa Beca Embajadores es una inversi\u00f3n en el futuro de Quer\u00e9taro\u201d<\/strong>, afirm\u00f3 el rector de la UNAQ, Enrique Sosa. \u201cAl brindar a nuestros estudiantes la oportunidad de estudiar en el extranjero, estamos formando profesionales altamente calificados que pueden competir a nivel global\u201d.<\/p>\n<\/p>\n<p>&nbsp;<\/p>\n<p style=\"text-align: justify;\" data-sourcepos=\"17:1-17:421\">Gracias a convenios con m\u00e1s de 30 universidades internacionales, la UNAQ ofrece a sus estudiantes una formaci\u00f3n integral que abarca desde el mantenimiento de aeronaves hasta el dise\u00f1o y manufactura.<\/p>\n<\/p>\n<p>&nbsp;<\/p>\n<p style=\"text-align: justify;\" data-sourcepos=\"17:1-17:421\">Adem\u00e1s, la instituci\u00f3n ha establecido estrechos v\u00ednculos con empresas l\u00edderes en el sector, como General Electric, Safran y Bombardier, lo que garantiza que los egresados encuentren oportunidades laborales de primer nivel.<\/p>\n<\/p>\n<p>&nbsp;<\/p>\n<p style=\"text-align: justify;\" data-sourcepos=\"19:1-19:305\">Para el a\u00f1o 2025, la UNAQ tiene proyectado seguir creciendo y consolidarse como un referente en la formaci\u00f3n de talento aeron\u00e1utico. Con una oferta acad\u00e9mica cada vez m\u00e1s amplia y una fuerte vinculaci\u00f3n con la industria, la universidad se posiciona como un motor de desarrollo para el estado de Quer\u00e9taro.<\/p>\n<\/p>\n<p>&nbsp;<\/p>\n<p style=\"text-align: center;\" data-sourcepos=\"19:1-19:305\"><em><strong>\u00a1Informaci\u00f3n que transforma!<\/strong><\/em><\/p>\n","protected":false},"excerpt":{"rendered":"<p>La Universidad Aeron\u00e1utica de Quer\u00e9taro (UNAQ) est\u00e1 tomando vuelo a nivel internacional. Gracias a la Beca Embajadores, impulsada por el gobierno estatal, m\u00e1s de 100 estudiantes han tenido la oportunidad de estudiar en prestigiosas instituciones en el extranjero, fortaleciendo su formaci\u00f3n y posicionando a Quer\u00e9taro como un referente en la industria aeron\u00e1utica.<\/p>\n","protected":false},"author":3,"featured_media":9827,"comment_status":"open","ping_status":"open","sticky":false,"template":"","format":"standard","meta":{"footnotes":""},"categories":[42,58],"tags":[3097,3096,133,2806],"class_list":["post-9826","post","type-post","status-publish","format-standard","has-post-thumbnail","hentry","category-estado","category-ultima-hora","tag-aeronautica","tag-becaembajadores","tag-queretaro","tag-unaq"],"yoast_head":"<!-- This site is optimized with the Yoast SEO plugin v25.0 - https:\/\/yoast.com\/wordpress\/plugins\/seo\/ -->\n<title>La UNAQ vuela alto con mas de 100 futuros l\u00edderes de la aviaci\u00f3n mundial con la Beca Embajadores | Nexo Informativo Santiago de Quer\u00e9taro<\/title>\n<meta name=\"description\" content=\"La UNAQ vuela alto con futuros l\u00edderes de la aviaci\u00f3n mundial con la Beca Embajadores\" \/>\n<meta name=\"robots\" content=\"index, follow, max-snippet:-1, max-image-preview:large, max-video-preview:-1\" \/>\n<link rel=\"canonical\" href=\"https:\/\/www.nexoinformativo.mx\/index.php\/2025\/01\/14\/la-unaq-vuela-alto-con-mas-de-100-futuros-lideres-de-la-aviacion-mundial-con-la-beca-embajadores\/\" \/>\n<meta property=\"og:locale\" content=\"es_MX\" \/>\n<meta property=\"og:type\" content=\"article\" \/>\n<meta property=\"og:title\" content=\"La UNAQ vuela alto con mas de 100 futuros l\u00edderes de la aviaci\u00f3n mundial con la Beca Embajadores | Nexo Informativo Santiago de Quer\u00e9taro\" \/>\n<meta property=\"og:description\" content=\"La UNAQ vuela alto con futuros l\u00edderes de la aviaci\u00f3n mundial con la Beca Embajadores\" \/>\n<meta property=\"og:url\" content=\"https:\/\/www.nexoinformativo.mx\/index.php\/2025\/01\/14\/la-unaq-vuela-alto-con-mas-de-100-futuros-lideres-de-la-aviacion-mundial-con-la-beca-embajadores\/\" \/>\n<meta property=\"og:site_name\" content=\"Nexo Informativo Santiago de Quer\u00e9taro\" \/>\n<meta property=\"article:publisher\" content=\"https:\/\/www.facebook.com\/people\/Nexo-Informativo\/61564066885511\/\" \/>\n<meta property=\"article:published_time\" content=\"2025-01-14T13:00:43+00:00\" \/>\n<meta property=\"article:modified_time\" content=\"2025-01-14T15:06:08+00:00\" \/>\n<meta property=\"og:image\" content=\"https:\/\/www.nexoinformativo.mx\/wp-content\/uploads\/2025\/01\/IMG_9247.jpg\" \/>\n\t<meta property=\"og:image:width\" content=\"344\" \/>\n\t<meta property=\"og:image:height\" content=\"300\" \/>\n\t<meta property=\"og:image:type\" content=\"image\/jpeg\" \/>\n<meta name=\"author\" content=\"Nexo Informativo\" \/>\n<meta name=\"twitter:card\" content=\"summary_large_image\" \/>\n<meta name=\"twitter:label1\" content=\"Escrito por\" \/>\n\t<meta name=\"twitter:data1\" content=\"Nexo Informativo\" \/>\n\t<meta name=\"twitter:label2\" content=\"Tiempo de lectura\" \/>\n\t<meta name=\"twitter:data2\" content=\"2 minutos\" \/>\n<script type=\"application\/ld+json\" class=\"yoast-schema-graph\">{\"@context\":\"https:\/\/schema.org\",\"@graph\":[{\"@type\":\"Article\",\"@id\":\"https:\/\/www.nexoinformativo.mx\/index.php\/2025\/01\/14\/la-unaq-vuela-alto-con-mas-de-100-futuros-lideres-de-la-aviacion-mundial-con-la-beca-embajadores\/#article\",\"isPartOf\":{\"@id\":\"https:\/\/www.nexoinformativo.mx\/index.php\/2025\/01\/14\/la-unaq-vuela-alto-con-mas-de-100-futuros-lideres-de-la-aviacion-mundial-con-la-beca-embajadores\/\"},\"author\":{\"name\":\"Nexo Informativo\",\"@id\":\"https:\/\/www.nexoinformativo.mx\/#\/schema\/person\/7749d380ba08c8ca00d7bc76fd907b7d\"},\"headline\":\"La UNAQ vuela alto con mas de 100 futuros l\u00edderes de la aviaci\u00f3n mundial con la Beca Embajadores\",\"datePublished\":\"2025-01-14T13:00:43+00:00\",\"dateModified\":\"2025-01-14T15:06:08+00:00\",\"mainEntityOfPage\":{\"@id\":\"https:\/\/www.nexoinformativo.mx\/index.php\/2025\/01\/14\/la-unaq-vuela-alto-con-mas-de-100-futuros-lideres-de-la-aviacion-mundial-con-la-beca-embajadores\/\"},\"wordCount\":313,\"commentCount\":0,\"publisher\":{\"@id\":\"https:\/\/www.nexoinformativo.mx\/#organization\"},\"image\":{\"@id\":\"https:\/\/www.nexoinformativo.mx\/index.php\/2025\/01\/14\/la-unaq-vuela-alto-con-mas-de-100-futuros-lideres-de-la-aviacion-mundial-con-la-beca-embajadores\/#primaryimage\"},\"thumbnailUrl\":\"https:\/\/www.nexoinformativo.mx\/wp-content\/uploads\/2025\/01\/IMG_9247.jpg\",\"keywords\":[\"Aeron\u00e1utica\",\"BecaEmbajadores\",\"Quer\u00e9taro\",\"UNAQ\"],\"articleSection\":[\"Estado\",\"\u00daltima Hora\"],\"inLanguage\":\"es\",\"potentialAction\":[{\"@type\":\"CommentAction\",\"name\":\"Comment\",\"target\":[\"https:\/\/www.nexoinformativo.mx\/index.php\/2025\/01\/14\/la-unaq-vuela-alto-con-mas-de-100-futuros-lideres-de-la-aviacion-mundial-con-la-beca-embajadores\/#respond\"]}]},{\"@type\":\"WebPage\",\"@id\":\"https:\/\/www.nexoinformativo.mx\/index.php\/2025\/01\/14\/la-unaq-vuela-alto-con-mas-de-100-futuros-lideres-de-la-aviacion-mundial-con-la-beca-embajadores\/\",\"url\":\"https:\/\/www.nexoinformativo.mx\/index.php\/2025\/01\/14\/la-unaq-vuela-alto-con-mas-de-100-futuros-lideres-de-la-aviacion-mundial-con-la-beca-embajadores\/\",\"name\":\"La UNAQ vuela alto con mas de 100 futuros l\u00edderes de la aviaci\u00f3n mundial con la Beca Embajadores | Nexo Informativo Santiago de Quer\u00e9taro\",\"isPartOf\":{\"@id\":\"https:\/\/www.nexoinformativo.mx\/#website\"},\"primaryImageOfPage\":{\"@id\":\"https:\/\/www.nexoinformativo.mx\/index.php\/2025\/01\/14\/la-unaq-vuela-alto-con-mas-de-100-futuros-lideres-de-la-aviacion-mundial-con-la-beca-embajadores\/#primaryimage\"},\"image\":{\"@id\":\"https:\/\/www.nexoinformativo.mx\/index.php\/2025\/01\/14\/la-unaq-vuela-alto-con-mas-de-100-futuros-lideres-de-la-aviacion-mundial-con-la-beca-embajadores\/#primaryimage\"},\"thumbnailUrl\":\"https:\/\/www.nexoinformativo.mx\/wp-content\/uploads\/2025\/01\/IMG_9247.jpg\",\"datePublished\":\"2025-01-14T13:00:43+00:00\",\"dateModified\":\"2025-01-14T15:06:08+00:00\",\"description\":\"La UNAQ vuela alto con futuros l\u00edderes de la aviaci\u00f3n mundial con la Beca Embajadores\",\"breadcrumb\":{\"@id\":\"https:\/\/www.nexoinformativo.mx\/index.php\/2025\/01\/14\/la-unaq-vuela-alto-con-mas-de-100-futuros-lideres-de-la-aviacion-mundial-con-la-beca-embajadores\/#breadcrumb\"},\"inLanguage\":\"es\",\"potentialAction\":[{\"@type\":\"ReadAction\",\"target\":[\"https:\/\/www.nexoinformativo.mx\/index.php\/2025\/01\/14\/la-unaq-vuela-alto-con-mas-de-100-futuros-lideres-de-la-aviacion-mundial-con-la-beca-embajadores\/\"]}]},{\"@type\":\"ImageObject\",\"inLanguage\":\"es\",\"@id\":\"https:\/\/www.nexoinformativo.mx\/index.php\/2025\/01\/14\/la-unaq-vuela-alto-con-mas-de-100-futuros-lideres-de-la-aviacion-mundial-con-la-beca-embajadores\/#primaryimage\",\"url\":\"https:\/\/www.nexoinformativo.mx\/wp-content\/uploads\/2025\/01\/IMG_9247.jpg\",\"contentUrl\":\"https:\/\/www.nexoinformativo.mx\/wp-content\/uploads\/2025\/01\/IMG_9247.jpg\",\"width\":344,\"height\":300},{\"@type\":\"BreadcrumbList\",\"@id\":\"https:\/\/www.nexoinformativo.mx\/index.php\/2025\/01\/14\/la-unaq-vuela-alto-con-mas-de-100-futuros-lideres-de-la-aviacion-mundial-con-la-beca-embajadores\/#breadcrumb\",\"itemListElement\":[{\"@type\":\"ListItem\",\"position\":1,\"name\":\"Inicio\",\"item\":\"https:\/\/www.nexoinformativo.mx\/\"},{\"@type\":\"ListItem\",\"position\":2,\"name\":\"La UNAQ vuela alto con mas de 100 futuros l\u00edderes de la aviaci\u00f3n mundial con la Beca Embajadores\"}]},{\"@type\":\"WebSite\",\"@id\":\"https:\/\/www.nexoinformativo.mx\/#website\",\"url\":\"https:\/\/www.nexoinformativo.mx\/\",\"name\":\"Nexo Informativo Santiago de Quer\u00e9taro\",\"description\":\"Explora NexoInformativo y convi\u00e9rtete en parte de una comunidad que valora el conocimiento y la verdad. Tu nexoinformativo es tu puente hacia una comprensi\u00f3n m\u00e1s profunda del mundo que te rodea.\",\"publisher\":{\"@id\":\"https:\/\/www.nexoinformativo.mx\/#organization\"},\"potentialAction\":[{\"@type\":\"SearchAction\",\"target\":{\"@type\":\"EntryPoint\",\"urlTemplate\":\"https:\/\/www.nexoinformativo.mx\/?s={search_term_string}\"},\"query-input\":{\"@type\":\"PropertyValueSpecification\",\"valueRequired\":true,\"valueName\":\"search_term_string\"}}],\"inLanguage\":\"es\"},{\"@type\":\"Organization\",\"@id\":\"https:\/\/www.nexoinformativo.mx\/#organization\",\"name\":\"Nexo Informativo Santiago de Quer\u00e9taro\",\"url\":\"https:\/\/www.nexoinformativo.mx\/\",\"logo\":{\"@type\":\"ImageObject\",\"inLanguage\":\"es\",\"@id\":\"https:\/\/www.nexoinformativo.mx\/#\/schema\/logo\/image\/\",\"url\":\"https:\/\/www.nexoinformativo.mx\/wp-content\/uploads\/2024\/07\/nexoi-trasparente-2.png\",\"contentUrl\":\"https:\/\/www.nexoinformativo.mx\/wp-content\/uploads\/2024\/07\/nexoi-trasparente-2.png\",\"width\":816,\"height\":339,\"caption\":\"Nexo Informativo Santiago de Quer\u00e9taro\"},\"image\":{\"@id\":\"https:\/\/www.nexoinformativo.mx\/#\/schema\/logo\/image\/\"},\"sameAs\":[\"https:\/\/www.facebook.com\/people\/Nexo-Informativo\/61564066885511\/\"]},{\"@type\":\"Person\",\"@id\":\"https:\/\/www.nexoinformativo.mx\/#\/schema\/person\/7749d380ba08c8ca00d7bc76fd907b7d\",\"name\":\"Nexo Informativo\",\"image\":{\"@type\":\"ImageObject\",\"inLanguage\":\"es\",\"@id\":\"https:\/\/www.nexoinformativo.mx\/#\/schema\/person\/image\/\",\"url\":\"https:\/\/secure.gravatar.com\/avatar\/dde2928154642a13d95f87ddf1ea9718fe2b46760a005c53e41ff5ad610704e6?s=96&d=mm&r=g\",\"contentUrl\":\"https:\/\/secure.gravatar.com\/avatar\/dde2928154642a13d95f87ddf1ea9718fe2b46760a005c53e41ff5ad610704e6?s=96&d=mm&r=g\",\"caption\":\"Nexo Informativo\"},\"url\":\"https:\/\/www.nexoinformativo.mx\/index.php\/author\/edicion\/\"}]}<\/script>\n<!-- \/ Yoast SEO plugin. -->","yoast_head_json":{"title":"La UNAQ vuela alto con mas de 100 futuros l\u00edderes de la aviaci\u00f3n mundial con la Beca Embajadores | Nexo Informativo Santiago de Quer\u00e9taro","description":"La UNAQ vuela alto con futuros l\u00edderes de la aviaci\u00f3n mundial con la Beca Embajadores","robots":{"index":"index","follow":"follow","max-snippet":"max-snippet:-1","max-image-preview":"max-image-preview:large","max-video-preview":"max-video-preview:-1"},"canonical":"https:\/\/www.nexoinformativo.mx\/index.php\/2025\/01\/14\/la-unaq-vuela-alto-con-mas-de-100-futuros-lideres-de-la-aviacion-mundial-con-la-beca-embajadores\/","og_locale":"es_MX","og_type":"article","og_title":"La UNAQ vuela alto con mas de 100 futuros l\u00edderes de la aviaci\u00f3n mundial con la Beca Embajadores | Nexo Informativo Santiago de Quer\u00e9taro","og_description":"La UNAQ vuela alto con futuros l\u00edderes de la aviaci\u00f3n mundial con la Beca Embajadores","og_url":"https:\/\/www.nexoinformativo.mx\/index.php\/2025\/01\/14\/la-unaq-vuela-alto-con-mas-de-100-futuros-lideres-de-la-aviacion-mundial-con-la-beca-embajadores\/","og_site_name":"Nexo Informativo Santiago de Quer\u00e9taro","article_publisher":"https:\/\/www.facebook.com\/people\/Nexo-Informativo\/61564066885511\/","article_published_time":"2025-01-14T13:00:43+00:00","article_modified_time":"2025-01-14T15:06:08+00:00","og_image":[{"width":344,"height":300,"url":"https:\/\/www.nexoinformativo.mx\/wp-content\/uploads\/2025\/01\/IMG_9247.jpg","type":"image\/jpeg"}],"author":"Nexo Informativo","twitter_card":"summary_large_image","twitter_misc":{"Escrito por":"Nexo Informativo","Tiempo de lectura":"2 minutos"},"schema":{"@context":"https:\/\/schema.org","@graph":[{"@type":"Article","@id":"https:\/\/www.nexoinformativo.mx\/index.php\/2025\/01\/14\/la-unaq-vuela-alto-con-mas-de-100-futuros-lideres-de-la-aviacion-mundial-con-la-beca-embajadores\/#article","isPartOf":{"@id":"https:\/\/www.nexoinformativo.mx\/index.php\/2025\/01\/14\/la-unaq-vuela-alto-con-mas-de-100-futuros-lideres-de-la-aviacion-mundial-con-la-beca-embajadores\/"},"author":{"name":"Nexo Informativo","@id":"https:\/\/www.nexoinformativo.mx\/#\/schema\/person\/7749d380ba08c8ca00d7bc76fd907b7d"},"headline":"La UNAQ vuela alto con mas de 100 futuros l\u00edderes de la aviaci\u00f3n mundial con la Beca Embajadores","datePublished":"2025-01-14T13:00:43+00:00","dateModified":"2025-01-14T15:06:08+00:00","mainEntityOfPage":{"@id":"https:\/\/www.nexoinformativo.mx\/index.php\/2025\/01\/14\/la-unaq-vuela-alto-con-mas-de-100-futuros-lideres-de-la-aviacion-mundial-con-la-beca-embajadores\/"},"wordCount":313,"commentCount":0,"publisher":{"@id":"https:\/\/www.nexoinformativo.mx\/#organization"},"image":{"@id":"https:\/\/www.nexoinformativo.mx\/index.php\/2025\/01\/14\/la-unaq-vuela-alto-con-mas-de-100-futuros-lideres-de-la-aviacion-mundial-con-la-beca-embajadores\/#primaryimage"},"thumbnailUrl":"https:\/\/www.nexoinformativo.mx\/wp-content\/uploads\/2025\/01\/IMG_9247.jpg","keywords":["Aeron\u00e1utica","BecaEmbajadores","Quer\u00e9taro","UNAQ"],"articleSection":["Estado","\u00daltima Hora"],"inLanguage":"es","potentialAction":[{"@type":"CommentAction","name":"Comment","target":["https:\/\/www.nexoinformativo.mx\/index.php\/2025\/01\/14\/la-unaq-vuela-alto-con-mas-de-100-futuros-lideres-de-la-aviacion-mundial-con-la-beca-embajadores\/#respond"]}]},{"@type":"WebPage","@id":"https:\/\/www.nexoinformativo.mx\/index.php\/2025\/01\/14\/la-unaq-vuela-alto-con-mas-de-100-futuros-lideres-de-la-aviacion-mundial-con-la-beca-embajadores\/","url":"https:\/\/www.nexoinformativo.mx\/index.php\/2025\/01\/14\/la-unaq-vuela-alto-con-mas-de-100-futuros-lideres-de-la-aviacion-mundial-con-la-beca-embajadores\/","name":"La UNAQ vuela alto con mas de 100 futuros l\u00edderes de la aviaci\u00f3n mundial con la Beca Embajadores | Nexo Informativo Santiago de Quer\u00e9taro","isPartOf":{"@id":"https:\/\/www.nexoinformativo.mx\/#website"},"primaryImageOfPage":{"@id":"https:\/\/www.nexoinformativo.mx\/index.php\/2025\/01\/14\/la-unaq-vuela-alto-con-mas-de-100-futuros-lideres-de-la-aviacion-mundial-con-la-beca-embajadores\/#primaryimage"},"image":{"@id":"https:\/\/www.nexoinformativo.mx\/index.php\/2025\/01\/14\/la-unaq-vuela-alto-con-mas-de-100-futuros-lideres-de-la-aviacion-mundial-con-la-beca-embajadores\/#primaryimage"},"thumbnailUrl":"https:\/\/www.nexoinformativo.mx\/wp-content\/uploads\/2025\/01\/IMG_9247.jpg","datePublished":"2025-01-14T13:00:43+00:00","dateModified":"2025-01-14T15:06:08+00:00","description":"La UNAQ vuela alto con futuros l\u00edderes de la aviaci\u00f3n mundial con la Beca Embajadores","breadcrumb":{"@id":"https:\/\/www.nexoinformativo.mx\/index.php\/2025\/01\/14\/la-unaq-vuela-alto-con-mas-de-100-futuros-lideres-de-la-aviacion-mundial-con-la-beca-embajadores\/#breadcrumb"},"inLanguage":"es","potentialAction":[{"@type":"ReadAction","target":["https:\/\/www.nexoinformativo.mx\/index.php\/2025\/01\/14\/la-unaq-vuela-alto-con-mas-de-100-futuros-lideres-de-la-aviacion-mundial-con-la-beca-embajadores\/"]}]},{"@type":"ImageObject","inLanguage":"es","@id":"https:\/\/www.nexoinformativo.mx\/index.php\/2025\/01\/14\/la-unaq-vuela-alto-con-mas-de-100-futuros-lideres-de-la-aviacion-mundial-con-la-beca-embajadores\/#primaryimage","url":"https:\/\/www.nexoinformativo.mx\/wp-content\/uploads\/2025\/01\/IMG_9247.jpg","contentUrl":"https:\/\/www.nexoinformativo.mx\/wp-content\/uploads\/2025\/01\/IMG_9247.jpg","width":344,"height":300},{"@type":"BreadcrumbList","@id":"https:\/\/www.nexoinformativo.mx\/index.php\/2025\/01\/14\/la-unaq-vuela-alto-con-mas-de-100-futuros-lideres-de-la-aviacion-mundial-con-la-beca-embajadores\/#breadcrumb","itemListElement":[{"@type":"ListItem","position":1,"name":"Inicio","item":"https:\/\/www.nexoinformativo.mx\/"},{"@type":"ListItem","position":2,"name":"La UNAQ vuela alto con mas de 100 futuros l\u00edderes de la aviaci\u00f3n mundial con la Beca Embajadores"}]},{"@type":"WebSite","@id":"https:\/\/www.nexoinformativo.mx\/#website","url":"https:\/\/www.nexoinformativo.mx\/","name":"Nexo Informativo Santiago de Quer\u00e9taro","description":"Explora NexoInformativo y convi\u00e9rtete en parte de una comunidad que valora el conocimiento y la verdad. Tu nexoinformativo es tu puente hacia una comprensi\u00f3n m\u00e1s profunda del mundo que te rodea.","publisher":{"@id":"https:\/\/www.nexoinformativo.mx\/#organization"},"potentialAction":[{"@type":"SearchAction","target":{"@type":"EntryPoint","urlTemplate":"https:\/\/www.nexoinformativo.mx\/?s={search_term_string}"},"query-input":{"@type":"PropertyValueSpecification","valueRequired":true,"valueName":"search_term_string"}}],"inLanguage":"es"},{"@type":"Organization","@id":"https:\/\/www.nexoinformativo.mx\/#organization","name":"Nexo Informativo Santiago de Quer\u00e9taro","url":"https:\/\/www.nexoinformativo.mx\/","logo":{"@type":"ImageObject","inLanguage":"es","@id":"https:\/\/www.nexoinformativo.mx\/#\/schema\/logo\/image\/","url":"https:\/\/www.nexoinformativo.mx\/wp-content\/uploads\/2024\/07\/nexoi-trasparente-2.png","contentUrl":"https:\/\/www.nexoinformativo.mx\/wp-content\/uploads\/2024\/07\/nexoi-trasparente-2.png","width":816,"height":339,"caption":"Nexo Informativo Santiago de Quer\u00e9taro"},"image":{"@id":"https:\/\/www.nexoinformativo.mx\/#\/schema\/logo\/image\/"},"sameAs":["https:\/\/www.facebook.com\/people\/Nexo-Informativo\/61564066885511\/"]},{"@type":"Person","@id":"https:\/\/www.nexoinformativo.mx\/#\/schema\/person\/7749d380ba08c8ca00d7bc76fd907b7d","name":"Nexo Informativo","image":{"@type":"ImageObject","inLanguage":"es","@id":"https:\/\/www.nexoinformativo.mx\/#\/schema\/person\/image\/","url":"https:\/\/secure.gravatar.com\/avatar\/dde2928154642a13d95f87ddf1ea9718fe2b46760a005c53e41ff5ad610704e6?s=96&d=mm&r=g","contentUrl":"https:\/\/secure.gravatar.com\/avatar\/dde2928154642a13d95f87ddf1ea9718fe2b46760a005c53e41ff5ad610704e6?s=96&d=mm&r=g","caption":"Nexo Informativo"},"url":"https:\/\/www.nexoinformativo.mx\/index.php\/author\/edicion\/"}]}},"_links":{"self":[{"href":"https:\/\/www.nexoinformativo.mx\/index.php\/wp-json\/wp\/v2\/posts\/9826","targetHints":{"allow":["GET"]}}],"collection":[{"href":"https:\/\/www.nexoinformativo.mx\/index.php\/wp-json\/wp\/v2\/posts"}],"about":[{"href":"https:\/\/www.nexoinformativo.mx\/index.php\/wp-json\/wp\/v2\/types\/post"}],"author":[{"embeddable":true,"href":"https:\/\/www.nexoinformativo.mx\/index.php\/wp-json\/wp\/v2\/users\/3"}],"replies":[{"embeddable":true,"href":"https:\/\/www.nexoinformativo.mx\/index.php\/wp-json\/wp\/v2\/comments?post=9826"}],"version-history":[{"count":3,"href":"https:\/\/www.nexoinformativo.mx\/index.php\/wp-json\/wp\/v2\/posts\/9826\/revisions"}],"predecessor-version":[{"id":9830,"href":"https:\/\/www.nexoinformativo.mx\/index.php\/wp-json\/wp\/v2\/posts\/9826\/revisions\/9830"}],"wp:featuredmedia":[{"embeddable":true,"href":"https:\/\/www.nexoinformativo.mx\/index.php\/wp-json\/wp\/v2\/media\/9827"}],"wp:attachment":[{"href":"https:\/\/www.nexoinformativo.mx\/index.php\/wp-json\/wp\/v2\/media?parent=9826"}],"wp:term":[{"taxonomy":"category","embeddable":true,"href":"https:\/\/www.nexoinformativo.mx\/index.php\/wp-json\/wp\/v2\/categories?post=9826"},{"taxonomy":"post_tag","embeddable":true,"href":"https:\/\/www.nexoinformativo.mx\/index.php\/wp-json\/wp\/v2\/tags?post=9826"}],"curies":[{"name":"wp","href":"https:\/\/api.w.org\/{rel}","templated":true}]}}