{"id":9831,"date":"2025-01-14T07:30:16","date_gmt":"2025-01-14T13:30:16","guid":{"rendered":"https:\/\/www.nexoinformativo.mx\/?p=9831"},"modified":"2025-01-14T09:12:15","modified_gmt":"2025-01-14T15:12:15","slug":"golpe-al-narcotrafico-en-queretaro-aseguran-trailer-con-mas-de-media-tonelada-de-cocaina-en-cadereyta","status":"publish","type":"post","link":"https:\/\/www.nexoinformativo.mx\/index.php\/2025\/01\/14\/golpe-al-narcotrafico-en-queretaro-aseguran-trailer-con-mas-de-media-tonelada-de-cocaina-en-cadereyta\/","title":{"rendered":"Golpe al narcotr\u00e1fico en Quer\u00e9taro aseguran trailer con m\u00e1s de media tonelada de coca\u00edna en Cadereyta"},"content":{"rendered":"<p style=\"text-align: justify;\" data-sourcepos=\"11:1-11:343\">En un contundente golpe al crimen organizado, autoridades federales y estatales aseguraron m\u00e1s de 648 kilogramos de coca\u00edna en un tr\u00e1iler estacionado en Cadereyta. Este decomiso, con un valor estimado de 161 millones de pesos, representa uno de los mayores golpes al narcotr\u00e1fico en la entidad en los \u00faltimos a\u00f1os.<\/p>\n<\/p>\n<p>&nbsp;<\/p>\n<p style=\"text-align: justify;\" data-sourcepos=\"13:1-13:314\">Elementos del <strong>Ej\u00e9rcito Mexicano, Guardia Nacional y Fiscal\u00eda General de la Rep\u00fablica<\/strong> (FGR) llevaron a cabo esta operaci\u00f3n, que forma parte de las estrategias para combatir el tr\u00e1fico de drogas en el pa\u00eds. Adem\u00e1s del cargamento de coca\u00edna, las autoridades aseguraron el trailer en el que era transportada la droga.<\/p>\n<\/p>\n<p>&nbsp;<\/p>\n<p style=\"text-align: justify;\" data-sourcepos=\"17:1-17:344\">En otro operativo realizado en la ciudad de Quer\u00e9taro, las autoridades detuvieron a tres personas y aseguraron diversas dosis de droga, dinero en efectivo y un inmueble. Aunque no se especific\u00f3 el tipo de droga decomisada en este segundo operativo, las autoridades estimaron una afectaci\u00f3n econ\u00f3mica a los grupos criminales de 17 mil 903 pesos.<\/p>\n<\/p>\n<p>&nbsp;<\/p>\n<p style=\"text-align: justify;\" data-sourcepos=\"19:1-19:200\">Estos aseguramientos se suman a otros realizados en diferentes puntos del pa\u00eds, demostrando el compromiso del gobierno federal por combatir el narcotr\u00e1fico y garantizar la seguridad de los ciudadanos.<\/p>\n<\/p>\n<p>&nbsp;<\/p>\n<p style=\"text-align: justify;\" data-sourcepos=\"23:1-23:239\">A pesar de este importante decomiso, Quer\u00e9taro se mantiene como uno de los estados m\u00e1s seguros del pa\u00eds. Sin embargo, las autoridades reconocen la presencia de grupos criminales como el C\u00e1rtel Jalisco Nueva Generaci\u00f3n (CJNG) en la entidad.<\/p>\n<\/p>\n<p>&nbsp;<\/p>\n<p style=\"text-align: justify;\" data-sourcepos=\"25:1-25:216\">Es importante destacar que, de acuerdo con la Encuesta Nacional de Victimizaci\u00f3n y Percepci\u00f3n sobre Seguridad P\u00fablica (ENVIPE), la mayor\u00eda de los ciudadanos queretanos se sienten seguros en sus hogares y comunidades.<\/p>\n<\/p>\n<p>&nbsp;<\/p>\n<p style=\"text-align: center;\" data-sourcepos=\"25:1-25:216\"><em><strong>\u00a1Informaci\u00f3n que transforma!<\/strong><\/em><\/p>\n","protected":false},"excerpt":{"rendered":"<p>En un contundente golpe al crimen organizado, autoridades federales y estatales aseguraron m\u00e1s de 648 kilogramos de coca\u00edna en un tr\u00e1iler estacionado en Cadereyta. Este decomiso, con un valor estimado de 161 millones de pesos, representa uno de los mayores golpes al narcotr\u00e1fico en la entidad en los \u00faltimos a\u00f1os.<\/p>\n","protected":false},"author":3,"featured_media":9832,"comment_status":"open","ping_status":"open","sticky":false,"template":"","format":"standard","meta":{"footnotes":""},"categories":[65,137,58],"tags":[1302,1632,133,131],"class_list":["post-9831","post","type-post","status-publish","format-standard","has-post-thumbnail","hentry","category-municipios","category-sucesos","category-ultima-hora","tag-narcotrafico","tag-operativo","tag-queretaro","tag-seguridad"],"yoast_head":"<!-- This site is optimized with the Yoast SEO plugin v25.0 - https:\/\/yoast.com\/wordpress\/plugins\/seo\/ -->\n<title>Golpe al narcotr\u00e1fico en Quer\u00e9taro aseguran trailer con m\u00e1s de media tonelada de coca\u00edna en Cadereyta | Nexo Informativo Santiago de Quer\u00e9taro<\/title>\n<meta name=\"description\" content=\"Golpe al narcotr\u00e1fico en Quer\u00e9taro aseguran trailer con m\u00e1s de media tonelada de coca\u00edna en Cadereyta\" \/>\n<meta name=\"robots\" content=\"index, follow, max-snippet:-1, max-image-preview:large, max-video-preview:-1\" \/>\n<link rel=\"canonical\" href=\"https:\/\/www.nexoinformativo.mx\/index.php\/2025\/01\/14\/golpe-al-narcotrafico-en-queretaro-aseguran-trailer-con-mas-de-media-tonelada-de-cocaina-en-cadereyta\/\" \/>\n<meta property=\"og:locale\" content=\"es_MX\" \/>\n<meta property=\"og:type\" content=\"article\" \/>\n<meta property=\"og:title\" content=\"Golpe al narcotr\u00e1fico en Quer\u00e9taro aseguran trailer con m\u00e1s de media tonelada de coca\u00edna en Cadereyta | Nexo Informativo Santiago de Quer\u00e9taro\" \/>\n<meta property=\"og:description\" content=\"Golpe al narcotr\u00e1fico en Quer\u00e9taro aseguran trailer con m\u00e1s de media tonelada de coca\u00edna en Cadereyta\" \/>\n<meta property=\"og:url\" content=\"https:\/\/www.nexoinformativo.mx\/index.php\/2025\/01\/14\/golpe-al-narcotrafico-en-queretaro-aseguran-trailer-con-mas-de-media-tonelada-de-cocaina-en-cadereyta\/\" \/>\n<meta property=\"og:site_name\" content=\"Nexo Informativo Santiago de Quer\u00e9taro\" \/>\n<meta property=\"article:publisher\" content=\"https:\/\/www.facebook.com\/people\/Nexo-Informativo\/61564066885511\/\" \/>\n<meta property=\"article:published_time\" content=\"2025-01-14T13:30:16+00:00\" \/>\n<meta property=\"article:modified_time\" content=\"2025-01-14T15:12:15+00:00\" \/>\n<meta property=\"og:image\" content=\"https:\/\/www.nexoinformativo.mx\/wp-content\/uploads\/2025\/01\/IMG_9249-e1736867495600.jpg\" \/>\n\t<meta property=\"og:image:width\" content=\"800\" \/>\n\t<meta property=\"og:image:height\" content=\"656\" \/>\n\t<meta property=\"og:image:type\" content=\"image\/jpeg\" \/>\n<meta name=\"author\" content=\"Nexo Informativo\" \/>\n<meta name=\"twitter:card\" content=\"summary_large_image\" \/>\n<meta name=\"twitter:label1\" content=\"Escrito por\" \/>\n\t<meta name=\"twitter:data1\" content=\"Nexo Informativo\" \/>\n\t<meta name=\"twitter:label2\" content=\"Tiempo de lectura\" \/>\n\t<meta name=\"twitter:data2\" content=\"2 minutos\" \/>\n<script type=\"application\/ld+json\" class=\"yoast-schema-graph\">{\"@context\":\"https:\/\/schema.org\",\"@graph\":[{\"@type\":\"Article\",\"@id\":\"https:\/\/www.nexoinformativo.mx\/index.php\/2025\/01\/14\/golpe-al-narcotrafico-en-queretaro-aseguran-trailer-con-mas-de-media-tonelada-de-cocaina-en-cadereyta\/#article\",\"isPartOf\":{\"@id\":\"https:\/\/www.nexoinformativo.mx\/index.php\/2025\/01\/14\/golpe-al-narcotrafico-en-queretaro-aseguran-trailer-con-mas-de-media-tonelada-de-cocaina-en-cadereyta\/\"},\"author\":{\"name\":\"Nexo Informativo\",\"@id\":\"https:\/\/www.nexoinformativo.mx\/#\/schema\/person\/7749d380ba08c8ca00d7bc76fd907b7d\"},\"headline\":\"Golpe al narcotr\u00e1fico en Quer\u00e9taro aseguran trailer con m\u00e1s de media tonelada de coca\u00edna en Cadereyta\",\"datePublished\":\"2025-01-14T13:30:16+00:00\",\"dateModified\":\"2025-01-14T15:12:15+00:00\",\"mainEntityOfPage\":{\"@id\":\"https:\/\/www.nexoinformativo.mx\/index.php\/2025\/01\/14\/golpe-al-narcotrafico-en-queretaro-aseguran-trailer-con-mas-de-media-tonelada-de-cocaina-en-cadereyta\/\"},\"wordCount\":307,\"commentCount\":0,\"publisher\":{\"@id\":\"https:\/\/www.nexoinformativo.mx\/#organization\"},\"image\":{\"@id\":\"https:\/\/www.nexoinformativo.mx\/index.php\/2025\/01\/14\/golpe-al-narcotrafico-en-queretaro-aseguran-trailer-con-mas-de-media-tonelada-de-cocaina-en-cadereyta\/#primaryimage\"},\"thumbnailUrl\":\"https:\/\/www.nexoinformativo.mx\/wp-content\/uploads\/2025\/01\/IMG_9249-e1736867495600.jpg\",\"keywords\":[\"Narcotr\u00e1fico\",\"Operativo\",\"Quer\u00e9taro\",\"Seguridad\"],\"articleSection\":[\"Municipios\",\"Sucesos\",\"\u00daltima Hora\"],\"inLanguage\":\"es\",\"potentialAction\":[{\"@type\":\"CommentAction\",\"name\":\"Comment\",\"target\":[\"https:\/\/www.nexoinformativo.mx\/index.php\/2025\/01\/14\/golpe-al-narcotrafico-en-queretaro-aseguran-trailer-con-mas-de-media-tonelada-de-cocaina-en-cadereyta\/#respond\"]}]},{\"@type\":\"WebPage\",\"@id\":\"https:\/\/www.nexoinformativo.mx\/index.php\/2025\/01\/14\/golpe-al-narcotrafico-en-queretaro-aseguran-trailer-con-mas-de-media-tonelada-de-cocaina-en-cadereyta\/\",\"url\":\"https:\/\/www.nexoinformativo.mx\/index.php\/2025\/01\/14\/golpe-al-narcotrafico-en-queretaro-aseguran-trailer-con-mas-de-media-tonelada-de-cocaina-en-cadereyta\/\",\"name\":\"Golpe al narcotr\u00e1fico en Quer\u00e9taro aseguran trailer con m\u00e1s de media tonelada de coca\u00edna en Cadereyta | Nexo Informativo Santiago de Quer\u00e9taro\",\"isPartOf\":{\"@id\":\"https:\/\/www.nexoinformativo.mx\/#website\"},\"primaryImageOfPage\":{\"@id\":\"https:\/\/www.nexoinformativo.mx\/index.php\/2025\/01\/14\/golpe-al-narcotrafico-en-queretaro-aseguran-trailer-con-mas-de-media-tonelada-de-cocaina-en-cadereyta\/#primaryimage\"},\"image\":{\"@id\":\"https:\/\/www.nexoinformativo.mx\/index.php\/2025\/01\/14\/golpe-al-narcotrafico-en-queretaro-aseguran-trailer-con-mas-de-media-tonelada-de-cocaina-en-cadereyta\/#primaryimage\"},\"thumbnailUrl\":\"https:\/\/www.nexoinformativo.mx\/wp-content\/uploads\/2025\/01\/IMG_9249-e1736867495600.jpg\",\"datePublished\":\"2025-01-14T13:30:16+00:00\",\"dateModified\":\"2025-01-14T15:12:15+00:00\",\"description\":\"Golpe al narcotr\u00e1fico en Quer\u00e9taro aseguran trailer con m\u00e1s de media tonelada de coca\u00edna en Cadereyta\",\"breadcrumb\":{\"@id\":\"https:\/\/www.nexoinformativo.mx\/index.php\/2025\/01\/14\/golpe-al-narcotrafico-en-queretaro-aseguran-trailer-con-mas-de-media-tonelada-de-cocaina-en-cadereyta\/#breadcrumb\"},\"inLanguage\":\"es\",\"potentialAction\":[{\"@type\":\"ReadAction\",\"target\":[\"https:\/\/www.nexoinformativo.mx\/index.php\/2025\/01\/14\/golpe-al-narcotrafico-en-queretaro-aseguran-trailer-con-mas-de-media-tonelada-de-cocaina-en-cadereyta\/\"]}]},{\"@type\":\"ImageObject\",\"inLanguage\":\"es\",\"@id\":\"https:\/\/www.nexoinformativo.mx\/index.php\/2025\/01\/14\/golpe-al-narcotrafico-en-queretaro-aseguran-trailer-con-mas-de-media-tonelada-de-cocaina-en-cadereyta\/#primaryimage\",\"url\":\"https:\/\/www.nexoinformativo.mx\/wp-content\/uploads\/2025\/01\/IMG_9249-e1736867495600.jpg\",\"contentUrl\":\"https:\/\/www.nexoinformativo.mx\/wp-content\/uploads\/2025\/01\/IMG_9249-e1736867495600.jpg\",\"width\":800,\"height\":656},{\"@type\":\"BreadcrumbList\",\"@id\":\"https:\/\/www.nexoinformativo.mx\/index.php\/2025\/01\/14\/golpe-al-narcotrafico-en-queretaro-aseguran-trailer-con-mas-de-media-tonelada-de-cocaina-en-cadereyta\/#breadcrumb\",\"itemListElement\":[{\"@type\":\"ListItem\",\"position\":1,\"name\":\"Inicio\",\"item\":\"https:\/\/www.nexoinformativo.mx\/\"},{\"@type\":\"ListItem\",\"position\":2,\"name\":\"Golpe al narcotr\u00e1fico en Quer\u00e9taro aseguran trailer con m\u00e1s de media tonelada de coca\u00edna en Cadereyta\"}]},{\"@type\":\"WebSite\",\"@id\":\"https:\/\/www.nexoinformativo.mx\/#website\",\"url\":\"https:\/\/www.nexoinformativo.mx\/\",\"name\":\"Nexo Informativo Santiago de Quer\u00e9taro\",\"description\":\"Explora NexoInformativo y convi\u00e9rtete en parte de una comunidad que valora el conocimiento y la verdad. Tu nexoinformativo es tu puente hacia una comprensi\u00f3n m\u00e1s profunda del mundo que te rodea.\",\"publisher\":{\"@id\":\"https:\/\/www.nexoinformativo.mx\/#organization\"},\"potentialAction\":[{\"@type\":\"SearchAction\",\"target\":{\"@type\":\"EntryPoint\",\"urlTemplate\":\"https:\/\/www.nexoinformativo.mx\/?s={search_term_string}\"},\"query-input\":{\"@type\":\"PropertyValueSpecification\",\"valueRequired\":true,\"valueName\":\"search_term_string\"}}],\"inLanguage\":\"es\"},{\"@type\":\"Organization\",\"@id\":\"https:\/\/www.nexoinformativo.mx\/#organization\",\"name\":\"Nexo Informativo Santiago de Quer\u00e9taro\",\"url\":\"https:\/\/www.nexoinformativo.mx\/\",\"logo\":{\"@type\":\"ImageObject\",\"inLanguage\":\"es\",\"@id\":\"https:\/\/www.nexoinformativo.mx\/#\/schema\/logo\/image\/\",\"url\":\"https:\/\/www.nexoinformativo.mx\/wp-content\/uploads\/2024\/07\/nexoi-trasparente-2.png\",\"contentUrl\":\"https:\/\/www.nexoinformativo.mx\/wp-content\/uploads\/2024\/07\/nexoi-trasparente-2.png\",\"width\":816,\"height\":339,\"caption\":\"Nexo Informativo Santiago de Quer\u00e9taro\"},\"image\":{\"@id\":\"https:\/\/www.nexoinformativo.mx\/#\/schema\/logo\/image\/\"},\"sameAs\":[\"https:\/\/www.facebook.com\/people\/Nexo-Informativo\/61564066885511\/\"]},{\"@type\":\"Person\",\"@id\":\"https:\/\/www.nexoinformativo.mx\/#\/schema\/person\/7749d380ba08c8ca00d7bc76fd907b7d\",\"name\":\"Nexo Informativo\",\"image\":{\"@type\":\"ImageObject\",\"inLanguage\":\"es\",\"@id\":\"https:\/\/www.nexoinformativo.mx\/#\/schema\/person\/image\/\",\"url\":\"https:\/\/secure.gravatar.com\/avatar\/dde2928154642a13d95f87ddf1ea9718fe2b46760a005c53e41ff5ad610704e6?s=96&d=mm&r=g\",\"contentUrl\":\"https:\/\/secure.gravatar.com\/avatar\/dde2928154642a13d95f87ddf1ea9718fe2b46760a005c53e41ff5ad610704e6?s=96&d=mm&r=g\",\"caption\":\"Nexo Informativo\"},\"url\":\"https:\/\/www.nexoinformativo.mx\/index.php\/author\/edicion\/\"}]}<\/script>\n<!-- \/ Yoast SEO plugin. -->","yoast_head_json":{"title":"Golpe al narcotr\u00e1fico en Quer\u00e9taro aseguran trailer con m\u00e1s de media tonelada de coca\u00edna en Cadereyta | Nexo Informativo Santiago de Quer\u00e9taro","description":"Golpe al narcotr\u00e1fico en Quer\u00e9taro aseguran trailer con m\u00e1s de media tonelada de coca\u00edna en Cadereyta","robots":{"index":"index","follow":"follow","max-snippet":"max-snippet:-1","max-image-preview":"max-image-preview:large","max-video-preview":"max-video-preview:-1"},"canonical":"https:\/\/www.nexoinformativo.mx\/index.php\/2025\/01\/14\/golpe-al-narcotrafico-en-queretaro-aseguran-trailer-con-mas-de-media-tonelada-de-cocaina-en-cadereyta\/","og_locale":"es_MX","og_type":"article","og_title":"Golpe al narcotr\u00e1fico en Quer\u00e9taro aseguran trailer con m\u00e1s de media tonelada de coca\u00edna en Cadereyta | Nexo Informativo Santiago de Quer\u00e9taro","og_description":"Golpe al narcotr\u00e1fico en Quer\u00e9taro aseguran trailer con m\u00e1s de media tonelada de coca\u00edna en Cadereyta","og_url":"https:\/\/www.nexoinformativo.mx\/index.php\/2025\/01\/14\/golpe-al-narcotrafico-en-queretaro-aseguran-trailer-con-mas-de-media-tonelada-de-cocaina-en-cadereyta\/","og_site_name":"Nexo Informativo Santiago de Quer\u00e9taro","article_publisher":"https:\/\/www.facebook.com\/people\/Nexo-Informativo\/61564066885511\/","article_published_time":"2025-01-14T13:30:16+00:00","article_modified_time":"2025-01-14T15:12:15+00:00","og_image":[{"width":800,"height":656,"url":"https:\/\/www.nexoinformativo.mx\/wp-content\/uploads\/2025\/01\/IMG_9249-e1736867495600.jpg","type":"image\/jpeg"}],"author":"Nexo Informativo","twitter_card":"summary_large_image","twitter_misc":{"Escrito por":"Nexo Informativo","Tiempo de lectura":"2 minutos"},"schema":{"@context":"https:\/\/schema.org","@graph":[{"@type":"Article","@id":"https:\/\/www.nexoinformativo.mx\/index.php\/2025\/01\/14\/golpe-al-narcotrafico-en-queretaro-aseguran-trailer-con-mas-de-media-tonelada-de-cocaina-en-cadereyta\/#article","isPartOf":{"@id":"https:\/\/www.nexoinformativo.mx\/index.php\/2025\/01\/14\/golpe-al-narcotrafico-en-queretaro-aseguran-trailer-con-mas-de-media-tonelada-de-cocaina-en-cadereyta\/"},"author":{"name":"Nexo Informativo","@id":"https:\/\/www.nexoinformativo.mx\/#\/schema\/person\/7749d380ba08c8ca00d7bc76fd907b7d"},"headline":"Golpe al narcotr\u00e1fico en Quer\u00e9taro aseguran trailer con m\u00e1s de media tonelada de coca\u00edna en Cadereyta","datePublished":"2025-01-14T13:30:16+00:00","dateModified":"2025-01-14T15:12:15+00:00","mainEntityOfPage":{"@id":"https:\/\/www.nexoinformativo.mx\/index.php\/2025\/01\/14\/golpe-al-narcotrafico-en-queretaro-aseguran-trailer-con-mas-de-media-tonelada-de-cocaina-en-cadereyta\/"},"wordCount":307,"commentCount":0,"publisher":{"@id":"https:\/\/www.nexoinformativo.mx\/#organization"},"image":{"@id":"https:\/\/www.nexoinformativo.mx\/index.php\/2025\/01\/14\/golpe-al-narcotrafico-en-queretaro-aseguran-trailer-con-mas-de-media-tonelada-de-cocaina-en-cadereyta\/#primaryimage"},"thumbnailUrl":"https:\/\/www.nexoinformativo.mx\/wp-content\/uploads\/2025\/01\/IMG_9249-e1736867495600.jpg","keywords":["Narcotr\u00e1fico","Operativo","Quer\u00e9taro","Seguridad"],"articleSection":["Municipios","Sucesos","\u00daltima Hora"],"inLanguage":"es","potentialAction":[{"@type":"CommentAction","name":"Comment","target":["https:\/\/www.nexoinformativo.mx\/index.php\/2025\/01\/14\/golpe-al-narcotrafico-en-queretaro-aseguran-trailer-con-mas-de-media-tonelada-de-cocaina-en-cadereyta\/#respond"]}]},{"@type":"WebPage","@id":"https:\/\/www.nexoinformativo.mx\/index.php\/2025\/01\/14\/golpe-al-narcotrafico-en-queretaro-aseguran-trailer-con-mas-de-media-tonelada-de-cocaina-en-cadereyta\/","url":"https:\/\/www.nexoinformativo.mx\/index.php\/2025\/01\/14\/golpe-al-narcotrafico-en-queretaro-aseguran-trailer-con-mas-de-media-tonelada-de-cocaina-en-cadereyta\/","name":"Golpe al narcotr\u00e1fico en Quer\u00e9taro aseguran trailer con m\u00e1s de media tonelada de coca\u00edna en Cadereyta | Nexo Informativo Santiago de Quer\u00e9taro","isPartOf":{"@id":"https:\/\/www.nexoinformativo.mx\/#website"},"primaryImageOfPage":{"@id":"https:\/\/www.nexoinformativo.mx\/index.php\/2025\/01\/14\/golpe-al-narcotrafico-en-queretaro-aseguran-trailer-con-mas-de-media-tonelada-de-cocaina-en-cadereyta\/#primaryimage"},"image":{"@id":"https:\/\/www.nexoinformativo.mx\/index.php\/2025\/01\/14\/golpe-al-narcotrafico-en-queretaro-aseguran-trailer-con-mas-de-media-tonelada-de-cocaina-en-cadereyta\/#primaryimage"},"thumbnailUrl":"https:\/\/www.nexoinformativo.mx\/wp-content\/uploads\/2025\/01\/IMG_9249-e1736867495600.jpg","datePublished":"2025-01-14T13:30:16+00:00","dateModified":"2025-01-14T15:12:15+00:00","description":"Golpe al narcotr\u00e1fico en Quer\u00e9taro aseguran trailer con m\u00e1s de media tonelada de coca\u00edna en Cadereyta","breadcrumb":{"@id":"https:\/\/www.nexoinformativo.mx\/index.php\/2025\/01\/14\/golpe-al-narcotrafico-en-queretaro-aseguran-trailer-con-mas-de-media-tonelada-de-cocaina-en-cadereyta\/#breadcrumb"},"inLanguage":"es","potentialAction":[{"@type":"ReadAction","target":["https:\/\/www.nexoinformativo.mx\/index.php\/2025\/01\/14\/golpe-al-narcotrafico-en-queretaro-aseguran-trailer-con-mas-de-media-tonelada-de-cocaina-en-cadereyta\/"]}]},{"@type":"ImageObject","inLanguage":"es","@id":"https:\/\/www.nexoinformativo.mx\/index.php\/2025\/01\/14\/golpe-al-narcotrafico-en-queretaro-aseguran-trailer-con-mas-de-media-tonelada-de-cocaina-en-cadereyta\/#primaryimage","url":"https:\/\/www.nexoinformativo.mx\/wp-content\/uploads\/2025\/01\/IMG_9249-e1736867495600.jpg","contentUrl":"https:\/\/www.nexoinformativo.mx\/wp-content\/uploads\/2025\/01\/IMG_9249-e1736867495600.jpg","width":800,"height":656},{"@type":"BreadcrumbList","@id":"https:\/\/www.nexoinformativo.mx\/index.php\/2025\/01\/14\/golpe-al-narcotrafico-en-queretaro-aseguran-trailer-con-mas-de-media-tonelada-de-cocaina-en-cadereyta\/#breadcrumb","itemListElement":[{"@type":"ListItem","position":1,"name":"Inicio","item":"https:\/\/www.nexoinformativo.mx\/"},{"@type":"ListItem","position":2,"name":"Golpe al narcotr\u00e1fico en Quer\u00e9taro aseguran trailer con m\u00e1s de media tonelada de coca\u00edna en Cadereyta"}]},{"@type":"WebSite","@id":"https:\/\/www.nexoinformativo.mx\/#website","url":"https:\/\/www.nexoinformativo.mx\/","name":"Nexo Informativo Santiago de Quer\u00e9taro","description":"Explora NexoInformativo y convi\u00e9rtete en parte de una comunidad que valora el conocimiento y la verdad. Tu nexoinformativo es tu puente hacia una comprensi\u00f3n m\u00e1s profunda del mundo que te rodea.","publisher":{"@id":"https:\/\/www.nexoinformativo.mx\/#organization"},"potentialAction":[{"@type":"SearchAction","target":{"@type":"EntryPoint","urlTemplate":"https:\/\/www.nexoinformativo.mx\/?s={search_term_string}"},"query-input":{"@type":"PropertyValueSpecification","valueRequired":true,"valueName":"search_term_string"}}],"inLanguage":"es"},{"@type":"Organization","@id":"https:\/\/www.nexoinformativo.mx\/#organization","name":"Nexo Informativo Santiago de Quer\u00e9taro","url":"https:\/\/www.nexoinformativo.mx\/","logo":{"@type":"ImageObject","inLanguage":"es","@id":"https:\/\/www.nexoinformativo.mx\/#\/schema\/logo\/image\/","url":"https:\/\/www.nexoinformativo.mx\/wp-content\/uploads\/2024\/07\/nexoi-trasparente-2.png","contentUrl":"https:\/\/www.nexoinformativo.mx\/wp-content\/uploads\/2024\/07\/nexoi-trasparente-2.png","width":816,"height":339,"caption":"Nexo Informativo Santiago de Quer\u00e9taro"},"image":{"@id":"https:\/\/www.nexoinformativo.mx\/#\/schema\/logo\/image\/"},"sameAs":["https:\/\/www.facebook.com\/people\/Nexo-Informativo\/61564066885511\/"]},{"@type":"Person","@id":"https:\/\/www.nexoinformativo.mx\/#\/schema\/person\/7749d380ba08c8ca00d7bc76fd907b7d","name":"Nexo Informativo","image":{"@type":"ImageObject","inLanguage":"es","@id":"https:\/\/www.nexoinformativo.mx\/#\/schema\/person\/image\/","url":"https:\/\/secure.gravatar.com\/avatar\/dde2928154642a13d95f87ddf1ea9718fe2b46760a005c53e41ff5ad610704e6?s=96&d=mm&r=g","contentUrl":"https:\/\/secure.gravatar.com\/avatar\/dde2928154642a13d95f87ddf1ea9718fe2b46760a005c53e41ff5ad610704e6?s=96&d=mm&r=g","caption":"Nexo Informativo"},"url":"https:\/\/www.nexoinformativo.mx\/index.php\/author\/edicion\/"}]}},"_links":{"self":[{"href":"https:\/\/www.nexoinformativo.mx\/index.php\/wp-json\/wp\/v2\/posts\/9831","targetHints":{"allow":["GET"]}}],"collection":[{"href":"https:\/\/www.nexoinformativo.mx\/index.php\/wp-json\/wp\/v2\/posts"}],"about":[{"href":"https:\/\/www.nexoinformativo.mx\/index.php\/wp-json\/wp\/v2\/types\/post"}],"author":[{"embeddable":true,"href":"https:\/\/www.nexoinformativo.mx\/index.php\/wp-json\/wp\/v2\/users\/3"}],"replies":[{"embeddable":true,"href":"https:\/\/www.nexoinformativo.mx\/index.php\/wp-json\/wp\/v2\/comments?post=9831"}],"version-history":[{"count":3,"href":"https:\/\/www.nexoinformativo.mx\/index.php\/wp-json\/wp\/v2\/posts\/9831\/revisions"}],"predecessor-version":[{"id":9835,"href":"https:\/\/www.nexoinformativo.mx\/index.php\/wp-json\/wp\/v2\/posts\/9831\/revisions\/9835"}],"wp:featuredmedia":[{"embeddable":true,"href":"https:\/\/www.nexoinformativo.mx\/index.php\/wp-json\/wp\/v2\/media\/9832"}],"wp:attachment":[{"href":"https:\/\/www.nexoinformativo.mx\/index.php\/wp-json\/wp\/v2\/media?parent=9831"}],"wp:term":[{"taxonomy":"category","embeddable":true,"href":"https:\/\/www.nexoinformativo.mx\/index.php\/wp-json\/wp\/v2\/categories?post=9831"},{"taxonomy":"post_tag","embeddable":true,"href":"https:\/\/www.nexoinformativo.mx\/index.php\/wp-json\/wp\/v2\/tags?post=9831"}],"curies":[{"name":"wp","href":"https:\/\/api.w.org\/{rel}","templated":true}]}}