{"id":9836,"date":"2025-01-14T08:00:40","date_gmt":"2025-01-14T14:00:40","guid":{"rendered":"https:\/\/www.nexoinformativo.mx\/?p=9836"},"modified":"2025-01-14T09:19:31","modified_gmt":"2025-01-14T15:19:31","slug":"sesa-queretaro-se-une-a-la-lucha-contra-la-depresion-conoce-los-sintomas-y-como-prevenirla","status":"publish","type":"post","link":"https:\/\/www.nexoinformativo.mx\/index.php\/2025\/01\/14\/sesa-queretaro-se-une-a-la-lucha-contra-la-depresion-conoce-los-sintomas-y-como-prevenirla\/","title":{"rendered":"SESA Quer\u00e9taro se une a la lucha contra la depresi\u00f3n conoce los s\u00edntomas y c\u00f3mo prevenirla"},"content":{"rendered":"<p style=\"text-align: justify;\" data-sourcepos=\"11:1-11:493\">El d\u00eda de ayer con motivo del <strong>D\u00eda Mundial de la Lucha contra la Depresi\u00f3n<\/strong>, la Secretar\u00eda de Salud del Estado de Quer\u00e9taro (SESA) ha intensificado sus esfuerzos para concientizar a la poblaci\u00f3n sobre esta enfermedad mental que afecta a millones de personas en el mundo.<\/p>\n<\/p>\n<p>&nbsp;<\/p>\n<p style=\"text-align: justify;\" data-sourcepos=\"11:1-11:493\">La depresi\u00f3n es un trastorno que se caracteriza por una tristeza persistente y la p\u00e9rdida de inter\u00e9s en actividades que antes se disfrutaban, lo que puede llevar a dificultades en todos los aspectos de la vida.<\/p>\n<\/p>\n<p>&nbsp;<\/p>\n<p style=\"text-align: justify;\" data-sourcepos=\"11:1-11:493\">L<strong>a Organizaci\u00f3n Mundial de la Salud<\/strong> (OMS) la depresi\u00f3n puede afectar a cualquier persona; Quienes han vivido abusos, p\u00e9rdidas graves u otros eventos estresantes tienen m\u00e1s probabilidades de sufrirla. Adem\u00e1s las mujeres son m\u00e1s propensas a la depresi\u00f3n que los hombres.<\/p>\n<\/p>\n<p>&nbsp;<\/p>\n<p style=\"text-align: justify;\" data-sourcepos=\"13:1-13:294\">La SESA ha destacado que la depresi\u00f3n no es una debilidad ni una elecci\u00f3n, sino una enfermedad que requiere tratamiento. Los s\u00edntomas m\u00e1s comunes incluyen <strong>tristeza, p\u00e9rdida de energ\u00eda, cambios en el apetito, dificultades para dormir, sentimientos de culpa o inutilidad, y pensamientos suicidas.<\/strong><\/p>\n<\/p>\n<p>&nbsp;<\/p>\n<p style=\"text-align: justify;\" data-sourcepos=\"15:1-15:262\">La Secretar\u00eda de Salud recomienda buscar ayuda profesional si se experimentan s\u00edntomas de depresi\u00f3n. En Quer\u00e9taro, la L\u00ednea de la Vida <strong>800 911 2000<\/strong> ofrece atenci\u00f3n gratuita y confidencial las 24 horas del d\u00eda, los 365 d\u00edas del a\u00f1o.<\/p>\n<\/p>\n<p>&nbsp;<\/p>\n<p style=\"text-align: justify;\" data-sourcepos=\"15:1-15:262\">A trav\u00e9s de esta l\u00ednea, las personas pueden recibir orientaci\u00f3n, informaci\u00f3n y apoyo emocional. Tambi\u00e9n ofrece intervenciones breves en situaciones de crisis emocionales y refiere aquellos casos que requieran una intervenci\u00f3n presencial a los Centros de Salud especializados.<\/p>\n<\/p>\n<p>&nbsp;<\/p>\n<p style=\"text-align: center;\" data-sourcepos=\"15:1-15:262\"><em><strong>\u00a1Informaci\u00f3n que transforma!<\/strong><\/em><\/p>\n","protected":false},"excerpt":{"rendered":"<p>El d\u00eda de ayer con motivo del D\u00eda Mundial de la Lucha contra la Depresi\u00f3n, la Secretar\u00eda de Salud del Estado de Quer\u00e9taro (SESA) ha intensificado sus esfuerzos para concientizar a la poblaci\u00f3n sobre esta enfermedad mental que afecta a millones de personas en el mundo.<\/p>\n","protected":false},"author":3,"featured_media":9837,"comment_status":"open","ping_status":"open","sticky":false,"template":"","format":"standard","meta":{"footnotes":""},"categories":[42,58],"tags":[3098,3099,133,751],"class_list":["post-9836","post","type-post","status-publish","format-standard","has-post-thumbnail","hentry","category-estado","category-ultima-hora","tag-depresion","tag-diamundialdeladepresion","tag-queretaro","tag-saludmental"],"yoast_head":"<!-- This site is optimized with the Yoast SEO plugin v25.0 - https:\/\/yoast.com\/wordpress\/plugins\/seo\/ -->\n<title>SESA Quer\u00e9taro se une a la lucha contra la depresi\u00f3n conoce los s\u00edntomas y c\u00f3mo prevenirla | Nexo Informativo Santiago de Quer\u00e9taro<\/title>\n<meta name=\"description\" content=\"SESA Quer\u00e9taro se une a la lucha contra la depresi\u00f3n conoce los s\u00edntomas y c\u00f3mo prevenirla\" \/>\n<meta name=\"robots\" content=\"index, follow, max-snippet:-1, max-image-preview:large, max-video-preview:-1\" \/>\n<link rel=\"canonical\" href=\"https:\/\/www.nexoinformativo.mx\/index.php\/2025\/01\/14\/sesa-queretaro-se-une-a-la-lucha-contra-la-depresion-conoce-los-sintomas-y-como-prevenirla\/\" \/>\n<meta property=\"og:locale\" content=\"es_MX\" \/>\n<meta property=\"og:type\" content=\"article\" \/>\n<meta property=\"og:title\" content=\"SESA Quer\u00e9taro se une a la lucha contra la depresi\u00f3n conoce los s\u00edntomas y c\u00f3mo prevenirla | Nexo Informativo Santiago de Quer\u00e9taro\" \/>\n<meta property=\"og:description\" content=\"SESA Quer\u00e9taro se une a la lucha contra la depresi\u00f3n conoce los s\u00edntomas y c\u00f3mo prevenirla\" \/>\n<meta property=\"og:url\" content=\"https:\/\/www.nexoinformativo.mx\/index.php\/2025\/01\/14\/sesa-queretaro-se-une-a-la-lucha-contra-la-depresion-conoce-los-sintomas-y-como-prevenirla\/\" \/>\n<meta property=\"og:site_name\" content=\"Nexo Informativo Santiago de Quer\u00e9taro\" \/>\n<meta property=\"article:publisher\" content=\"https:\/\/www.facebook.com\/people\/Nexo-Informativo\/61564066885511\/\" \/>\n<meta property=\"article:published_time\" content=\"2025-01-14T14:00:40+00:00\" \/>\n<meta property=\"article:modified_time\" content=\"2025-01-14T15:19:31+00:00\" \/>\n<meta property=\"og:image\" content=\"https:\/\/www.nexoinformativo.mx\/wp-content\/uploads\/2025\/01\/PHOTO-2025-01-14-08-25-50-e1736867927646.jpg\" \/>\n\t<meta property=\"og:image:width\" content=\"800\" \/>\n\t<meta property=\"og:image:height\" content=\"800\" \/>\n\t<meta property=\"og:image:type\" content=\"image\/jpeg\" \/>\n<meta name=\"author\" content=\"Nexo Informativo\" \/>\n<meta name=\"twitter:card\" content=\"summary_large_image\" \/>\n<meta name=\"twitter:label1\" content=\"Escrito por\" \/>\n\t<meta name=\"twitter:data1\" content=\"Nexo Informativo\" \/>\n\t<meta name=\"twitter:label2\" content=\"Tiempo de lectura\" \/>\n\t<meta name=\"twitter:data2\" content=\"2 minutos\" \/>\n<script type=\"application\/ld+json\" class=\"yoast-schema-graph\">{\"@context\":\"https:\/\/schema.org\",\"@graph\":[{\"@type\":\"Article\",\"@id\":\"https:\/\/www.nexoinformativo.mx\/index.php\/2025\/01\/14\/sesa-queretaro-se-une-a-la-lucha-contra-la-depresion-conoce-los-sintomas-y-como-prevenirla\/#article\",\"isPartOf\":{\"@id\":\"https:\/\/www.nexoinformativo.mx\/index.php\/2025\/01\/14\/sesa-queretaro-se-une-a-la-lucha-contra-la-depresion-conoce-los-sintomas-y-como-prevenirla\/\"},\"author\":{\"name\":\"Nexo Informativo\",\"@id\":\"https:\/\/www.nexoinformativo.mx\/#\/schema\/person\/7749d380ba08c8ca00d7bc76fd907b7d\"},\"headline\":\"SESA Quer\u00e9taro se une a la lucha contra la depresi\u00f3n conoce los s\u00edntomas y c\u00f3mo prevenirla\",\"datePublished\":\"2025-01-14T14:00:40+00:00\",\"dateModified\":\"2025-01-14T15:19:31+00:00\",\"mainEntityOfPage\":{\"@id\":\"https:\/\/www.nexoinformativo.mx\/index.php\/2025\/01\/14\/sesa-queretaro-se-une-a-la-lucha-contra-la-depresion-conoce-los-sintomas-y-como-prevenirla\/\"},\"wordCount\":306,\"commentCount\":0,\"publisher\":{\"@id\":\"https:\/\/www.nexoinformativo.mx\/#organization\"},\"image\":{\"@id\":\"https:\/\/www.nexoinformativo.mx\/index.php\/2025\/01\/14\/sesa-queretaro-se-une-a-la-lucha-contra-la-depresion-conoce-los-sintomas-y-como-prevenirla\/#primaryimage\"},\"thumbnailUrl\":\"https:\/\/www.nexoinformativo.mx\/wp-content\/uploads\/2025\/01\/PHOTO-2025-01-14-08-25-50-e1736867927646.jpg\",\"keywords\":[\"Depresi\u00f3n\",\"D\u00edaMundialDeLaDepresi\u00f3n\",\"Quer\u00e9taro\",\"SaludMental\"],\"articleSection\":[\"Estado\",\"\u00daltima Hora\"],\"inLanguage\":\"es\",\"potentialAction\":[{\"@type\":\"CommentAction\",\"name\":\"Comment\",\"target\":[\"https:\/\/www.nexoinformativo.mx\/index.php\/2025\/01\/14\/sesa-queretaro-se-une-a-la-lucha-contra-la-depresion-conoce-los-sintomas-y-como-prevenirla\/#respond\"]}]},{\"@type\":\"WebPage\",\"@id\":\"https:\/\/www.nexoinformativo.mx\/index.php\/2025\/01\/14\/sesa-queretaro-se-une-a-la-lucha-contra-la-depresion-conoce-los-sintomas-y-como-prevenirla\/\",\"url\":\"https:\/\/www.nexoinformativo.mx\/index.php\/2025\/01\/14\/sesa-queretaro-se-une-a-la-lucha-contra-la-depresion-conoce-los-sintomas-y-como-prevenirla\/\",\"name\":\"SESA Quer\u00e9taro se une a la lucha contra la depresi\u00f3n conoce los s\u00edntomas y c\u00f3mo prevenirla | Nexo Informativo Santiago de Quer\u00e9taro\",\"isPartOf\":{\"@id\":\"https:\/\/www.nexoinformativo.mx\/#website\"},\"primaryImageOfPage\":{\"@id\":\"https:\/\/www.nexoinformativo.mx\/index.php\/2025\/01\/14\/sesa-queretaro-se-une-a-la-lucha-contra-la-depresion-conoce-los-sintomas-y-como-prevenirla\/#primaryimage\"},\"image\":{\"@id\":\"https:\/\/www.nexoinformativo.mx\/index.php\/2025\/01\/14\/sesa-queretaro-se-une-a-la-lucha-contra-la-depresion-conoce-los-sintomas-y-como-prevenirla\/#primaryimage\"},\"thumbnailUrl\":\"https:\/\/www.nexoinformativo.mx\/wp-content\/uploads\/2025\/01\/PHOTO-2025-01-14-08-25-50-e1736867927646.jpg\",\"datePublished\":\"2025-01-14T14:00:40+00:00\",\"dateModified\":\"2025-01-14T15:19:31+00:00\",\"description\":\"SESA Quer\u00e9taro se une a la lucha contra la depresi\u00f3n conoce los s\u00edntomas y c\u00f3mo prevenirla\",\"breadcrumb\":{\"@id\":\"https:\/\/www.nexoinformativo.mx\/index.php\/2025\/01\/14\/sesa-queretaro-se-une-a-la-lucha-contra-la-depresion-conoce-los-sintomas-y-como-prevenirla\/#breadcrumb\"},\"inLanguage\":\"es\",\"potentialAction\":[{\"@type\":\"ReadAction\",\"target\":[\"https:\/\/www.nexoinformativo.mx\/index.php\/2025\/01\/14\/sesa-queretaro-se-une-a-la-lucha-contra-la-depresion-conoce-los-sintomas-y-como-prevenirla\/\"]}]},{\"@type\":\"ImageObject\",\"inLanguage\":\"es\",\"@id\":\"https:\/\/www.nexoinformativo.mx\/index.php\/2025\/01\/14\/sesa-queretaro-se-une-a-la-lucha-contra-la-depresion-conoce-los-sintomas-y-como-prevenirla\/#primaryimage\",\"url\":\"https:\/\/www.nexoinformativo.mx\/wp-content\/uploads\/2025\/01\/PHOTO-2025-01-14-08-25-50-e1736867927646.jpg\",\"contentUrl\":\"https:\/\/www.nexoinformativo.mx\/wp-content\/uploads\/2025\/01\/PHOTO-2025-01-14-08-25-50-e1736867927646.jpg\",\"width\":800,\"height\":800},{\"@type\":\"BreadcrumbList\",\"@id\":\"https:\/\/www.nexoinformativo.mx\/index.php\/2025\/01\/14\/sesa-queretaro-se-une-a-la-lucha-contra-la-depresion-conoce-los-sintomas-y-como-prevenirla\/#breadcrumb\",\"itemListElement\":[{\"@type\":\"ListItem\",\"position\":1,\"name\":\"Inicio\",\"item\":\"https:\/\/www.nexoinformativo.mx\/\"},{\"@type\":\"ListItem\",\"position\":2,\"name\":\"SESA Quer\u00e9taro se une a la lucha contra la depresi\u00f3n conoce los s\u00edntomas y c\u00f3mo prevenirla\"}]},{\"@type\":\"WebSite\",\"@id\":\"https:\/\/www.nexoinformativo.mx\/#website\",\"url\":\"https:\/\/www.nexoinformativo.mx\/\",\"name\":\"Nexo Informativo Santiago de Quer\u00e9taro\",\"description\":\"Explora NexoInformativo y convi\u00e9rtete en parte de una comunidad que valora el conocimiento y la verdad. Tu nexoinformativo es tu puente hacia una comprensi\u00f3n m\u00e1s profunda del mundo que te rodea.\",\"publisher\":{\"@id\":\"https:\/\/www.nexoinformativo.mx\/#organization\"},\"potentialAction\":[{\"@type\":\"SearchAction\",\"target\":{\"@type\":\"EntryPoint\",\"urlTemplate\":\"https:\/\/www.nexoinformativo.mx\/?s={search_term_string}\"},\"query-input\":{\"@type\":\"PropertyValueSpecification\",\"valueRequired\":true,\"valueName\":\"search_term_string\"}}],\"inLanguage\":\"es\"},{\"@type\":\"Organization\",\"@id\":\"https:\/\/www.nexoinformativo.mx\/#organization\",\"name\":\"Nexo Informativo Santiago de Quer\u00e9taro\",\"url\":\"https:\/\/www.nexoinformativo.mx\/\",\"logo\":{\"@type\":\"ImageObject\",\"inLanguage\":\"es\",\"@id\":\"https:\/\/www.nexoinformativo.mx\/#\/schema\/logo\/image\/\",\"url\":\"https:\/\/www.nexoinformativo.mx\/wp-content\/uploads\/2024\/07\/nexoi-trasparente-2.png\",\"contentUrl\":\"https:\/\/www.nexoinformativo.mx\/wp-content\/uploads\/2024\/07\/nexoi-trasparente-2.png\",\"width\":816,\"height\":339,\"caption\":\"Nexo Informativo Santiago de Quer\u00e9taro\"},\"image\":{\"@id\":\"https:\/\/www.nexoinformativo.mx\/#\/schema\/logo\/image\/\"},\"sameAs\":[\"https:\/\/www.facebook.com\/people\/Nexo-Informativo\/61564066885511\/\"]},{\"@type\":\"Person\",\"@id\":\"https:\/\/www.nexoinformativo.mx\/#\/schema\/person\/7749d380ba08c8ca00d7bc76fd907b7d\",\"name\":\"Nexo Informativo\",\"image\":{\"@type\":\"ImageObject\",\"inLanguage\":\"es\",\"@id\":\"https:\/\/www.nexoinformativo.mx\/#\/schema\/person\/image\/\",\"url\":\"https:\/\/secure.gravatar.com\/avatar\/dde2928154642a13d95f87ddf1ea9718fe2b46760a005c53e41ff5ad610704e6?s=96&d=mm&r=g\",\"contentUrl\":\"https:\/\/secure.gravatar.com\/avatar\/dde2928154642a13d95f87ddf1ea9718fe2b46760a005c53e41ff5ad610704e6?s=96&d=mm&r=g\",\"caption\":\"Nexo Informativo\"},\"url\":\"https:\/\/www.nexoinformativo.mx\/index.php\/author\/edicion\/\"}]}<\/script>\n<!-- \/ Yoast SEO plugin. -->","yoast_head_json":{"title":"SESA Quer\u00e9taro se une a la lucha contra la depresi\u00f3n conoce los s\u00edntomas y c\u00f3mo prevenirla | Nexo Informativo Santiago de Quer\u00e9taro","description":"SESA Quer\u00e9taro se une a la lucha contra la depresi\u00f3n conoce los s\u00edntomas y c\u00f3mo prevenirla","robots":{"index":"index","follow":"follow","max-snippet":"max-snippet:-1","max-image-preview":"max-image-preview:large","max-video-preview":"max-video-preview:-1"},"canonical":"https:\/\/www.nexoinformativo.mx\/index.php\/2025\/01\/14\/sesa-queretaro-se-une-a-la-lucha-contra-la-depresion-conoce-los-sintomas-y-como-prevenirla\/","og_locale":"es_MX","og_type":"article","og_title":"SESA Quer\u00e9taro se une a la lucha contra la depresi\u00f3n conoce los s\u00edntomas y c\u00f3mo prevenirla | Nexo Informativo Santiago de Quer\u00e9taro","og_description":"SESA Quer\u00e9taro se une a la lucha contra la depresi\u00f3n conoce los s\u00edntomas y c\u00f3mo prevenirla","og_url":"https:\/\/www.nexoinformativo.mx\/index.php\/2025\/01\/14\/sesa-queretaro-se-une-a-la-lucha-contra-la-depresion-conoce-los-sintomas-y-como-prevenirla\/","og_site_name":"Nexo Informativo Santiago de Quer\u00e9taro","article_publisher":"https:\/\/www.facebook.com\/people\/Nexo-Informativo\/61564066885511\/","article_published_time":"2025-01-14T14:00:40+00:00","article_modified_time":"2025-01-14T15:19:31+00:00","og_image":[{"width":800,"height":800,"url":"https:\/\/www.nexoinformativo.mx\/wp-content\/uploads\/2025\/01\/PHOTO-2025-01-14-08-25-50-e1736867927646.jpg","type":"image\/jpeg"}],"author":"Nexo Informativo","twitter_card":"summary_large_image","twitter_misc":{"Escrito por":"Nexo Informativo","Tiempo de lectura":"2 minutos"},"schema":{"@context":"https:\/\/schema.org","@graph":[{"@type":"Article","@id":"https:\/\/www.nexoinformativo.mx\/index.php\/2025\/01\/14\/sesa-queretaro-se-une-a-la-lucha-contra-la-depresion-conoce-los-sintomas-y-como-prevenirla\/#article","isPartOf":{"@id":"https:\/\/www.nexoinformativo.mx\/index.php\/2025\/01\/14\/sesa-queretaro-se-une-a-la-lucha-contra-la-depresion-conoce-los-sintomas-y-como-prevenirla\/"},"author":{"name":"Nexo Informativo","@id":"https:\/\/www.nexoinformativo.mx\/#\/schema\/person\/7749d380ba08c8ca00d7bc76fd907b7d"},"headline":"SESA Quer\u00e9taro se une a la lucha contra la depresi\u00f3n conoce los s\u00edntomas y c\u00f3mo prevenirla","datePublished":"2025-01-14T14:00:40+00:00","dateModified":"2025-01-14T15:19:31+00:00","mainEntityOfPage":{"@id":"https:\/\/www.nexoinformativo.mx\/index.php\/2025\/01\/14\/sesa-queretaro-se-une-a-la-lucha-contra-la-depresion-conoce-los-sintomas-y-como-prevenirla\/"},"wordCount":306,"commentCount":0,"publisher":{"@id":"https:\/\/www.nexoinformativo.mx\/#organization"},"image":{"@id":"https:\/\/www.nexoinformativo.mx\/index.php\/2025\/01\/14\/sesa-queretaro-se-une-a-la-lucha-contra-la-depresion-conoce-los-sintomas-y-como-prevenirla\/#primaryimage"},"thumbnailUrl":"https:\/\/www.nexoinformativo.mx\/wp-content\/uploads\/2025\/01\/PHOTO-2025-01-14-08-25-50-e1736867927646.jpg","keywords":["Depresi\u00f3n","D\u00edaMundialDeLaDepresi\u00f3n","Quer\u00e9taro","SaludMental"],"articleSection":["Estado","\u00daltima Hora"],"inLanguage":"es","potentialAction":[{"@type":"CommentAction","name":"Comment","target":["https:\/\/www.nexoinformativo.mx\/index.php\/2025\/01\/14\/sesa-queretaro-se-une-a-la-lucha-contra-la-depresion-conoce-los-sintomas-y-como-prevenirla\/#respond"]}]},{"@type":"WebPage","@id":"https:\/\/www.nexoinformativo.mx\/index.php\/2025\/01\/14\/sesa-queretaro-se-une-a-la-lucha-contra-la-depresion-conoce-los-sintomas-y-como-prevenirla\/","url":"https:\/\/www.nexoinformativo.mx\/index.php\/2025\/01\/14\/sesa-queretaro-se-une-a-la-lucha-contra-la-depresion-conoce-los-sintomas-y-como-prevenirla\/","name":"SESA Quer\u00e9taro se une a la lucha contra la depresi\u00f3n conoce los s\u00edntomas y c\u00f3mo prevenirla | Nexo Informativo Santiago de Quer\u00e9taro","isPartOf":{"@id":"https:\/\/www.nexoinformativo.mx\/#website"},"primaryImageOfPage":{"@id":"https:\/\/www.nexoinformativo.mx\/index.php\/2025\/01\/14\/sesa-queretaro-se-une-a-la-lucha-contra-la-depresion-conoce-los-sintomas-y-como-prevenirla\/#primaryimage"},"image":{"@id":"https:\/\/www.nexoinformativo.mx\/index.php\/2025\/01\/14\/sesa-queretaro-se-une-a-la-lucha-contra-la-depresion-conoce-los-sintomas-y-como-prevenirla\/#primaryimage"},"thumbnailUrl":"https:\/\/www.nexoinformativo.mx\/wp-content\/uploads\/2025\/01\/PHOTO-2025-01-14-08-25-50-e1736867927646.jpg","datePublished":"2025-01-14T14:00:40+00:00","dateModified":"2025-01-14T15:19:31+00:00","description":"SESA Quer\u00e9taro se une a la lucha contra la depresi\u00f3n conoce los s\u00edntomas y c\u00f3mo prevenirla","breadcrumb":{"@id":"https:\/\/www.nexoinformativo.mx\/index.php\/2025\/01\/14\/sesa-queretaro-se-une-a-la-lucha-contra-la-depresion-conoce-los-sintomas-y-como-prevenirla\/#breadcrumb"},"inLanguage":"es","potentialAction":[{"@type":"ReadAction","target":["https:\/\/www.nexoinformativo.mx\/index.php\/2025\/01\/14\/sesa-queretaro-se-une-a-la-lucha-contra-la-depresion-conoce-los-sintomas-y-como-prevenirla\/"]}]},{"@type":"ImageObject","inLanguage":"es","@id":"https:\/\/www.nexoinformativo.mx\/index.php\/2025\/01\/14\/sesa-queretaro-se-une-a-la-lucha-contra-la-depresion-conoce-los-sintomas-y-como-prevenirla\/#primaryimage","url":"https:\/\/www.nexoinformativo.mx\/wp-content\/uploads\/2025\/01\/PHOTO-2025-01-14-08-25-50-e1736867927646.jpg","contentUrl":"https:\/\/www.nexoinformativo.mx\/wp-content\/uploads\/2025\/01\/PHOTO-2025-01-14-08-25-50-e1736867927646.jpg","width":800,"height":800},{"@type":"BreadcrumbList","@id":"https:\/\/www.nexoinformativo.mx\/index.php\/2025\/01\/14\/sesa-queretaro-se-une-a-la-lucha-contra-la-depresion-conoce-los-sintomas-y-como-prevenirla\/#breadcrumb","itemListElement":[{"@type":"ListItem","position":1,"name":"Inicio","item":"https:\/\/www.nexoinformativo.mx\/"},{"@type":"ListItem","position":2,"name":"SESA Quer\u00e9taro se une a la lucha contra la depresi\u00f3n conoce los s\u00edntomas y c\u00f3mo prevenirla"}]},{"@type":"WebSite","@id":"https:\/\/www.nexoinformativo.mx\/#website","url":"https:\/\/www.nexoinformativo.mx\/","name":"Nexo Informativo Santiago de Quer\u00e9taro","description":"Explora NexoInformativo y convi\u00e9rtete en parte de una comunidad que valora el conocimiento y la verdad. Tu nexoinformativo es tu puente hacia una comprensi\u00f3n m\u00e1s profunda del mundo que te rodea.","publisher":{"@id":"https:\/\/www.nexoinformativo.mx\/#organization"},"potentialAction":[{"@type":"SearchAction","target":{"@type":"EntryPoint","urlTemplate":"https:\/\/www.nexoinformativo.mx\/?s={search_term_string}"},"query-input":{"@type":"PropertyValueSpecification","valueRequired":true,"valueName":"search_term_string"}}],"inLanguage":"es"},{"@type":"Organization","@id":"https:\/\/www.nexoinformativo.mx\/#organization","name":"Nexo Informativo Santiago de Quer\u00e9taro","url":"https:\/\/www.nexoinformativo.mx\/","logo":{"@type":"ImageObject","inLanguage":"es","@id":"https:\/\/www.nexoinformativo.mx\/#\/schema\/logo\/image\/","url":"https:\/\/www.nexoinformativo.mx\/wp-content\/uploads\/2024\/07\/nexoi-trasparente-2.png","contentUrl":"https:\/\/www.nexoinformativo.mx\/wp-content\/uploads\/2024\/07\/nexoi-trasparente-2.png","width":816,"height":339,"caption":"Nexo Informativo Santiago de Quer\u00e9taro"},"image":{"@id":"https:\/\/www.nexoinformativo.mx\/#\/schema\/logo\/image\/"},"sameAs":["https:\/\/www.facebook.com\/people\/Nexo-Informativo\/61564066885511\/"]},{"@type":"Person","@id":"https:\/\/www.nexoinformativo.mx\/#\/schema\/person\/7749d380ba08c8ca00d7bc76fd907b7d","name":"Nexo Informativo","image":{"@type":"ImageObject","inLanguage":"es","@id":"https:\/\/www.nexoinformativo.mx\/#\/schema\/person\/image\/","url":"https:\/\/secure.gravatar.com\/avatar\/dde2928154642a13d95f87ddf1ea9718fe2b46760a005c53e41ff5ad610704e6?s=96&d=mm&r=g","contentUrl":"https:\/\/secure.gravatar.com\/avatar\/dde2928154642a13d95f87ddf1ea9718fe2b46760a005c53e41ff5ad610704e6?s=96&d=mm&r=g","caption":"Nexo Informativo"},"url":"https:\/\/www.nexoinformativo.mx\/index.php\/author\/edicion\/"}]}},"_links":{"self":[{"href":"https:\/\/www.nexoinformativo.mx\/index.php\/wp-json\/wp\/v2\/posts\/9836","targetHints":{"allow":["GET"]}}],"collection":[{"href":"https:\/\/www.nexoinformativo.mx\/index.php\/wp-json\/wp\/v2\/posts"}],"about":[{"href":"https:\/\/www.nexoinformativo.mx\/index.php\/wp-json\/wp\/v2\/types\/post"}],"author":[{"embeddable":true,"href":"https:\/\/www.nexoinformativo.mx\/index.php\/wp-json\/wp\/v2\/users\/3"}],"replies":[{"embeddable":true,"href":"https:\/\/www.nexoinformativo.mx\/index.php\/wp-json\/wp\/v2\/comments?post=9836"}],"version-history":[{"count":3,"href":"https:\/\/www.nexoinformativo.mx\/index.php\/wp-json\/wp\/v2\/posts\/9836\/revisions"}],"predecessor-version":[{"id":9840,"href":"https:\/\/www.nexoinformativo.mx\/index.php\/wp-json\/wp\/v2\/posts\/9836\/revisions\/9840"}],"wp:featuredmedia":[{"embeddable":true,"href":"https:\/\/www.nexoinformativo.mx\/index.php\/wp-json\/wp\/v2\/media\/9837"}],"wp:attachment":[{"href":"https:\/\/www.nexoinformativo.mx\/index.php\/wp-json\/wp\/v2\/media?parent=9836"}],"wp:term":[{"taxonomy":"category","embeddable":true,"href":"https:\/\/www.nexoinformativo.mx\/index.php\/wp-json\/wp\/v2\/categories?post=9836"},{"taxonomy":"post_tag","embeddable":true,"href":"https:\/\/www.nexoinformativo.mx\/index.php\/wp-json\/wp\/v2\/tags?post=9836"}],"curies":[{"name":"wp","href":"https:\/\/api.w.org\/{rel}","templated":true}]}}