{"id":9846,"date":"2025-01-14T09:00:36","date_gmt":"2025-01-14T15:00:36","guid":{"rendered":"https:\/\/www.nexoinformativo.mx\/?p=9846"},"modified":"2025-01-14T09:34:30","modified_gmt":"2025-01-14T15:34:30","slug":"mexico-hacia-el-top-10-en-2030-sheinbaum-presenta-ambicioso-plan-de-desarrollo-economico","status":"publish","type":"post","link":"https:\/\/www.nexoinformativo.mx\/index.php\/2025\/01\/14\/mexico-hacia-el-top-10-en-2030-sheinbaum-presenta-ambicioso-plan-de-desarrollo-economico\/","title":{"rendered":"M\u00e9xico hacia el top 10 en 2030 Sheinbaum presenta ambicioso plan de desarrollo econ\u00f3mico"},"content":{"rendered":"<p style=\"text-align: justify;\" data-sourcepos=\"11:1-11:417\">La presidenta de M\u00e9xico, Claudia Sheinbaum, present\u00f3 el d\u00eda de ayer un ambicioso plan de desarrollo econ\u00f3mico denominado <strong>\u201cPlan M\u00e9xico\u201d<\/strong>, con el objetivo de posicionar al pa\u00eds entre las diez econom\u00edas m\u00e1s grandes del mundo para 2030.<\/p>\n<\/p>\n<p>&nbsp;<\/p>\n<p style=\"text-align: justify;\" data-sourcepos=\"11:1-11:417\">Este plan contempla una serie de medidas enfocadas en atraer inversiones, fomentar la producci\u00f3n nacional, generar empleos de calidad y reducir la desigualdad.<\/p>\n<\/p>\n<p>&nbsp;<\/p>\n<p style=\"text-align: justify;\" data-sourcepos=\"13:1-13:316\">Una de las principales metas del plan es incrementar la inversi\u00f3n p\u00fablica y privada al 28% del Producto Interno Bruto (PIB), as\u00ed como reducir los tiempos para aprobar proyectos de inversi\u00f3n. Adem\u00e1s, se busca impulsar la sustituci\u00f3n de importaciones, fortalecer el sector manufacturero y promover la electromovilidad.<\/p>\n<\/p>\n<p>&nbsp;<\/p>\n<p style=\"text-align: justify;\" data-sourcepos=\"15:1-15:165\"><strong>&#8220;Este plan es una hoja de ruta clara para el desarrollo de nuestro pa\u00eds&#8221;<\/strong>, afirm\u00f3 la mandataria. &#8220;Queremos un M\u00e9xico m\u00e1s fuerte, m\u00e1s justo y m\u00e1s pr\u00f3spero para todos&#8221;. Para alcanzar estos objetivos, el gobierno mexicano implementar\u00e1 una serie de medidas, entre las que destacan:<\/p>\n<\/p>\n<p>&nbsp;<\/p>\n<ul style=\"text-align: justify;\" data-sourcepos=\"19:1-23:0\">\n<li data-sourcepos=\"19:1-19:150\"><strong>Atracci\u00f3n de inversiones:<\/strong> Se crear\u00e1 un fondo para apoyar a peque\u00f1as y medianas empresas y se simplificar\u00e1n los tr\u00e1mites para invertir en M\u00e9xico.<\/li>\n<li data-sourcepos=\"20:1-20:167\"><strong>Fomento a la producci\u00f3n nacional:<\/strong> Se impulsar\u00e1 la sustituci\u00f3n de importaciones en sectores estrat\u00e9gicos como el automotriz, el farmac\u00e9utico y el agroalimentario.<\/li>\n<li data-sourcepos=\"21:1-21:168\"><strong>Generaci\u00f3n de empleo: <\/strong>Se crear\u00e1n 1.5 millones de empleos adicionales en manufactura especializada y se promover\u00e1n programas de capacitaci\u00f3n para los trabajadores.<\/li>\n<li data-sourcepos=\"22:1-23:0\"><strong>Desarrollo regional:<\/strong> Se impulsar\u00e1n proyectos de infraestructura y desarrollo en todas las regiones del pa\u00eds para reducir las desigualdades.<\/li>\n<\/ul>\n<p>&nbsp;<\/p>\n<p style=\"text-align: justify;\" data-sourcepos=\"24:1-24:203\">El plan tambi\u00e9n contempla una fuerte apuesta por la innovaci\u00f3n y la tecnolog\u00eda, con el objetivo de impulsar la digitalizaci\u00f3n de la econom\u00eda y fomentar la creaci\u00f3n de empresas basadas en el conocimiento.<\/p>\n<\/p>\n<p>&nbsp;<\/p>\n<p style=\"text-align: center;\" data-sourcepos=\"24:1-24:203\"><em><strong>\u00a1Informaci\u00f3n que transforma!<\/strong><\/em><\/p>\n","protected":false},"excerpt":{"rendered":"<p>La presidenta de M\u00e9xico, Claudia Sheinbaum, present\u00f3 el d\u00eda de ayer un ambicioso plan de desarrollo econ\u00f3mico denominado \u201cPlan M\u00e9xico\u201d, con el objetivo de posicionar al pa\u00eds entre las diez econom\u00edas m\u00e1s grandes del mundo para 2030. &nbsp; Este plan contempla una serie de medidas enfocadas en atraer inversiones, fomentar la producci\u00f3n nacional, generar empleos [&hellip;]<\/p>\n","protected":false},"author":3,"featured_media":9847,"comment_status":"open","ping_status":"open","sticky":false,"template":"","format":"standard","meta":{"footnotes":""},"categories":[5,88,58],"tags":[352,1610,3100,1256],"class_list":["post-9846","post","type-post","status-publish","format-standard","has-post-thumbnail","hentry","category-economia","category-nacional","category-ultima-hora","tag-desarrolloeconomico","tag-mexico","tag-planmexico","tag-sheinbaum"],"yoast_head":"<!-- This site is optimized with the Yoast SEO plugin v25.0 - https:\/\/yoast.com\/wordpress\/plugins\/seo\/ -->\n<title>M\u00e9xico hacia el top 10 en 2030 Sheinbaum presenta ambicioso plan de desarrollo econ\u00f3mico | Nexo Informativo Santiago de Quer\u00e9taro<\/title>\n<meta name=\"description\" content=\"M\u00e9xico hacia el top 10 en 2030 Sheinbaum presenta ambicioso plan de desarrollo econ\u00f3mico\" \/>\n<meta name=\"robots\" content=\"index, follow, max-snippet:-1, max-image-preview:large, max-video-preview:-1\" \/>\n<link rel=\"canonical\" href=\"https:\/\/www.nexoinformativo.mx\/index.php\/2025\/01\/14\/mexico-hacia-el-top-10-en-2030-sheinbaum-presenta-ambicioso-plan-de-desarrollo-economico\/\" \/>\n<meta property=\"og:locale\" content=\"es_MX\" \/>\n<meta property=\"og:type\" content=\"article\" \/>\n<meta property=\"og:title\" content=\"M\u00e9xico hacia el top 10 en 2030 Sheinbaum presenta ambicioso plan de desarrollo econ\u00f3mico | Nexo Informativo Santiago de Quer\u00e9taro\" \/>\n<meta property=\"og:description\" content=\"M\u00e9xico hacia el top 10 en 2030 Sheinbaum presenta ambicioso plan de desarrollo econ\u00f3mico\" \/>\n<meta property=\"og:url\" content=\"https:\/\/www.nexoinformativo.mx\/index.php\/2025\/01\/14\/mexico-hacia-el-top-10-en-2030-sheinbaum-presenta-ambicioso-plan-de-desarrollo-economico\/\" \/>\n<meta property=\"og:site_name\" content=\"Nexo Informativo Santiago de Quer\u00e9taro\" \/>\n<meta property=\"article:publisher\" content=\"https:\/\/www.facebook.com\/people\/Nexo-Informativo\/61564066885511\/\" \/>\n<meta property=\"article:published_time\" content=\"2025-01-14T15:00:36+00:00\" \/>\n<meta property=\"article:modified_time\" content=\"2025-01-14T15:34:30+00:00\" \/>\n<meta property=\"og:image\" content=\"https:\/\/www.nexoinformativo.mx\/wp-content\/uploads\/2025\/01\/IMG_9251.jpg\" \/>\n\t<meta property=\"og:image:width\" content=\"607\" \/>\n\t<meta property=\"og:image:height\" content=\"389\" \/>\n\t<meta property=\"og:image:type\" content=\"image\/jpeg\" \/>\n<meta name=\"author\" content=\"Nexo Informativo\" \/>\n<meta name=\"twitter:card\" content=\"summary_large_image\" \/>\n<meta name=\"twitter:label1\" content=\"Escrito por\" \/>\n\t<meta name=\"twitter:data1\" content=\"Nexo Informativo\" \/>\n\t<meta name=\"twitter:label2\" content=\"Tiempo de lectura\" \/>\n\t<meta name=\"twitter:data2\" content=\"2 minutos\" \/>\n<script type=\"application\/ld+json\" class=\"yoast-schema-graph\">{\"@context\":\"https:\/\/schema.org\",\"@graph\":[{\"@type\":\"Article\",\"@id\":\"https:\/\/www.nexoinformativo.mx\/index.php\/2025\/01\/14\/mexico-hacia-el-top-10-en-2030-sheinbaum-presenta-ambicioso-plan-de-desarrollo-economico\/#article\",\"isPartOf\":{\"@id\":\"https:\/\/www.nexoinformativo.mx\/index.php\/2025\/01\/14\/mexico-hacia-el-top-10-en-2030-sheinbaum-presenta-ambicioso-plan-de-desarrollo-economico\/\"},\"author\":{\"name\":\"Nexo Informativo\",\"@id\":\"https:\/\/www.nexoinformativo.mx\/#\/schema\/person\/7749d380ba08c8ca00d7bc76fd907b7d\"},\"headline\":\"M\u00e9xico hacia el top 10 en 2030 Sheinbaum presenta ambicioso plan de desarrollo econ\u00f3mico\",\"datePublished\":\"2025-01-14T15:00:36+00:00\",\"dateModified\":\"2025-01-14T15:34:30+00:00\",\"mainEntityOfPage\":{\"@id\":\"https:\/\/www.nexoinformativo.mx\/index.php\/2025\/01\/14\/mexico-hacia-el-top-10-en-2030-sheinbaum-presenta-ambicioso-plan-de-desarrollo-economico\/\"},\"wordCount\":332,\"commentCount\":0,\"publisher\":{\"@id\":\"https:\/\/www.nexoinformativo.mx\/#organization\"},\"image\":{\"@id\":\"https:\/\/www.nexoinformativo.mx\/index.php\/2025\/01\/14\/mexico-hacia-el-top-10-en-2030-sheinbaum-presenta-ambicioso-plan-de-desarrollo-economico\/#primaryimage\"},\"thumbnailUrl\":\"https:\/\/www.nexoinformativo.mx\/wp-content\/uploads\/2025\/01\/IMG_9251.jpg\",\"keywords\":[\"DesarrolloEcon\u00f3mico\",\"M\u00e9xico\",\"PlanM\u00e9xico\",\"Sheinbaum\"],\"articleSection\":[\"Econom\u00eda\",\"Nacional\",\"\u00daltima Hora\"],\"inLanguage\":\"es\",\"potentialAction\":[{\"@type\":\"CommentAction\",\"name\":\"Comment\",\"target\":[\"https:\/\/www.nexoinformativo.mx\/index.php\/2025\/01\/14\/mexico-hacia-el-top-10-en-2030-sheinbaum-presenta-ambicioso-plan-de-desarrollo-economico\/#respond\"]}]},{\"@type\":\"WebPage\",\"@id\":\"https:\/\/www.nexoinformativo.mx\/index.php\/2025\/01\/14\/mexico-hacia-el-top-10-en-2030-sheinbaum-presenta-ambicioso-plan-de-desarrollo-economico\/\",\"url\":\"https:\/\/www.nexoinformativo.mx\/index.php\/2025\/01\/14\/mexico-hacia-el-top-10-en-2030-sheinbaum-presenta-ambicioso-plan-de-desarrollo-economico\/\",\"name\":\"M\u00e9xico hacia el top 10 en 2030 Sheinbaum presenta ambicioso plan de desarrollo econ\u00f3mico | Nexo Informativo Santiago de Quer\u00e9taro\",\"isPartOf\":{\"@id\":\"https:\/\/www.nexoinformativo.mx\/#website\"},\"primaryImageOfPage\":{\"@id\":\"https:\/\/www.nexoinformativo.mx\/index.php\/2025\/01\/14\/mexico-hacia-el-top-10-en-2030-sheinbaum-presenta-ambicioso-plan-de-desarrollo-economico\/#primaryimage\"},\"image\":{\"@id\":\"https:\/\/www.nexoinformativo.mx\/index.php\/2025\/01\/14\/mexico-hacia-el-top-10-en-2030-sheinbaum-presenta-ambicioso-plan-de-desarrollo-economico\/#primaryimage\"},\"thumbnailUrl\":\"https:\/\/www.nexoinformativo.mx\/wp-content\/uploads\/2025\/01\/IMG_9251.jpg\",\"datePublished\":\"2025-01-14T15:00:36+00:00\",\"dateModified\":\"2025-01-14T15:34:30+00:00\",\"description\":\"M\u00e9xico hacia el top 10 en 2030 Sheinbaum presenta ambicioso plan de desarrollo econ\u00f3mico\",\"breadcrumb\":{\"@id\":\"https:\/\/www.nexoinformativo.mx\/index.php\/2025\/01\/14\/mexico-hacia-el-top-10-en-2030-sheinbaum-presenta-ambicioso-plan-de-desarrollo-economico\/#breadcrumb\"},\"inLanguage\":\"es\",\"potentialAction\":[{\"@type\":\"ReadAction\",\"target\":[\"https:\/\/www.nexoinformativo.mx\/index.php\/2025\/01\/14\/mexico-hacia-el-top-10-en-2030-sheinbaum-presenta-ambicioso-plan-de-desarrollo-economico\/\"]}]},{\"@type\":\"ImageObject\",\"inLanguage\":\"es\",\"@id\":\"https:\/\/www.nexoinformativo.mx\/index.php\/2025\/01\/14\/mexico-hacia-el-top-10-en-2030-sheinbaum-presenta-ambicioso-plan-de-desarrollo-economico\/#primaryimage\",\"url\":\"https:\/\/www.nexoinformativo.mx\/wp-content\/uploads\/2025\/01\/IMG_9251.jpg\",\"contentUrl\":\"https:\/\/www.nexoinformativo.mx\/wp-content\/uploads\/2025\/01\/IMG_9251.jpg\",\"width\":607,\"height\":389},{\"@type\":\"BreadcrumbList\",\"@id\":\"https:\/\/www.nexoinformativo.mx\/index.php\/2025\/01\/14\/mexico-hacia-el-top-10-en-2030-sheinbaum-presenta-ambicioso-plan-de-desarrollo-economico\/#breadcrumb\",\"itemListElement\":[{\"@type\":\"ListItem\",\"position\":1,\"name\":\"Inicio\",\"item\":\"https:\/\/www.nexoinformativo.mx\/\"},{\"@type\":\"ListItem\",\"position\":2,\"name\":\"M\u00e9xico hacia el top 10 en 2030 Sheinbaum presenta ambicioso plan de desarrollo econ\u00f3mico\"}]},{\"@type\":\"WebSite\",\"@id\":\"https:\/\/www.nexoinformativo.mx\/#website\",\"url\":\"https:\/\/www.nexoinformativo.mx\/\",\"name\":\"Nexo Informativo Santiago de Quer\u00e9taro\",\"description\":\"Explora NexoInformativo y convi\u00e9rtete en parte de una comunidad que valora el conocimiento y la verdad. Tu nexoinformativo es tu puente hacia una comprensi\u00f3n m\u00e1s profunda del mundo que te rodea.\",\"publisher\":{\"@id\":\"https:\/\/www.nexoinformativo.mx\/#organization\"},\"potentialAction\":[{\"@type\":\"SearchAction\",\"target\":{\"@type\":\"EntryPoint\",\"urlTemplate\":\"https:\/\/www.nexoinformativo.mx\/?s={search_term_string}\"},\"query-input\":{\"@type\":\"PropertyValueSpecification\",\"valueRequired\":true,\"valueName\":\"search_term_string\"}}],\"inLanguage\":\"es\"},{\"@type\":\"Organization\",\"@id\":\"https:\/\/www.nexoinformativo.mx\/#organization\",\"name\":\"Nexo Informativo Santiago de Quer\u00e9taro\",\"url\":\"https:\/\/www.nexoinformativo.mx\/\",\"logo\":{\"@type\":\"ImageObject\",\"inLanguage\":\"es\",\"@id\":\"https:\/\/www.nexoinformativo.mx\/#\/schema\/logo\/image\/\",\"url\":\"https:\/\/www.nexoinformativo.mx\/wp-content\/uploads\/2024\/07\/nexoi-trasparente-2.png\",\"contentUrl\":\"https:\/\/www.nexoinformativo.mx\/wp-content\/uploads\/2024\/07\/nexoi-trasparente-2.png\",\"width\":816,\"height\":339,\"caption\":\"Nexo Informativo Santiago de Quer\u00e9taro\"},\"image\":{\"@id\":\"https:\/\/www.nexoinformativo.mx\/#\/schema\/logo\/image\/\"},\"sameAs\":[\"https:\/\/www.facebook.com\/people\/Nexo-Informativo\/61564066885511\/\"]},{\"@type\":\"Person\",\"@id\":\"https:\/\/www.nexoinformativo.mx\/#\/schema\/person\/7749d380ba08c8ca00d7bc76fd907b7d\",\"name\":\"Nexo Informativo\",\"image\":{\"@type\":\"ImageObject\",\"inLanguage\":\"es\",\"@id\":\"https:\/\/www.nexoinformativo.mx\/#\/schema\/person\/image\/\",\"url\":\"https:\/\/secure.gravatar.com\/avatar\/dde2928154642a13d95f87ddf1ea9718fe2b46760a005c53e41ff5ad610704e6?s=96&d=mm&r=g\",\"contentUrl\":\"https:\/\/secure.gravatar.com\/avatar\/dde2928154642a13d95f87ddf1ea9718fe2b46760a005c53e41ff5ad610704e6?s=96&d=mm&r=g\",\"caption\":\"Nexo Informativo\"},\"url\":\"https:\/\/www.nexoinformativo.mx\/index.php\/author\/edicion\/\"}]}<\/script>\n<!-- \/ Yoast SEO plugin. -->","yoast_head_json":{"title":"M\u00e9xico hacia el top 10 en 2030 Sheinbaum presenta ambicioso plan de desarrollo econ\u00f3mico | Nexo Informativo Santiago de Quer\u00e9taro","description":"M\u00e9xico hacia el top 10 en 2030 Sheinbaum presenta ambicioso plan de desarrollo econ\u00f3mico","robots":{"index":"index","follow":"follow","max-snippet":"max-snippet:-1","max-image-preview":"max-image-preview:large","max-video-preview":"max-video-preview:-1"},"canonical":"https:\/\/www.nexoinformativo.mx\/index.php\/2025\/01\/14\/mexico-hacia-el-top-10-en-2030-sheinbaum-presenta-ambicioso-plan-de-desarrollo-economico\/","og_locale":"es_MX","og_type":"article","og_title":"M\u00e9xico hacia el top 10 en 2030 Sheinbaum presenta ambicioso plan de desarrollo econ\u00f3mico | Nexo Informativo Santiago de Quer\u00e9taro","og_description":"M\u00e9xico hacia el top 10 en 2030 Sheinbaum presenta ambicioso plan de desarrollo econ\u00f3mico","og_url":"https:\/\/www.nexoinformativo.mx\/index.php\/2025\/01\/14\/mexico-hacia-el-top-10-en-2030-sheinbaum-presenta-ambicioso-plan-de-desarrollo-economico\/","og_site_name":"Nexo Informativo Santiago de Quer\u00e9taro","article_publisher":"https:\/\/www.facebook.com\/people\/Nexo-Informativo\/61564066885511\/","article_published_time":"2025-01-14T15:00:36+00:00","article_modified_time":"2025-01-14T15:34:30+00:00","og_image":[{"width":607,"height":389,"url":"https:\/\/www.nexoinformativo.mx\/wp-content\/uploads\/2025\/01\/IMG_9251.jpg","type":"image\/jpeg"}],"author":"Nexo Informativo","twitter_card":"summary_large_image","twitter_misc":{"Escrito por":"Nexo Informativo","Tiempo de lectura":"2 minutos"},"schema":{"@context":"https:\/\/schema.org","@graph":[{"@type":"Article","@id":"https:\/\/www.nexoinformativo.mx\/index.php\/2025\/01\/14\/mexico-hacia-el-top-10-en-2030-sheinbaum-presenta-ambicioso-plan-de-desarrollo-economico\/#article","isPartOf":{"@id":"https:\/\/www.nexoinformativo.mx\/index.php\/2025\/01\/14\/mexico-hacia-el-top-10-en-2030-sheinbaum-presenta-ambicioso-plan-de-desarrollo-economico\/"},"author":{"name":"Nexo Informativo","@id":"https:\/\/www.nexoinformativo.mx\/#\/schema\/person\/7749d380ba08c8ca00d7bc76fd907b7d"},"headline":"M\u00e9xico hacia el top 10 en 2030 Sheinbaum presenta ambicioso plan de desarrollo econ\u00f3mico","datePublished":"2025-01-14T15:00:36+00:00","dateModified":"2025-01-14T15:34:30+00:00","mainEntityOfPage":{"@id":"https:\/\/www.nexoinformativo.mx\/index.php\/2025\/01\/14\/mexico-hacia-el-top-10-en-2030-sheinbaum-presenta-ambicioso-plan-de-desarrollo-economico\/"},"wordCount":332,"commentCount":0,"publisher":{"@id":"https:\/\/www.nexoinformativo.mx\/#organization"},"image":{"@id":"https:\/\/www.nexoinformativo.mx\/index.php\/2025\/01\/14\/mexico-hacia-el-top-10-en-2030-sheinbaum-presenta-ambicioso-plan-de-desarrollo-economico\/#primaryimage"},"thumbnailUrl":"https:\/\/www.nexoinformativo.mx\/wp-content\/uploads\/2025\/01\/IMG_9251.jpg","keywords":["DesarrolloEcon\u00f3mico","M\u00e9xico","PlanM\u00e9xico","Sheinbaum"],"articleSection":["Econom\u00eda","Nacional","\u00daltima Hora"],"inLanguage":"es","potentialAction":[{"@type":"CommentAction","name":"Comment","target":["https:\/\/www.nexoinformativo.mx\/index.php\/2025\/01\/14\/mexico-hacia-el-top-10-en-2030-sheinbaum-presenta-ambicioso-plan-de-desarrollo-economico\/#respond"]}]},{"@type":"WebPage","@id":"https:\/\/www.nexoinformativo.mx\/index.php\/2025\/01\/14\/mexico-hacia-el-top-10-en-2030-sheinbaum-presenta-ambicioso-plan-de-desarrollo-economico\/","url":"https:\/\/www.nexoinformativo.mx\/index.php\/2025\/01\/14\/mexico-hacia-el-top-10-en-2030-sheinbaum-presenta-ambicioso-plan-de-desarrollo-economico\/","name":"M\u00e9xico hacia el top 10 en 2030 Sheinbaum presenta ambicioso plan de desarrollo econ\u00f3mico | Nexo Informativo Santiago de Quer\u00e9taro","isPartOf":{"@id":"https:\/\/www.nexoinformativo.mx\/#website"},"primaryImageOfPage":{"@id":"https:\/\/www.nexoinformativo.mx\/index.php\/2025\/01\/14\/mexico-hacia-el-top-10-en-2030-sheinbaum-presenta-ambicioso-plan-de-desarrollo-economico\/#primaryimage"},"image":{"@id":"https:\/\/www.nexoinformativo.mx\/index.php\/2025\/01\/14\/mexico-hacia-el-top-10-en-2030-sheinbaum-presenta-ambicioso-plan-de-desarrollo-economico\/#primaryimage"},"thumbnailUrl":"https:\/\/www.nexoinformativo.mx\/wp-content\/uploads\/2025\/01\/IMG_9251.jpg","datePublished":"2025-01-14T15:00:36+00:00","dateModified":"2025-01-14T15:34:30+00:00","description":"M\u00e9xico hacia el top 10 en 2030 Sheinbaum presenta ambicioso plan de desarrollo econ\u00f3mico","breadcrumb":{"@id":"https:\/\/www.nexoinformativo.mx\/index.php\/2025\/01\/14\/mexico-hacia-el-top-10-en-2030-sheinbaum-presenta-ambicioso-plan-de-desarrollo-economico\/#breadcrumb"},"inLanguage":"es","potentialAction":[{"@type":"ReadAction","target":["https:\/\/www.nexoinformativo.mx\/index.php\/2025\/01\/14\/mexico-hacia-el-top-10-en-2030-sheinbaum-presenta-ambicioso-plan-de-desarrollo-economico\/"]}]},{"@type":"ImageObject","inLanguage":"es","@id":"https:\/\/www.nexoinformativo.mx\/index.php\/2025\/01\/14\/mexico-hacia-el-top-10-en-2030-sheinbaum-presenta-ambicioso-plan-de-desarrollo-economico\/#primaryimage","url":"https:\/\/www.nexoinformativo.mx\/wp-content\/uploads\/2025\/01\/IMG_9251.jpg","contentUrl":"https:\/\/www.nexoinformativo.mx\/wp-content\/uploads\/2025\/01\/IMG_9251.jpg","width":607,"height":389},{"@type":"BreadcrumbList","@id":"https:\/\/www.nexoinformativo.mx\/index.php\/2025\/01\/14\/mexico-hacia-el-top-10-en-2030-sheinbaum-presenta-ambicioso-plan-de-desarrollo-economico\/#breadcrumb","itemListElement":[{"@type":"ListItem","position":1,"name":"Inicio","item":"https:\/\/www.nexoinformativo.mx\/"},{"@type":"ListItem","position":2,"name":"M\u00e9xico hacia el top 10 en 2030 Sheinbaum presenta ambicioso plan de desarrollo econ\u00f3mico"}]},{"@type":"WebSite","@id":"https:\/\/www.nexoinformativo.mx\/#website","url":"https:\/\/www.nexoinformativo.mx\/","name":"Nexo Informativo Santiago de Quer\u00e9taro","description":"Explora NexoInformativo y convi\u00e9rtete en parte de una comunidad que valora el conocimiento y la verdad. Tu nexoinformativo es tu puente hacia una comprensi\u00f3n m\u00e1s profunda del mundo que te rodea.","publisher":{"@id":"https:\/\/www.nexoinformativo.mx\/#organization"},"potentialAction":[{"@type":"SearchAction","target":{"@type":"EntryPoint","urlTemplate":"https:\/\/www.nexoinformativo.mx\/?s={search_term_string}"},"query-input":{"@type":"PropertyValueSpecification","valueRequired":true,"valueName":"search_term_string"}}],"inLanguage":"es"},{"@type":"Organization","@id":"https:\/\/www.nexoinformativo.mx\/#organization","name":"Nexo Informativo Santiago de Quer\u00e9taro","url":"https:\/\/www.nexoinformativo.mx\/","logo":{"@type":"ImageObject","inLanguage":"es","@id":"https:\/\/www.nexoinformativo.mx\/#\/schema\/logo\/image\/","url":"https:\/\/www.nexoinformativo.mx\/wp-content\/uploads\/2024\/07\/nexoi-trasparente-2.png","contentUrl":"https:\/\/www.nexoinformativo.mx\/wp-content\/uploads\/2024\/07\/nexoi-trasparente-2.png","width":816,"height":339,"caption":"Nexo Informativo Santiago de Quer\u00e9taro"},"image":{"@id":"https:\/\/www.nexoinformativo.mx\/#\/schema\/logo\/image\/"},"sameAs":["https:\/\/www.facebook.com\/people\/Nexo-Informativo\/61564066885511\/"]},{"@type":"Person","@id":"https:\/\/www.nexoinformativo.mx\/#\/schema\/person\/7749d380ba08c8ca00d7bc76fd907b7d","name":"Nexo Informativo","image":{"@type":"ImageObject","inLanguage":"es","@id":"https:\/\/www.nexoinformativo.mx\/#\/schema\/person\/image\/","url":"https:\/\/secure.gravatar.com\/avatar\/dde2928154642a13d95f87ddf1ea9718fe2b46760a005c53e41ff5ad610704e6?s=96&d=mm&r=g","contentUrl":"https:\/\/secure.gravatar.com\/avatar\/dde2928154642a13d95f87ddf1ea9718fe2b46760a005c53e41ff5ad610704e6?s=96&d=mm&r=g","caption":"Nexo Informativo"},"url":"https:\/\/www.nexoinformativo.mx\/index.php\/author\/edicion\/"}]}},"_links":{"self":[{"href":"https:\/\/www.nexoinformativo.mx\/index.php\/wp-json\/wp\/v2\/posts\/9846","targetHints":{"allow":["GET"]}}],"collection":[{"href":"https:\/\/www.nexoinformativo.mx\/index.php\/wp-json\/wp\/v2\/posts"}],"about":[{"href":"https:\/\/www.nexoinformativo.mx\/index.php\/wp-json\/wp\/v2\/types\/post"}],"author":[{"embeddable":true,"href":"https:\/\/www.nexoinformativo.mx\/index.php\/wp-json\/wp\/v2\/users\/3"}],"replies":[{"embeddable":true,"href":"https:\/\/www.nexoinformativo.mx\/index.php\/wp-json\/wp\/v2\/comments?post=9846"}],"version-history":[{"count":2,"href":"https:\/\/www.nexoinformativo.mx\/index.php\/wp-json\/wp\/v2\/posts\/9846\/revisions"}],"predecessor-version":[{"id":9849,"href":"https:\/\/www.nexoinformativo.mx\/index.php\/wp-json\/wp\/v2\/posts\/9846\/revisions\/9849"}],"wp:featuredmedia":[{"embeddable":true,"href":"https:\/\/www.nexoinformativo.mx\/index.php\/wp-json\/wp\/v2\/media\/9847"}],"wp:attachment":[{"href":"https:\/\/www.nexoinformativo.mx\/index.php\/wp-json\/wp\/v2\/media?parent=9846"}],"wp:term":[{"taxonomy":"category","embeddable":true,"href":"https:\/\/www.nexoinformativo.mx\/index.php\/wp-json\/wp\/v2\/categories?post=9846"},{"taxonomy":"post_tag","embeddable":true,"href":"https:\/\/www.nexoinformativo.mx\/index.php\/wp-json\/wp\/v2\/tags?post=9846"}],"curies":[{"name":"wp","href":"https:\/\/api.w.org\/{rel}","templated":true}]}}