{"id":9857,"date":"2025-01-14T12:30:33","date_gmt":"2025-01-14T18:30:33","guid":{"rendered":"https:\/\/www.nexoinformativo.mx\/?p=9857"},"modified":"2025-01-14T16:15:22","modified_gmt":"2025-01-14T22:15:22","slug":"felifer-macias-se-compromete-a-mejorar-el-mercado-de-la-presidentes","status":"publish","type":"post","link":"https:\/\/www.nexoinformativo.mx\/index.php\/2025\/01\/14\/felifer-macias-se-compromete-a-mejorar-el-mercado-de-la-presidentes\/","title":{"rendered":"Felifer Mac\u00edas se compromete a mejorar el Mercado de la Presidentes"},"content":{"rendered":"<p style=\"text-align: justify;\" data-sourcepos=\"11:1-11:549\">El presidente municipal de Quer\u00e9taro, Felifer Mac\u00edas, realiz\u00f3 una visita al Mercado de la Presidentes, ubicado en la Delegaci\u00f3n Josefa Vergara, con el objetivo de conocer de cerca las necesidades de los comerciantes y locatarios.<\/p>\n<\/p>\n<p>&nbsp;<\/p>\n<p style=\"text-align: justify;\" data-sourcepos=\"11:1-11:549\">Acompa\u00f1ado del secretario de Gobierno, Federico De los Cobos, y el secretario de Desarrollo Social, Pepe Ojeda, el alcalde recorri\u00f3 las instalaciones y dialog\u00f3 con los vendedores, reafirmando su compromiso de impulsar el comercio local y mejorar las condiciones de los mercados municipales.<\/p>\n<\/p>\n<p>&nbsp;<\/p>\n<p style=\"text-align: justify;\" data-sourcepos=\"13:1-13:357\">Durante su visita, Felifer Mac\u00edas destac\u00f3 la importancia de los mercados como espacios de tradici\u00f3n y convivencia, que adem\u00e1s fortalecen el tejido social y la identidad queretana. Reconoci\u00f3 el esfuerzo de los comerciantes y se comprometi\u00f3 a trabajar en conjunto para generar mejores condiciones que beneficien tanto a los vendedores como a los consumidores.<\/p>\n<\/p>\n<p>&nbsp;<\/p>\n<p style=\"text-align: justify;\" data-sourcepos=\"15:1-15:314\"><strong>&#8220;Los mercados son el coraz\u00f3n de nuestras comunidades&#8221;<\/strong>, afirm\u00f3 el alcalde. &#8220;Es fundamental que trabajemos de la mano con los comerciantes para garantizar que tengan espacios dignos y seguros para desarrollar sus actividades y que los ciudadanos puedan encontrar productos frescos y de calidad a precios accesibles&#8221;.<\/p>\n<\/p>\n<p>&nbsp;<\/p>\n<p style=\"text-align: justify;\" data-sourcepos=\"17:1-17:292\">En conjunto con Jenaro Herrera Rivera, presidente del mercado, el alcalde se comprometi\u00f3 a implementar acciones concretas para mejorar las condiciones del mercado, como la modernizaci\u00f3n de las instalaciones, la capacitaci\u00f3n de los comerciantes y la promoci\u00f3n del mercado entre los ciudadanos.<\/p>\n<\/p>\n<p>&nbsp;<\/p>\n<p style=\"text-align: justify;\" data-sourcepos=\"19:1-19:296\">Este tipo de visitas permiten a las autoridades municipales conocer de primera mano las necesidades de los comerciantes y tomar decisiones basadas en la realidad. Al fortalecer el comercio local, se contribuye al desarrollo econ\u00f3mico de la ciudad y se mejora la calidad de vida de los ciudadanos.<\/p>\n<\/p>\n<p>&nbsp;<\/p>\n<p style=\"text-align: center;\" data-sourcepos=\"19:1-19:296\"><em><strong>\u00a1Informaci\u00f3n que transforma!<\/strong><\/em><\/p>\n","protected":false},"excerpt":{"rendered":"<p>El presidente municipal de Quer\u00e9taro, Felifer Mac\u00edas, realiz\u00f3 una visita al Mercado de la Presidentes, ubicado en la Delegaci\u00f3n Josefa Vergara, con el objetivo de conocer de cerca las necesidades de los comerciantes y locatarios.<\/p>\n","protected":false},"author":3,"featured_media":9858,"comment_status":"open","ping_status":"open","sticky":false,"template":"","format":"standard","meta":{"footnotes":""},"categories":[65,58],"tags":[1922,1000,3102,133],"class_list":["post-9857","post","type-post","status-publish","format-standard","has-post-thumbnail","hentry","category-municipios","category-ultima-hora","tag-comerciolocal","tag-felifermacias","tag-mercadodelapresidentes","tag-queretaro"],"yoast_head":"<!-- This site is optimized with the Yoast SEO plugin v25.0 - https:\/\/yoast.com\/wordpress\/plugins\/seo\/ -->\n<title>Felifer Mac\u00edas se compromete a mejorar el Mercado de la Presidentes | Nexo Informativo Santiago de Quer\u00e9taro<\/title>\n<meta name=\"description\" content=\"Felifer Mac\u00edas se compromete a mejorar el Mercado de la Presidentes\" \/>\n<meta name=\"robots\" content=\"index, follow, max-snippet:-1, max-image-preview:large, max-video-preview:-1\" \/>\n<link rel=\"canonical\" href=\"https:\/\/www.nexoinformativo.mx\/index.php\/2025\/01\/14\/felifer-macias-se-compromete-a-mejorar-el-mercado-de-la-presidentes\/\" \/>\n<meta property=\"og:locale\" content=\"es_MX\" \/>\n<meta property=\"og:type\" content=\"article\" \/>\n<meta property=\"og:title\" content=\"Felifer Mac\u00edas se compromete a mejorar el Mercado de la Presidentes | Nexo Informativo Santiago de Quer\u00e9taro\" \/>\n<meta property=\"og:description\" content=\"Felifer Mac\u00edas se compromete a mejorar el Mercado de la Presidentes\" \/>\n<meta property=\"og:url\" content=\"https:\/\/www.nexoinformativo.mx\/index.php\/2025\/01\/14\/felifer-macias-se-compromete-a-mejorar-el-mercado-de-la-presidentes\/\" \/>\n<meta property=\"og:site_name\" content=\"Nexo Informativo Santiago de Quer\u00e9taro\" \/>\n<meta property=\"article:publisher\" content=\"https:\/\/www.facebook.com\/people\/Nexo-Informativo\/61564066885511\/\" \/>\n<meta property=\"article:published_time\" content=\"2025-01-14T18:30:33+00:00\" \/>\n<meta property=\"article:modified_time\" content=\"2025-01-14T22:15:22+00:00\" \/>\n<meta property=\"og:image\" content=\"https:\/\/www.nexoinformativo.mx\/wp-content\/uploads\/2025\/01\/ef88a7b1-66a9-4dd2-85fd-39e2ae9e0d8c-e1736892877144.jpg\" \/>\n\t<meta property=\"og:image:width\" content=\"800\" \/>\n\t<meta property=\"og:image:height\" content=\"533\" \/>\n\t<meta property=\"og:image:type\" content=\"image\/jpeg\" \/>\n<meta name=\"author\" content=\"Nexo Informativo\" \/>\n<meta name=\"twitter:card\" content=\"summary_large_image\" \/>\n<meta name=\"twitter:label1\" content=\"Escrito por\" \/>\n\t<meta name=\"twitter:data1\" content=\"Nexo Informativo\" \/>\n\t<meta name=\"twitter:label2\" content=\"Tiempo de lectura\" \/>\n\t<meta name=\"twitter:data2\" content=\"2 minutos\" \/>\n<script type=\"application\/ld+json\" class=\"yoast-schema-graph\">{\"@context\":\"https:\/\/schema.org\",\"@graph\":[{\"@type\":\"Article\",\"@id\":\"https:\/\/www.nexoinformativo.mx\/index.php\/2025\/01\/14\/felifer-macias-se-compromete-a-mejorar-el-mercado-de-la-presidentes\/#article\",\"isPartOf\":{\"@id\":\"https:\/\/www.nexoinformativo.mx\/index.php\/2025\/01\/14\/felifer-macias-se-compromete-a-mejorar-el-mercado-de-la-presidentes\/\"},\"author\":{\"name\":\"Nexo Informativo\",\"@id\":\"https:\/\/www.nexoinformativo.mx\/#\/schema\/person\/7749d380ba08c8ca00d7bc76fd907b7d\"},\"headline\":\"Felifer Mac\u00edas se compromete a mejorar el Mercado de la Presidentes\",\"datePublished\":\"2025-01-14T18:30:33+00:00\",\"dateModified\":\"2025-01-14T22:15:22+00:00\",\"mainEntityOfPage\":{\"@id\":\"https:\/\/www.nexoinformativo.mx\/index.php\/2025\/01\/14\/felifer-macias-se-compromete-a-mejorar-el-mercado-de-la-presidentes\/\"},\"wordCount\":303,\"commentCount\":0,\"publisher\":{\"@id\":\"https:\/\/www.nexoinformativo.mx\/#organization\"},\"image\":{\"@id\":\"https:\/\/www.nexoinformativo.mx\/index.php\/2025\/01\/14\/felifer-macias-se-compromete-a-mejorar-el-mercado-de-la-presidentes\/#primaryimage\"},\"thumbnailUrl\":\"https:\/\/www.nexoinformativo.mx\/wp-content\/uploads\/2025\/01\/ef88a7b1-66a9-4dd2-85fd-39e2ae9e0d8c-e1736892877144.jpg\",\"keywords\":[\"ComercioLocal\",\"FeliferMac\u00edas\",\"MercadoDeLaPresidentes\",\"Quer\u00e9taro\"],\"articleSection\":[\"Municipios\",\"\u00daltima Hora\"],\"inLanguage\":\"es\",\"potentialAction\":[{\"@type\":\"CommentAction\",\"name\":\"Comment\",\"target\":[\"https:\/\/www.nexoinformativo.mx\/index.php\/2025\/01\/14\/felifer-macias-se-compromete-a-mejorar-el-mercado-de-la-presidentes\/#respond\"]}]},{\"@type\":\"WebPage\",\"@id\":\"https:\/\/www.nexoinformativo.mx\/index.php\/2025\/01\/14\/felifer-macias-se-compromete-a-mejorar-el-mercado-de-la-presidentes\/\",\"url\":\"https:\/\/www.nexoinformativo.mx\/index.php\/2025\/01\/14\/felifer-macias-se-compromete-a-mejorar-el-mercado-de-la-presidentes\/\",\"name\":\"Felifer Mac\u00edas se compromete a mejorar el Mercado de la Presidentes | Nexo Informativo Santiago de Quer\u00e9taro\",\"isPartOf\":{\"@id\":\"https:\/\/www.nexoinformativo.mx\/#website\"},\"primaryImageOfPage\":{\"@id\":\"https:\/\/www.nexoinformativo.mx\/index.php\/2025\/01\/14\/felifer-macias-se-compromete-a-mejorar-el-mercado-de-la-presidentes\/#primaryimage\"},\"image\":{\"@id\":\"https:\/\/www.nexoinformativo.mx\/index.php\/2025\/01\/14\/felifer-macias-se-compromete-a-mejorar-el-mercado-de-la-presidentes\/#primaryimage\"},\"thumbnailUrl\":\"https:\/\/www.nexoinformativo.mx\/wp-content\/uploads\/2025\/01\/ef88a7b1-66a9-4dd2-85fd-39e2ae9e0d8c-e1736892877144.jpg\",\"datePublished\":\"2025-01-14T18:30:33+00:00\",\"dateModified\":\"2025-01-14T22:15:22+00:00\",\"description\":\"Felifer Mac\u00edas se compromete a mejorar el Mercado de la Presidentes\",\"breadcrumb\":{\"@id\":\"https:\/\/www.nexoinformativo.mx\/index.php\/2025\/01\/14\/felifer-macias-se-compromete-a-mejorar-el-mercado-de-la-presidentes\/#breadcrumb\"},\"inLanguage\":\"es\",\"potentialAction\":[{\"@type\":\"ReadAction\",\"target\":[\"https:\/\/www.nexoinformativo.mx\/index.php\/2025\/01\/14\/felifer-macias-se-compromete-a-mejorar-el-mercado-de-la-presidentes\/\"]}]},{\"@type\":\"ImageObject\",\"inLanguage\":\"es\",\"@id\":\"https:\/\/www.nexoinformativo.mx\/index.php\/2025\/01\/14\/felifer-macias-se-compromete-a-mejorar-el-mercado-de-la-presidentes\/#primaryimage\",\"url\":\"https:\/\/www.nexoinformativo.mx\/wp-content\/uploads\/2025\/01\/ef88a7b1-66a9-4dd2-85fd-39e2ae9e0d8c-e1736892877144.jpg\",\"contentUrl\":\"https:\/\/www.nexoinformativo.mx\/wp-content\/uploads\/2025\/01\/ef88a7b1-66a9-4dd2-85fd-39e2ae9e0d8c-e1736892877144.jpg\",\"width\":800,\"height\":533},{\"@type\":\"BreadcrumbList\",\"@id\":\"https:\/\/www.nexoinformativo.mx\/index.php\/2025\/01\/14\/felifer-macias-se-compromete-a-mejorar-el-mercado-de-la-presidentes\/#breadcrumb\",\"itemListElement\":[{\"@type\":\"ListItem\",\"position\":1,\"name\":\"Inicio\",\"item\":\"https:\/\/www.nexoinformativo.mx\/\"},{\"@type\":\"ListItem\",\"position\":2,\"name\":\"Felifer Mac\u00edas se compromete a mejorar el Mercado de la Presidentes\"}]},{\"@type\":\"WebSite\",\"@id\":\"https:\/\/www.nexoinformativo.mx\/#website\",\"url\":\"https:\/\/www.nexoinformativo.mx\/\",\"name\":\"Nexo Informativo Santiago de Quer\u00e9taro\",\"description\":\"Explora NexoInformativo y convi\u00e9rtete en parte de una comunidad que valora el conocimiento y la verdad. Tu nexoinformativo es tu puente hacia una comprensi\u00f3n m\u00e1s profunda del mundo que te rodea.\",\"publisher\":{\"@id\":\"https:\/\/www.nexoinformativo.mx\/#organization\"},\"potentialAction\":[{\"@type\":\"SearchAction\",\"target\":{\"@type\":\"EntryPoint\",\"urlTemplate\":\"https:\/\/www.nexoinformativo.mx\/?s={search_term_string}\"},\"query-input\":{\"@type\":\"PropertyValueSpecification\",\"valueRequired\":true,\"valueName\":\"search_term_string\"}}],\"inLanguage\":\"es\"},{\"@type\":\"Organization\",\"@id\":\"https:\/\/www.nexoinformativo.mx\/#organization\",\"name\":\"Nexo Informativo Santiago de Quer\u00e9taro\",\"url\":\"https:\/\/www.nexoinformativo.mx\/\",\"logo\":{\"@type\":\"ImageObject\",\"inLanguage\":\"es\",\"@id\":\"https:\/\/www.nexoinformativo.mx\/#\/schema\/logo\/image\/\",\"url\":\"https:\/\/www.nexoinformativo.mx\/wp-content\/uploads\/2024\/07\/nexoi-trasparente-2.png\",\"contentUrl\":\"https:\/\/www.nexoinformativo.mx\/wp-content\/uploads\/2024\/07\/nexoi-trasparente-2.png\",\"width\":816,\"height\":339,\"caption\":\"Nexo Informativo Santiago de Quer\u00e9taro\"},\"image\":{\"@id\":\"https:\/\/www.nexoinformativo.mx\/#\/schema\/logo\/image\/\"},\"sameAs\":[\"https:\/\/www.facebook.com\/people\/Nexo-Informativo\/61564066885511\/\"]},{\"@type\":\"Person\",\"@id\":\"https:\/\/www.nexoinformativo.mx\/#\/schema\/person\/7749d380ba08c8ca00d7bc76fd907b7d\",\"name\":\"Nexo Informativo\",\"image\":{\"@type\":\"ImageObject\",\"inLanguage\":\"es\",\"@id\":\"https:\/\/www.nexoinformativo.mx\/#\/schema\/person\/image\/\",\"url\":\"https:\/\/secure.gravatar.com\/avatar\/dde2928154642a13d95f87ddf1ea9718fe2b46760a005c53e41ff5ad610704e6?s=96&d=mm&r=g\",\"contentUrl\":\"https:\/\/secure.gravatar.com\/avatar\/dde2928154642a13d95f87ddf1ea9718fe2b46760a005c53e41ff5ad610704e6?s=96&d=mm&r=g\",\"caption\":\"Nexo Informativo\"},\"url\":\"https:\/\/www.nexoinformativo.mx\/index.php\/author\/edicion\/\"}]}<\/script>\n<!-- \/ Yoast SEO plugin. -->","yoast_head_json":{"title":"Felifer Mac\u00edas se compromete a mejorar el Mercado de la Presidentes | Nexo Informativo Santiago de Quer\u00e9taro","description":"Felifer Mac\u00edas se compromete a mejorar el Mercado de la Presidentes","robots":{"index":"index","follow":"follow","max-snippet":"max-snippet:-1","max-image-preview":"max-image-preview:large","max-video-preview":"max-video-preview:-1"},"canonical":"https:\/\/www.nexoinformativo.mx\/index.php\/2025\/01\/14\/felifer-macias-se-compromete-a-mejorar-el-mercado-de-la-presidentes\/","og_locale":"es_MX","og_type":"article","og_title":"Felifer Mac\u00edas se compromete a mejorar el Mercado de la Presidentes | Nexo Informativo Santiago de Quer\u00e9taro","og_description":"Felifer Mac\u00edas se compromete a mejorar el Mercado de la Presidentes","og_url":"https:\/\/www.nexoinformativo.mx\/index.php\/2025\/01\/14\/felifer-macias-se-compromete-a-mejorar-el-mercado-de-la-presidentes\/","og_site_name":"Nexo Informativo Santiago de Quer\u00e9taro","article_publisher":"https:\/\/www.facebook.com\/people\/Nexo-Informativo\/61564066885511\/","article_published_time":"2025-01-14T18:30:33+00:00","article_modified_time":"2025-01-14T22:15:22+00:00","og_image":[{"width":800,"height":533,"url":"https:\/\/www.nexoinformativo.mx\/wp-content\/uploads\/2025\/01\/ef88a7b1-66a9-4dd2-85fd-39e2ae9e0d8c-e1736892877144.jpg","type":"image\/jpeg"}],"author":"Nexo Informativo","twitter_card":"summary_large_image","twitter_misc":{"Escrito por":"Nexo Informativo","Tiempo de lectura":"2 minutos"},"schema":{"@context":"https:\/\/schema.org","@graph":[{"@type":"Article","@id":"https:\/\/www.nexoinformativo.mx\/index.php\/2025\/01\/14\/felifer-macias-se-compromete-a-mejorar-el-mercado-de-la-presidentes\/#article","isPartOf":{"@id":"https:\/\/www.nexoinformativo.mx\/index.php\/2025\/01\/14\/felifer-macias-se-compromete-a-mejorar-el-mercado-de-la-presidentes\/"},"author":{"name":"Nexo Informativo","@id":"https:\/\/www.nexoinformativo.mx\/#\/schema\/person\/7749d380ba08c8ca00d7bc76fd907b7d"},"headline":"Felifer Mac\u00edas se compromete a mejorar el Mercado de la Presidentes","datePublished":"2025-01-14T18:30:33+00:00","dateModified":"2025-01-14T22:15:22+00:00","mainEntityOfPage":{"@id":"https:\/\/www.nexoinformativo.mx\/index.php\/2025\/01\/14\/felifer-macias-se-compromete-a-mejorar-el-mercado-de-la-presidentes\/"},"wordCount":303,"commentCount":0,"publisher":{"@id":"https:\/\/www.nexoinformativo.mx\/#organization"},"image":{"@id":"https:\/\/www.nexoinformativo.mx\/index.php\/2025\/01\/14\/felifer-macias-se-compromete-a-mejorar-el-mercado-de-la-presidentes\/#primaryimage"},"thumbnailUrl":"https:\/\/www.nexoinformativo.mx\/wp-content\/uploads\/2025\/01\/ef88a7b1-66a9-4dd2-85fd-39e2ae9e0d8c-e1736892877144.jpg","keywords":["ComercioLocal","FeliferMac\u00edas","MercadoDeLaPresidentes","Quer\u00e9taro"],"articleSection":["Municipios","\u00daltima Hora"],"inLanguage":"es","potentialAction":[{"@type":"CommentAction","name":"Comment","target":["https:\/\/www.nexoinformativo.mx\/index.php\/2025\/01\/14\/felifer-macias-se-compromete-a-mejorar-el-mercado-de-la-presidentes\/#respond"]}]},{"@type":"WebPage","@id":"https:\/\/www.nexoinformativo.mx\/index.php\/2025\/01\/14\/felifer-macias-se-compromete-a-mejorar-el-mercado-de-la-presidentes\/","url":"https:\/\/www.nexoinformativo.mx\/index.php\/2025\/01\/14\/felifer-macias-se-compromete-a-mejorar-el-mercado-de-la-presidentes\/","name":"Felifer Mac\u00edas se compromete a mejorar el Mercado de la Presidentes | Nexo Informativo Santiago de Quer\u00e9taro","isPartOf":{"@id":"https:\/\/www.nexoinformativo.mx\/#website"},"primaryImageOfPage":{"@id":"https:\/\/www.nexoinformativo.mx\/index.php\/2025\/01\/14\/felifer-macias-se-compromete-a-mejorar-el-mercado-de-la-presidentes\/#primaryimage"},"image":{"@id":"https:\/\/www.nexoinformativo.mx\/index.php\/2025\/01\/14\/felifer-macias-se-compromete-a-mejorar-el-mercado-de-la-presidentes\/#primaryimage"},"thumbnailUrl":"https:\/\/www.nexoinformativo.mx\/wp-content\/uploads\/2025\/01\/ef88a7b1-66a9-4dd2-85fd-39e2ae9e0d8c-e1736892877144.jpg","datePublished":"2025-01-14T18:30:33+00:00","dateModified":"2025-01-14T22:15:22+00:00","description":"Felifer Mac\u00edas se compromete a mejorar el Mercado de la Presidentes","breadcrumb":{"@id":"https:\/\/www.nexoinformativo.mx\/index.php\/2025\/01\/14\/felifer-macias-se-compromete-a-mejorar-el-mercado-de-la-presidentes\/#breadcrumb"},"inLanguage":"es","potentialAction":[{"@type":"ReadAction","target":["https:\/\/www.nexoinformativo.mx\/index.php\/2025\/01\/14\/felifer-macias-se-compromete-a-mejorar-el-mercado-de-la-presidentes\/"]}]},{"@type":"ImageObject","inLanguage":"es","@id":"https:\/\/www.nexoinformativo.mx\/index.php\/2025\/01\/14\/felifer-macias-se-compromete-a-mejorar-el-mercado-de-la-presidentes\/#primaryimage","url":"https:\/\/www.nexoinformativo.mx\/wp-content\/uploads\/2025\/01\/ef88a7b1-66a9-4dd2-85fd-39e2ae9e0d8c-e1736892877144.jpg","contentUrl":"https:\/\/www.nexoinformativo.mx\/wp-content\/uploads\/2025\/01\/ef88a7b1-66a9-4dd2-85fd-39e2ae9e0d8c-e1736892877144.jpg","width":800,"height":533},{"@type":"BreadcrumbList","@id":"https:\/\/www.nexoinformativo.mx\/index.php\/2025\/01\/14\/felifer-macias-se-compromete-a-mejorar-el-mercado-de-la-presidentes\/#breadcrumb","itemListElement":[{"@type":"ListItem","position":1,"name":"Inicio","item":"https:\/\/www.nexoinformativo.mx\/"},{"@type":"ListItem","position":2,"name":"Felifer Mac\u00edas se compromete a mejorar el Mercado de la Presidentes"}]},{"@type":"WebSite","@id":"https:\/\/www.nexoinformativo.mx\/#website","url":"https:\/\/www.nexoinformativo.mx\/","name":"Nexo Informativo Santiago de Quer\u00e9taro","description":"Explora NexoInformativo y convi\u00e9rtete en parte de una comunidad que valora el conocimiento y la verdad. Tu nexoinformativo es tu puente hacia una comprensi\u00f3n m\u00e1s profunda del mundo que te rodea.","publisher":{"@id":"https:\/\/www.nexoinformativo.mx\/#organization"},"potentialAction":[{"@type":"SearchAction","target":{"@type":"EntryPoint","urlTemplate":"https:\/\/www.nexoinformativo.mx\/?s={search_term_string}"},"query-input":{"@type":"PropertyValueSpecification","valueRequired":true,"valueName":"search_term_string"}}],"inLanguage":"es"},{"@type":"Organization","@id":"https:\/\/www.nexoinformativo.mx\/#organization","name":"Nexo Informativo Santiago de Quer\u00e9taro","url":"https:\/\/www.nexoinformativo.mx\/","logo":{"@type":"ImageObject","inLanguage":"es","@id":"https:\/\/www.nexoinformativo.mx\/#\/schema\/logo\/image\/","url":"https:\/\/www.nexoinformativo.mx\/wp-content\/uploads\/2024\/07\/nexoi-trasparente-2.png","contentUrl":"https:\/\/www.nexoinformativo.mx\/wp-content\/uploads\/2024\/07\/nexoi-trasparente-2.png","width":816,"height":339,"caption":"Nexo Informativo Santiago de Quer\u00e9taro"},"image":{"@id":"https:\/\/www.nexoinformativo.mx\/#\/schema\/logo\/image\/"},"sameAs":["https:\/\/www.facebook.com\/people\/Nexo-Informativo\/61564066885511\/"]},{"@type":"Person","@id":"https:\/\/www.nexoinformativo.mx\/#\/schema\/person\/7749d380ba08c8ca00d7bc76fd907b7d","name":"Nexo Informativo","image":{"@type":"ImageObject","inLanguage":"es","@id":"https:\/\/www.nexoinformativo.mx\/#\/schema\/person\/image\/","url":"https:\/\/secure.gravatar.com\/avatar\/dde2928154642a13d95f87ddf1ea9718fe2b46760a005c53e41ff5ad610704e6?s=96&d=mm&r=g","contentUrl":"https:\/\/secure.gravatar.com\/avatar\/dde2928154642a13d95f87ddf1ea9718fe2b46760a005c53e41ff5ad610704e6?s=96&d=mm&r=g","caption":"Nexo Informativo"},"url":"https:\/\/www.nexoinformativo.mx\/index.php\/author\/edicion\/"}]}},"_links":{"self":[{"href":"https:\/\/www.nexoinformativo.mx\/index.php\/wp-json\/wp\/v2\/posts\/9857","targetHints":{"allow":["GET"]}}],"collection":[{"href":"https:\/\/www.nexoinformativo.mx\/index.php\/wp-json\/wp\/v2\/posts"}],"about":[{"href":"https:\/\/www.nexoinformativo.mx\/index.php\/wp-json\/wp\/v2\/types\/post"}],"author":[{"embeddable":true,"href":"https:\/\/www.nexoinformativo.mx\/index.php\/wp-json\/wp\/v2\/users\/3"}],"replies":[{"embeddable":true,"href":"https:\/\/www.nexoinformativo.mx\/index.php\/wp-json\/wp\/v2\/comments?post=9857"}],"version-history":[{"count":3,"href":"https:\/\/www.nexoinformativo.mx\/index.php\/wp-json\/wp\/v2\/posts\/9857\/revisions"}],"predecessor-version":[{"id":9861,"href":"https:\/\/www.nexoinformativo.mx\/index.php\/wp-json\/wp\/v2\/posts\/9857\/revisions\/9861"}],"wp:featuredmedia":[{"embeddable":true,"href":"https:\/\/www.nexoinformativo.mx\/index.php\/wp-json\/wp\/v2\/media\/9858"}],"wp:attachment":[{"href":"https:\/\/www.nexoinformativo.mx\/index.php\/wp-json\/wp\/v2\/media?parent=9857"}],"wp:term":[{"taxonomy":"category","embeddable":true,"href":"https:\/\/www.nexoinformativo.mx\/index.php\/wp-json\/wp\/v2\/categories?post=9857"},{"taxonomy":"post_tag","embeddable":true,"href":"https:\/\/www.nexoinformativo.mx\/index.php\/wp-json\/wp\/v2\/tags?post=9857"}],"curies":[{"name":"wp","href":"https:\/\/api.w.org\/{rel}","templated":true}]}}