{"id":9883,"date":"2025-01-14T17:00:08","date_gmt":"2025-01-14T23:00:08","guid":{"rendered":"https:\/\/www.nexoinformativo.mx\/?p=9883"},"modified":"2025-01-14T20:07:34","modified_gmt":"2025-01-15T02:07:34","slug":"la-inauguracion-de-region-digital-de-amazon-web-services-impulsa-queretaro-como-centro-tecnologico","status":"publish","type":"post","link":"https:\/\/www.nexoinformativo.mx\/index.php\/2025\/01\/14\/la-inauguracion-de-region-digital-de-amazon-web-services-impulsa-queretaro-como-centro-tecnologico\/","title":{"rendered":"La inauguraci\u00f3n de Regi\u00f3n Digital de Amazon Web Services impulsa Quer\u00e9taro como centro tecnol\u00f3gico"},"content":{"rendered":"<p style=\"text-align: justify;\">El gobernador de Quer\u00e9taro, Mauricio Kuri, particip\u00f3 en el lanzamiento de la regi\u00f3n de <strong>Amazon Web Services<\/strong> (AWS) en Quer\u00e9taro, consolidando una inversi\u00f3n de $5000 mil millones de d\u00f3lares. Esta inversi\u00f3n sit\u00faa a Quer\u00e9taro como el centro tecnol\u00f3gico de M\u00e9xico, avanzando hacia un futuro de innovaci\u00f3n y colaboraci\u00f3n.<\/p>\n<p>&nbsp;<\/p>\n<p style=\"text-align: justify;\">Esta nueva regi\u00f3n digital generar\u00e1 7 mil empleos por a\u00f1o y aportar\u00e1 10 mil millones de d\u00f3lares al Producto Interno Bruto (PIB) en los pr\u00f3ximos a\u00f1os. AWS se compromete a formar alianzas estrat\u00e9gicas con instituciones educativas como el Conalep y el TecNM para capacitar a la pr\u00f3xima generaci\u00f3n de talento digital.<\/p>\n<p>&nbsp;<\/p>\n<p style=\"text-align: justify;\">La regi\u00f3n de AWS en Quer\u00e9taro contar\u00e1 con tres zonas de disponibilidad, habilitando la innovaci\u00f3n y democratizando el acceso a tecnolog\u00edas avanzadas como la inteligencia artificial y el machine learning.<\/p>\n<p>&nbsp;<\/p>\n<p style=\"text-align: justify;\">Estos centros de datos ser\u00e1n eficientes y responsables, operando con tecnolog\u00eda que es hasta 4.1 veces m\u00e1s eficiente energ\u00e9ticamente que otras instalaciones virtuales.<\/p>\n<p>&nbsp;<\/p>\n<p style=\"text-align: justify;\">Durante el evento, se destac\u00f3 el papel de M\u00e9xico en la econom\u00eda digital y la importancia de esta inversi\u00f3n para el desarrollo socioecon\u00f3mico del pa\u00eds.<\/p>\n<\/p>\n<p>&nbsp;<\/p>\n<p style=\"text-align: justify;\">La presidenta de M\u00e9xico y los l\u00edderes de AWS reafirmaron su compromiso de impulsar la transformaci\u00f3n digital y crear nuevas oportunidades de empleo y crecimiento econ\u00f3mico en la regi\u00f3n.<\/p>\n<p>&nbsp;<\/p>\n<p style=\"text-align: center;\"><em><strong>\u00a1Informaci\u00f3n que transforma!<\/strong><\/em><\/p>\n","protected":false},"excerpt":{"rendered":"<p>El gobernador de Quer\u00e9taro, Mauricio Kuri, particip\u00f3 en el lanzamiento de la regi\u00f3n de Amazon Web Services (AWS) en Quer\u00e9taro, consolidando una inversi\u00f3n de $5000 mil millones de d\u00f3lares.<\/p>\n","protected":false},"author":3,"featured_media":9884,"comment_status":"open","ping_status":"open","sticky":false,"template":"","format":"standard","meta":{"footnotes":""},"categories":[5,42,58],"tags":[3105,661,218,1348],"class_list":["post-9883","post","type-post","status-publish","format-standard","has-post-thumbnail","hentry","category-economia","category-estado","category-ultima-hora","tag-amazonwebservices","tag-mauriciokuri","tag-queretarodigital","tag-transformaciondigital"],"yoast_head":"<!-- This site is optimized with the Yoast SEO plugin v25.0 - https:\/\/yoast.com\/wordpress\/plugins\/seo\/ -->\n<title>La inauguraci\u00f3n de Regi\u00f3n Digital de Amazon Web Services impulsa Quer\u00e9taro como centro tecnol\u00f3gico | Nexo Informativo Santiago de Quer\u00e9taro<\/title>\n<meta name=\"description\" content=\"La inauguraci\u00f3n de Regi\u00f3n Digital de Amazon Web Services impulsa Quer\u00e9taro como centro tecnol\u00f3gico\" \/>\n<meta name=\"robots\" content=\"index, follow, max-snippet:-1, max-image-preview:large, max-video-preview:-1\" \/>\n<link rel=\"canonical\" href=\"https:\/\/www.nexoinformativo.mx\/index.php\/2025\/01\/14\/la-inauguracion-de-region-digital-de-amazon-web-services-impulsa-queretaro-como-centro-tecnologico\/\" \/>\n<meta property=\"og:locale\" content=\"es_MX\" \/>\n<meta property=\"og:type\" content=\"article\" \/>\n<meta property=\"og:title\" content=\"La inauguraci\u00f3n de Regi\u00f3n Digital de Amazon Web Services impulsa Quer\u00e9taro como centro tecnol\u00f3gico | Nexo Informativo Santiago de Quer\u00e9taro\" \/>\n<meta property=\"og:description\" content=\"La inauguraci\u00f3n de Regi\u00f3n Digital de Amazon Web Services impulsa Quer\u00e9taro como centro tecnol\u00f3gico\" \/>\n<meta property=\"og:url\" content=\"https:\/\/www.nexoinformativo.mx\/index.php\/2025\/01\/14\/la-inauguracion-de-region-digital-de-amazon-web-services-impulsa-queretaro-como-centro-tecnologico\/\" \/>\n<meta property=\"og:site_name\" content=\"Nexo Informativo Santiago de Quer\u00e9taro\" \/>\n<meta property=\"article:publisher\" content=\"https:\/\/www.facebook.com\/people\/Nexo-Informativo\/61564066885511\/\" \/>\n<meta property=\"article:published_time\" content=\"2025-01-14T23:00:08+00:00\" \/>\n<meta property=\"article:modified_time\" content=\"2025-01-15T02:07:34+00:00\" \/>\n<meta property=\"og:image\" content=\"https:\/\/www.nexoinformativo.mx\/wp-content\/uploads\/2025\/01\/PHOTO-2025-01-14-19-44-07-e1736906737778.jpg\" \/>\n\t<meta property=\"og:image:width\" content=\"800\" \/>\n\t<meta property=\"og:image:height\" content=\"533\" \/>\n\t<meta property=\"og:image:type\" content=\"image\/jpeg\" \/>\n<meta name=\"author\" content=\"Nexo Informativo\" \/>\n<meta name=\"twitter:card\" content=\"summary_large_image\" \/>\n<meta name=\"twitter:label1\" content=\"Escrito por\" \/>\n\t<meta name=\"twitter:data1\" content=\"Nexo Informativo\" \/>\n\t<meta name=\"twitter:label2\" content=\"Tiempo de lectura\" \/>\n\t<meta name=\"twitter:data2\" content=\"2 minutos\" \/>\n<script type=\"application\/ld+json\" class=\"yoast-schema-graph\">{\"@context\":\"https:\/\/schema.org\",\"@graph\":[{\"@type\":\"Article\",\"@id\":\"https:\/\/www.nexoinformativo.mx\/index.php\/2025\/01\/14\/la-inauguracion-de-region-digital-de-amazon-web-services-impulsa-queretaro-como-centro-tecnologico\/#article\",\"isPartOf\":{\"@id\":\"https:\/\/www.nexoinformativo.mx\/index.php\/2025\/01\/14\/la-inauguracion-de-region-digital-de-amazon-web-services-impulsa-queretaro-como-centro-tecnologico\/\"},\"author\":{\"name\":\"Nexo Informativo\",\"@id\":\"https:\/\/www.nexoinformativo.mx\/#\/schema\/person\/7749d380ba08c8ca00d7bc76fd907b7d\"},\"headline\":\"La inauguraci\u00f3n de Regi\u00f3n Digital de Amazon Web Services impulsa Quer\u00e9taro como centro tecnol\u00f3gico\",\"datePublished\":\"2025-01-14T23:00:08+00:00\",\"dateModified\":\"2025-01-15T02:07:34+00:00\",\"mainEntityOfPage\":{\"@id\":\"https:\/\/www.nexoinformativo.mx\/index.php\/2025\/01\/14\/la-inauguracion-de-region-digital-de-amazon-web-services-impulsa-queretaro-como-centro-tecnologico\/\"},\"wordCount\":268,\"commentCount\":0,\"publisher\":{\"@id\":\"https:\/\/www.nexoinformativo.mx\/#organization\"},\"image\":{\"@id\":\"https:\/\/www.nexoinformativo.mx\/index.php\/2025\/01\/14\/la-inauguracion-de-region-digital-de-amazon-web-services-impulsa-queretaro-como-centro-tecnologico\/#primaryimage\"},\"thumbnailUrl\":\"https:\/\/www.nexoinformativo.mx\/wp-content\/uploads\/2025\/01\/PHOTO-2025-01-14-19-44-07-e1736906737778.jpg\",\"keywords\":[\"AmazonWebServices\",\"MauricioKuri\",\"Quer\u00e9taroDigital\",\"Transformaci\u00f3nDigital\"],\"articleSection\":[\"Econom\u00eda\",\"Estado\",\"\u00daltima Hora\"],\"inLanguage\":\"es\",\"potentialAction\":[{\"@type\":\"CommentAction\",\"name\":\"Comment\",\"target\":[\"https:\/\/www.nexoinformativo.mx\/index.php\/2025\/01\/14\/la-inauguracion-de-region-digital-de-amazon-web-services-impulsa-queretaro-como-centro-tecnologico\/#respond\"]}]},{\"@type\":\"WebPage\",\"@id\":\"https:\/\/www.nexoinformativo.mx\/index.php\/2025\/01\/14\/la-inauguracion-de-region-digital-de-amazon-web-services-impulsa-queretaro-como-centro-tecnologico\/\",\"url\":\"https:\/\/www.nexoinformativo.mx\/index.php\/2025\/01\/14\/la-inauguracion-de-region-digital-de-amazon-web-services-impulsa-queretaro-como-centro-tecnologico\/\",\"name\":\"La inauguraci\u00f3n de Regi\u00f3n Digital de Amazon Web Services impulsa Quer\u00e9taro como centro tecnol\u00f3gico | Nexo Informativo Santiago de Quer\u00e9taro\",\"isPartOf\":{\"@id\":\"https:\/\/www.nexoinformativo.mx\/#website\"},\"primaryImageOfPage\":{\"@id\":\"https:\/\/www.nexoinformativo.mx\/index.php\/2025\/01\/14\/la-inauguracion-de-region-digital-de-amazon-web-services-impulsa-queretaro-como-centro-tecnologico\/#primaryimage\"},\"image\":{\"@id\":\"https:\/\/www.nexoinformativo.mx\/index.php\/2025\/01\/14\/la-inauguracion-de-region-digital-de-amazon-web-services-impulsa-queretaro-como-centro-tecnologico\/#primaryimage\"},\"thumbnailUrl\":\"https:\/\/www.nexoinformativo.mx\/wp-content\/uploads\/2025\/01\/PHOTO-2025-01-14-19-44-07-e1736906737778.jpg\",\"datePublished\":\"2025-01-14T23:00:08+00:00\",\"dateModified\":\"2025-01-15T02:07:34+00:00\",\"description\":\"La inauguraci\u00f3n de Regi\u00f3n Digital de Amazon Web Services impulsa Quer\u00e9taro como centro tecnol\u00f3gico\",\"breadcrumb\":{\"@id\":\"https:\/\/www.nexoinformativo.mx\/index.php\/2025\/01\/14\/la-inauguracion-de-region-digital-de-amazon-web-services-impulsa-queretaro-como-centro-tecnologico\/#breadcrumb\"},\"inLanguage\":\"es\",\"potentialAction\":[{\"@type\":\"ReadAction\",\"target\":[\"https:\/\/www.nexoinformativo.mx\/index.php\/2025\/01\/14\/la-inauguracion-de-region-digital-de-amazon-web-services-impulsa-queretaro-como-centro-tecnologico\/\"]}]},{\"@type\":\"ImageObject\",\"inLanguage\":\"es\",\"@id\":\"https:\/\/www.nexoinformativo.mx\/index.php\/2025\/01\/14\/la-inauguracion-de-region-digital-de-amazon-web-services-impulsa-queretaro-como-centro-tecnologico\/#primaryimage\",\"url\":\"https:\/\/www.nexoinformativo.mx\/wp-content\/uploads\/2025\/01\/PHOTO-2025-01-14-19-44-07-e1736906737778.jpg\",\"contentUrl\":\"https:\/\/www.nexoinformativo.mx\/wp-content\/uploads\/2025\/01\/PHOTO-2025-01-14-19-44-07-e1736906737778.jpg\",\"width\":800,\"height\":533},{\"@type\":\"BreadcrumbList\",\"@id\":\"https:\/\/www.nexoinformativo.mx\/index.php\/2025\/01\/14\/la-inauguracion-de-region-digital-de-amazon-web-services-impulsa-queretaro-como-centro-tecnologico\/#breadcrumb\",\"itemListElement\":[{\"@type\":\"ListItem\",\"position\":1,\"name\":\"Inicio\",\"item\":\"https:\/\/www.nexoinformativo.mx\/\"},{\"@type\":\"ListItem\",\"position\":2,\"name\":\"La inauguraci\u00f3n de Regi\u00f3n Digital de Amazon Web Services impulsa Quer\u00e9taro como centro tecnol\u00f3gico\"}]},{\"@type\":\"WebSite\",\"@id\":\"https:\/\/www.nexoinformativo.mx\/#website\",\"url\":\"https:\/\/www.nexoinformativo.mx\/\",\"name\":\"Nexo Informativo Santiago de Quer\u00e9taro\",\"description\":\"Explora NexoInformativo y convi\u00e9rtete en parte de una comunidad que valora el conocimiento y la verdad. Tu nexoinformativo es tu puente hacia una comprensi\u00f3n m\u00e1s profunda del mundo que te rodea.\",\"publisher\":{\"@id\":\"https:\/\/www.nexoinformativo.mx\/#organization\"},\"potentialAction\":[{\"@type\":\"SearchAction\",\"target\":{\"@type\":\"EntryPoint\",\"urlTemplate\":\"https:\/\/www.nexoinformativo.mx\/?s={search_term_string}\"},\"query-input\":{\"@type\":\"PropertyValueSpecification\",\"valueRequired\":true,\"valueName\":\"search_term_string\"}}],\"inLanguage\":\"es\"},{\"@type\":\"Organization\",\"@id\":\"https:\/\/www.nexoinformativo.mx\/#organization\",\"name\":\"Nexo Informativo Santiago de Quer\u00e9taro\",\"url\":\"https:\/\/www.nexoinformativo.mx\/\",\"logo\":{\"@type\":\"ImageObject\",\"inLanguage\":\"es\",\"@id\":\"https:\/\/www.nexoinformativo.mx\/#\/schema\/logo\/image\/\",\"url\":\"https:\/\/www.nexoinformativo.mx\/wp-content\/uploads\/2024\/07\/nexoi-trasparente-2.png\",\"contentUrl\":\"https:\/\/www.nexoinformativo.mx\/wp-content\/uploads\/2024\/07\/nexoi-trasparente-2.png\",\"width\":816,\"height\":339,\"caption\":\"Nexo Informativo Santiago de Quer\u00e9taro\"},\"image\":{\"@id\":\"https:\/\/www.nexoinformativo.mx\/#\/schema\/logo\/image\/\"},\"sameAs\":[\"https:\/\/www.facebook.com\/people\/Nexo-Informativo\/61564066885511\/\"]},{\"@type\":\"Person\",\"@id\":\"https:\/\/www.nexoinformativo.mx\/#\/schema\/person\/7749d380ba08c8ca00d7bc76fd907b7d\",\"name\":\"Nexo Informativo\",\"image\":{\"@type\":\"ImageObject\",\"inLanguage\":\"es\",\"@id\":\"https:\/\/www.nexoinformativo.mx\/#\/schema\/person\/image\/\",\"url\":\"https:\/\/secure.gravatar.com\/avatar\/dde2928154642a13d95f87ddf1ea9718fe2b46760a005c53e41ff5ad610704e6?s=96&d=mm&r=g\",\"contentUrl\":\"https:\/\/secure.gravatar.com\/avatar\/dde2928154642a13d95f87ddf1ea9718fe2b46760a005c53e41ff5ad610704e6?s=96&d=mm&r=g\",\"caption\":\"Nexo Informativo\"},\"url\":\"https:\/\/www.nexoinformativo.mx\/index.php\/author\/edicion\/\"}]}<\/script>\n<!-- \/ Yoast SEO plugin. -->","yoast_head_json":{"title":"La inauguraci\u00f3n de Regi\u00f3n Digital de Amazon Web Services impulsa Quer\u00e9taro como centro tecnol\u00f3gico | Nexo Informativo Santiago de Quer\u00e9taro","description":"La inauguraci\u00f3n de Regi\u00f3n Digital de Amazon Web Services impulsa Quer\u00e9taro como centro tecnol\u00f3gico","robots":{"index":"index","follow":"follow","max-snippet":"max-snippet:-1","max-image-preview":"max-image-preview:large","max-video-preview":"max-video-preview:-1"},"canonical":"https:\/\/www.nexoinformativo.mx\/index.php\/2025\/01\/14\/la-inauguracion-de-region-digital-de-amazon-web-services-impulsa-queretaro-como-centro-tecnologico\/","og_locale":"es_MX","og_type":"article","og_title":"La inauguraci\u00f3n de Regi\u00f3n Digital de Amazon Web Services impulsa Quer\u00e9taro como centro tecnol\u00f3gico | Nexo Informativo Santiago de Quer\u00e9taro","og_description":"La inauguraci\u00f3n de Regi\u00f3n Digital de Amazon Web Services impulsa Quer\u00e9taro como centro tecnol\u00f3gico","og_url":"https:\/\/www.nexoinformativo.mx\/index.php\/2025\/01\/14\/la-inauguracion-de-region-digital-de-amazon-web-services-impulsa-queretaro-como-centro-tecnologico\/","og_site_name":"Nexo Informativo Santiago de Quer\u00e9taro","article_publisher":"https:\/\/www.facebook.com\/people\/Nexo-Informativo\/61564066885511\/","article_published_time":"2025-01-14T23:00:08+00:00","article_modified_time":"2025-01-15T02:07:34+00:00","og_image":[{"width":800,"height":533,"url":"https:\/\/www.nexoinformativo.mx\/wp-content\/uploads\/2025\/01\/PHOTO-2025-01-14-19-44-07-e1736906737778.jpg","type":"image\/jpeg"}],"author":"Nexo Informativo","twitter_card":"summary_large_image","twitter_misc":{"Escrito por":"Nexo Informativo","Tiempo de lectura":"2 minutos"},"schema":{"@context":"https:\/\/schema.org","@graph":[{"@type":"Article","@id":"https:\/\/www.nexoinformativo.mx\/index.php\/2025\/01\/14\/la-inauguracion-de-region-digital-de-amazon-web-services-impulsa-queretaro-como-centro-tecnologico\/#article","isPartOf":{"@id":"https:\/\/www.nexoinformativo.mx\/index.php\/2025\/01\/14\/la-inauguracion-de-region-digital-de-amazon-web-services-impulsa-queretaro-como-centro-tecnologico\/"},"author":{"name":"Nexo Informativo","@id":"https:\/\/www.nexoinformativo.mx\/#\/schema\/person\/7749d380ba08c8ca00d7bc76fd907b7d"},"headline":"La inauguraci\u00f3n de Regi\u00f3n Digital de Amazon Web Services impulsa Quer\u00e9taro como centro tecnol\u00f3gico","datePublished":"2025-01-14T23:00:08+00:00","dateModified":"2025-01-15T02:07:34+00:00","mainEntityOfPage":{"@id":"https:\/\/www.nexoinformativo.mx\/index.php\/2025\/01\/14\/la-inauguracion-de-region-digital-de-amazon-web-services-impulsa-queretaro-como-centro-tecnologico\/"},"wordCount":268,"commentCount":0,"publisher":{"@id":"https:\/\/www.nexoinformativo.mx\/#organization"},"image":{"@id":"https:\/\/www.nexoinformativo.mx\/index.php\/2025\/01\/14\/la-inauguracion-de-region-digital-de-amazon-web-services-impulsa-queretaro-como-centro-tecnologico\/#primaryimage"},"thumbnailUrl":"https:\/\/www.nexoinformativo.mx\/wp-content\/uploads\/2025\/01\/PHOTO-2025-01-14-19-44-07-e1736906737778.jpg","keywords":["AmazonWebServices","MauricioKuri","Quer\u00e9taroDigital","Transformaci\u00f3nDigital"],"articleSection":["Econom\u00eda","Estado","\u00daltima Hora"],"inLanguage":"es","potentialAction":[{"@type":"CommentAction","name":"Comment","target":["https:\/\/www.nexoinformativo.mx\/index.php\/2025\/01\/14\/la-inauguracion-de-region-digital-de-amazon-web-services-impulsa-queretaro-como-centro-tecnologico\/#respond"]}]},{"@type":"WebPage","@id":"https:\/\/www.nexoinformativo.mx\/index.php\/2025\/01\/14\/la-inauguracion-de-region-digital-de-amazon-web-services-impulsa-queretaro-como-centro-tecnologico\/","url":"https:\/\/www.nexoinformativo.mx\/index.php\/2025\/01\/14\/la-inauguracion-de-region-digital-de-amazon-web-services-impulsa-queretaro-como-centro-tecnologico\/","name":"La inauguraci\u00f3n de Regi\u00f3n Digital de Amazon Web Services impulsa Quer\u00e9taro como centro tecnol\u00f3gico | Nexo Informativo Santiago de Quer\u00e9taro","isPartOf":{"@id":"https:\/\/www.nexoinformativo.mx\/#website"},"primaryImageOfPage":{"@id":"https:\/\/www.nexoinformativo.mx\/index.php\/2025\/01\/14\/la-inauguracion-de-region-digital-de-amazon-web-services-impulsa-queretaro-como-centro-tecnologico\/#primaryimage"},"image":{"@id":"https:\/\/www.nexoinformativo.mx\/index.php\/2025\/01\/14\/la-inauguracion-de-region-digital-de-amazon-web-services-impulsa-queretaro-como-centro-tecnologico\/#primaryimage"},"thumbnailUrl":"https:\/\/www.nexoinformativo.mx\/wp-content\/uploads\/2025\/01\/PHOTO-2025-01-14-19-44-07-e1736906737778.jpg","datePublished":"2025-01-14T23:00:08+00:00","dateModified":"2025-01-15T02:07:34+00:00","description":"La inauguraci\u00f3n de Regi\u00f3n Digital de Amazon Web Services impulsa Quer\u00e9taro como centro tecnol\u00f3gico","breadcrumb":{"@id":"https:\/\/www.nexoinformativo.mx\/index.php\/2025\/01\/14\/la-inauguracion-de-region-digital-de-amazon-web-services-impulsa-queretaro-como-centro-tecnologico\/#breadcrumb"},"inLanguage":"es","potentialAction":[{"@type":"ReadAction","target":["https:\/\/www.nexoinformativo.mx\/index.php\/2025\/01\/14\/la-inauguracion-de-region-digital-de-amazon-web-services-impulsa-queretaro-como-centro-tecnologico\/"]}]},{"@type":"ImageObject","inLanguage":"es","@id":"https:\/\/www.nexoinformativo.mx\/index.php\/2025\/01\/14\/la-inauguracion-de-region-digital-de-amazon-web-services-impulsa-queretaro-como-centro-tecnologico\/#primaryimage","url":"https:\/\/www.nexoinformativo.mx\/wp-content\/uploads\/2025\/01\/PHOTO-2025-01-14-19-44-07-e1736906737778.jpg","contentUrl":"https:\/\/www.nexoinformativo.mx\/wp-content\/uploads\/2025\/01\/PHOTO-2025-01-14-19-44-07-e1736906737778.jpg","width":800,"height":533},{"@type":"BreadcrumbList","@id":"https:\/\/www.nexoinformativo.mx\/index.php\/2025\/01\/14\/la-inauguracion-de-region-digital-de-amazon-web-services-impulsa-queretaro-como-centro-tecnologico\/#breadcrumb","itemListElement":[{"@type":"ListItem","position":1,"name":"Inicio","item":"https:\/\/www.nexoinformativo.mx\/"},{"@type":"ListItem","position":2,"name":"La inauguraci\u00f3n de Regi\u00f3n Digital de Amazon Web Services impulsa Quer\u00e9taro como centro tecnol\u00f3gico"}]},{"@type":"WebSite","@id":"https:\/\/www.nexoinformativo.mx\/#website","url":"https:\/\/www.nexoinformativo.mx\/","name":"Nexo Informativo Santiago de Quer\u00e9taro","description":"Explora NexoInformativo y convi\u00e9rtete en parte de una comunidad que valora el conocimiento y la verdad. Tu nexoinformativo es tu puente hacia una comprensi\u00f3n m\u00e1s profunda del mundo que te rodea.","publisher":{"@id":"https:\/\/www.nexoinformativo.mx\/#organization"},"potentialAction":[{"@type":"SearchAction","target":{"@type":"EntryPoint","urlTemplate":"https:\/\/www.nexoinformativo.mx\/?s={search_term_string}"},"query-input":{"@type":"PropertyValueSpecification","valueRequired":true,"valueName":"search_term_string"}}],"inLanguage":"es"},{"@type":"Organization","@id":"https:\/\/www.nexoinformativo.mx\/#organization","name":"Nexo Informativo Santiago de Quer\u00e9taro","url":"https:\/\/www.nexoinformativo.mx\/","logo":{"@type":"ImageObject","inLanguage":"es","@id":"https:\/\/www.nexoinformativo.mx\/#\/schema\/logo\/image\/","url":"https:\/\/www.nexoinformativo.mx\/wp-content\/uploads\/2024\/07\/nexoi-trasparente-2.png","contentUrl":"https:\/\/www.nexoinformativo.mx\/wp-content\/uploads\/2024\/07\/nexoi-trasparente-2.png","width":816,"height":339,"caption":"Nexo Informativo Santiago de Quer\u00e9taro"},"image":{"@id":"https:\/\/www.nexoinformativo.mx\/#\/schema\/logo\/image\/"},"sameAs":["https:\/\/www.facebook.com\/people\/Nexo-Informativo\/61564066885511\/"]},{"@type":"Person","@id":"https:\/\/www.nexoinformativo.mx\/#\/schema\/person\/7749d380ba08c8ca00d7bc76fd907b7d","name":"Nexo Informativo","image":{"@type":"ImageObject","inLanguage":"es","@id":"https:\/\/www.nexoinformativo.mx\/#\/schema\/person\/image\/","url":"https:\/\/secure.gravatar.com\/avatar\/dde2928154642a13d95f87ddf1ea9718fe2b46760a005c53e41ff5ad610704e6?s=96&d=mm&r=g","contentUrl":"https:\/\/secure.gravatar.com\/avatar\/dde2928154642a13d95f87ddf1ea9718fe2b46760a005c53e41ff5ad610704e6?s=96&d=mm&r=g","caption":"Nexo Informativo"},"url":"https:\/\/www.nexoinformativo.mx\/index.php\/author\/edicion\/"}]}},"_links":{"self":[{"href":"https:\/\/www.nexoinformativo.mx\/index.php\/wp-json\/wp\/v2\/posts\/9883","targetHints":{"allow":["GET"]}}],"collection":[{"href":"https:\/\/www.nexoinformativo.mx\/index.php\/wp-json\/wp\/v2\/posts"}],"about":[{"href":"https:\/\/www.nexoinformativo.mx\/index.php\/wp-json\/wp\/v2\/types\/post"}],"author":[{"embeddable":true,"href":"https:\/\/www.nexoinformativo.mx\/index.php\/wp-json\/wp\/v2\/users\/3"}],"replies":[{"embeddable":true,"href":"https:\/\/www.nexoinformativo.mx\/index.php\/wp-json\/wp\/v2\/comments?post=9883"}],"version-history":[{"count":5,"href":"https:\/\/www.nexoinformativo.mx\/index.php\/wp-json\/wp\/v2\/posts\/9883\/revisions"}],"predecessor-version":[{"id":9887,"href":"https:\/\/www.nexoinformativo.mx\/index.php\/wp-json\/wp\/v2\/posts\/9883\/revisions\/9887"}],"wp:featuredmedia":[{"embeddable":true,"href":"https:\/\/www.nexoinformativo.mx\/index.php\/wp-json\/wp\/v2\/media\/9884"}],"wp:attachment":[{"href":"https:\/\/www.nexoinformativo.mx\/index.php\/wp-json\/wp\/v2\/media?parent=9883"}],"wp:term":[{"taxonomy":"category","embeddable":true,"href":"https:\/\/www.nexoinformativo.mx\/index.php\/wp-json\/wp\/v2\/categories?post=9883"},{"taxonomy":"post_tag","embeddable":true,"href":"https:\/\/www.nexoinformativo.mx\/index.php\/wp-json\/wp\/v2\/tags?post=9883"}],"curies":[{"name":"wp","href":"https:\/\/api.w.org\/{rel}","templated":true}]}}