{"id":9896,"date":"2025-01-15T07:30:09","date_gmt":"2025-01-15T13:30:09","guid":{"rendered":"https:\/\/www.nexoinformativo.mx\/?p=9896"},"modified":"2025-01-15T11:45:37","modified_gmt":"2025-01-15T17:45:37","slug":"ayuntamiento-de-colon-renuncia-a-aumento-salarial-en-favor-de-la-ciudadania","status":"publish","type":"post","link":"https:\/\/www.nexoinformativo.mx\/index.php\/2025\/01\/15\/ayuntamiento-de-colon-renuncia-a-aumento-salarial-en-favor-de-la-ciudadania\/","title":{"rendered":"Ayuntamiento de Col\u00f3n renuncia a aumento salarial en favor de la ciudadan\u00eda"},"content":{"rendered":"<p style=\"text-align: justify;\" data-sourcepos=\"11:1-11:263\">En un claro ejemplo de austeridad y compromiso con la ciudadan\u00eda, el H. Ayuntamiento de Col\u00f3n ha tomado la decisi\u00f3n de revocar los incrementos salariales aprobados para el alcalde, s\u00edndicos y regidores durante la administraci\u00f3n 2021-2024.<\/p>\n<p>&nbsp;<\/p>\n<p style=\"text-align: justify;\" data-sourcepos=\"13:1-13:372\">Esta medida, aprobada por unanimidad en sesi\u00f3n de cabildo, refleja la voluntad del gobierno municipal de priorizar las necesidades de los colonenses y destinar los recursos p\u00fablicos de manera eficiente y transparente.<\/p>\n<p>&nbsp;<\/p>\n<p style=\"text-align: justify;\" data-sourcepos=\"13:1-13:372\">Al renunciar a estos incrementos, se garantiza que los recursos se inviertan en proyectos y programas que mejoren la calidad de vida de toda la comunidad.<\/p>\n<p>&nbsp;<\/p>\n<p style=\"text-align: justify;\" data-sourcepos=\"15:1-15:297\">El alcalde, Gaspar Ram\u00f3n Trueba, destac\u00f3 que esta decisi\u00f3n es un paso fundamental hacia un gobierno m\u00e1s cercano a la gente y m\u00e1s comprometido con el bienestar com\u00fan. <strong>\u201cLo que hacemos hoy es un paso firme hacia un cambio que construye, siendo la gente de Col\u00f3n nuestra principal prioridad\u201d<\/strong>, afirm\u00f3.<\/p>\n<p>&nbsp;<\/p>\n<p style=\"text-align: justify;\" data-sourcepos=\"17:1-17:225\">Con esta acci\u00f3n, el Ayuntamiento de Col\u00f3n env\u00eda un mensaje claro a la ciudadan\u00eda: los servidores p\u00fablicos est\u00e1n al servicio de la comunidad y est\u00e1n dispuestos a hacer sacrificios para mejorar las condiciones de vida de todos.<\/p>\n<p>&nbsp;<\/p>\n<p style=\"text-align: center;\" data-sourcepos=\"17:1-17:225\"><em><strong>\u00a1Informaci\u00f3n que transforma!<\/strong><\/em><\/p>\n","protected":false},"excerpt":{"rendered":"<p>En un claro ejemplo de austeridad y compromiso con la ciudadan\u00eda, el H. Ayuntamiento de Col\u00f3n ha tomado la decisi\u00f3n de revocar los incrementos salariales aprobados para el alcalde, s\u00edndicos y regidores durante la administraci\u00f3n 2021-2024.<\/p>\n","protected":false},"author":3,"featured_media":9897,"comment_status":"open","ping_status":"open","sticky":false,"template":"","format":"standard","meta":{"footnotes":""},"categories":[65,58],"tags":[1649,3108,1782,729],"class_list":["post-9896","post","type-post","status-publish","format-standard","has-post-thumbnail","hentry","category-municipios","category-ultima-hora","tag-austeridad","tag-biencomun","tag-colon","tag-gobiernotransparente"],"yoast_head":"<!-- This site is optimized with the Yoast SEO plugin v25.0 - https:\/\/yoast.com\/wordpress\/plugins\/seo\/ -->\n<title>Ayuntamiento de Col\u00f3n renuncia a aumento salarial en favor de la ciudadan\u00eda | Nexo Informativo Santiago de Quer\u00e9taro<\/title>\n<meta name=\"description\" content=\"Ayuntamiento de Col\u00f3n renuncia a aumento salarial en favor de la ciudadan\u00eda\" \/>\n<meta name=\"robots\" content=\"index, follow, max-snippet:-1, max-image-preview:large, max-video-preview:-1\" \/>\n<link rel=\"canonical\" href=\"https:\/\/www.nexoinformativo.mx\/index.php\/2025\/01\/15\/ayuntamiento-de-colon-renuncia-a-aumento-salarial-en-favor-de-la-ciudadania\/\" \/>\n<meta property=\"og:locale\" content=\"es_MX\" \/>\n<meta property=\"og:type\" content=\"article\" \/>\n<meta property=\"og:title\" content=\"Ayuntamiento de Col\u00f3n renuncia a aumento salarial en favor de la ciudadan\u00eda | Nexo Informativo Santiago de Quer\u00e9taro\" \/>\n<meta property=\"og:description\" content=\"Ayuntamiento de Col\u00f3n renuncia a aumento salarial en favor de la ciudadan\u00eda\" \/>\n<meta property=\"og:url\" content=\"https:\/\/www.nexoinformativo.mx\/index.php\/2025\/01\/15\/ayuntamiento-de-colon-renuncia-a-aumento-salarial-en-favor-de-la-ciudadania\/\" \/>\n<meta property=\"og:site_name\" content=\"Nexo Informativo Santiago de Quer\u00e9taro\" \/>\n<meta property=\"article:publisher\" content=\"https:\/\/www.facebook.com\/people\/Nexo-Informativo\/61564066885511\/\" \/>\n<meta property=\"article:published_time\" content=\"2025-01-15T13:30:09+00:00\" \/>\n<meta property=\"article:modified_time\" content=\"2025-01-15T17:45:37+00:00\" \/>\n<meta property=\"og:image\" content=\"https:\/\/www.nexoinformativo.mx\/wp-content\/uploads\/2025\/01\/7e6b3eb4-bfb0-4315-b5db-9307386fd36e-scaled-e1736962634876.jpg\" \/>\n\t<meta property=\"og:image:width\" content=\"800\" \/>\n\t<meta property=\"og:image:height\" content=\"533\" \/>\n\t<meta property=\"og:image:type\" content=\"image\/jpeg\" \/>\n<meta name=\"author\" content=\"Nexo Informativo\" \/>\n<meta name=\"twitter:card\" content=\"summary_large_image\" \/>\n<meta name=\"twitter:label1\" content=\"Escrito por\" \/>\n\t<meta name=\"twitter:data1\" content=\"Nexo Informativo\" \/>\n\t<meta name=\"twitter:label2\" content=\"Tiempo de lectura\" \/>\n\t<meta name=\"twitter:data2\" content=\"2 minutos\" \/>\n<script type=\"application\/ld+json\" class=\"yoast-schema-graph\">{\"@context\":\"https:\/\/schema.org\",\"@graph\":[{\"@type\":\"Article\",\"@id\":\"https:\/\/www.nexoinformativo.mx\/index.php\/2025\/01\/15\/ayuntamiento-de-colon-renuncia-a-aumento-salarial-en-favor-de-la-ciudadania\/#article\",\"isPartOf\":{\"@id\":\"https:\/\/www.nexoinformativo.mx\/index.php\/2025\/01\/15\/ayuntamiento-de-colon-renuncia-a-aumento-salarial-en-favor-de-la-ciudadania\/\"},\"author\":{\"name\":\"Nexo Informativo\",\"@id\":\"https:\/\/www.nexoinformativo.mx\/#\/schema\/person\/7749d380ba08c8ca00d7bc76fd907b7d\"},\"headline\":\"Ayuntamiento de Col\u00f3n renuncia a aumento salarial en favor de la ciudadan\u00eda\",\"datePublished\":\"2025-01-15T13:30:09+00:00\",\"dateModified\":\"2025-01-15T17:45:37+00:00\",\"mainEntityOfPage\":{\"@id\":\"https:\/\/www.nexoinformativo.mx\/index.php\/2025\/01\/15\/ayuntamiento-de-colon-renuncia-a-aumento-salarial-en-favor-de-la-ciudadania\/\"},\"wordCount\":224,\"commentCount\":0,\"publisher\":{\"@id\":\"https:\/\/www.nexoinformativo.mx\/#organization\"},\"image\":{\"@id\":\"https:\/\/www.nexoinformativo.mx\/index.php\/2025\/01\/15\/ayuntamiento-de-colon-renuncia-a-aumento-salarial-en-favor-de-la-ciudadania\/#primaryimage\"},\"thumbnailUrl\":\"https:\/\/www.nexoinformativo.mx\/wp-content\/uploads\/2025\/01\/7e6b3eb4-bfb0-4315-b5db-9307386fd36e-scaled-e1736962634876.jpg\",\"keywords\":[\"Austeridad\",\"BienCom\u00fan\",\"Col\u00f3n\",\"GobiernoTransparente\"],\"articleSection\":[\"Municipios\",\"\u00daltima Hora\"],\"inLanguage\":\"es\",\"potentialAction\":[{\"@type\":\"CommentAction\",\"name\":\"Comment\",\"target\":[\"https:\/\/www.nexoinformativo.mx\/index.php\/2025\/01\/15\/ayuntamiento-de-colon-renuncia-a-aumento-salarial-en-favor-de-la-ciudadania\/#respond\"]}]},{\"@type\":\"WebPage\",\"@id\":\"https:\/\/www.nexoinformativo.mx\/index.php\/2025\/01\/15\/ayuntamiento-de-colon-renuncia-a-aumento-salarial-en-favor-de-la-ciudadania\/\",\"url\":\"https:\/\/www.nexoinformativo.mx\/index.php\/2025\/01\/15\/ayuntamiento-de-colon-renuncia-a-aumento-salarial-en-favor-de-la-ciudadania\/\",\"name\":\"Ayuntamiento de Col\u00f3n renuncia a aumento salarial en favor de la ciudadan\u00eda | Nexo Informativo Santiago de Quer\u00e9taro\",\"isPartOf\":{\"@id\":\"https:\/\/www.nexoinformativo.mx\/#website\"},\"primaryImageOfPage\":{\"@id\":\"https:\/\/www.nexoinformativo.mx\/index.php\/2025\/01\/15\/ayuntamiento-de-colon-renuncia-a-aumento-salarial-en-favor-de-la-ciudadania\/#primaryimage\"},\"image\":{\"@id\":\"https:\/\/www.nexoinformativo.mx\/index.php\/2025\/01\/15\/ayuntamiento-de-colon-renuncia-a-aumento-salarial-en-favor-de-la-ciudadania\/#primaryimage\"},\"thumbnailUrl\":\"https:\/\/www.nexoinformativo.mx\/wp-content\/uploads\/2025\/01\/7e6b3eb4-bfb0-4315-b5db-9307386fd36e-scaled-e1736962634876.jpg\",\"datePublished\":\"2025-01-15T13:30:09+00:00\",\"dateModified\":\"2025-01-15T17:45:37+00:00\",\"description\":\"Ayuntamiento de Col\u00f3n renuncia a aumento salarial en favor de la ciudadan\u00eda\",\"breadcrumb\":{\"@id\":\"https:\/\/www.nexoinformativo.mx\/index.php\/2025\/01\/15\/ayuntamiento-de-colon-renuncia-a-aumento-salarial-en-favor-de-la-ciudadania\/#breadcrumb\"},\"inLanguage\":\"es\",\"potentialAction\":[{\"@type\":\"ReadAction\",\"target\":[\"https:\/\/www.nexoinformativo.mx\/index.php\/2025\/01\/15\/ayuntamiento-de-colon-renuncia-a-aumento-salarial-en-favor-de-la-ciudadania\/\"]}]},{\"@type\":\"ImageObject\",\"inLanguage\":\"es\",\"@id\":\"https:\/\/www.nexoinformativo.mx\/index.php\/2025\/01\/15\/ayuntamiento-de-colon-renuncia-a-aumento-salarial-en-favor-de-la-ciudadania\/#primaryimage\",\"url\":\"https:\/\/www.nexoinformativo.mx\/wp-content\/uploads\/2025\/01\/7e6b3eb4-bfb0-4315-b5db-9307386fd36e-scaled-e1736962634876.jpg\",\"contentUrl\":\"https:\/\/www.nexoinformativo.mx\/wp-content\/uploads\/2025\/01\/7e6b3eb4-bfb0-4315-b5db-9307386fd36e-scaled-e1736962634876.jpg\",\"width\":800,\"height\":533},{\"@type\":\"BreadcrumbList\",\"@id\":\"https:\/\/www.nexoinformativo.mx\/index.php\/2025\/01\/15\/ayuntamiento-de-colon-renuncia-a-aumento-salarial-en-favor-de-la-ciudadania\/#breadcrumb\",\"itemListElement\":[{\"@type\":\"ListItem\",\"position\":1,\"name\":\"Inicio\",\"item\":\"https:\/\/www.nexoinformativo.mx\/\"},{\"@type\":\"ListItem\",\"position\":2,\"name\":\"Ayuntamiento de Col\u00f3n renuncia a aumento salarial en favor de la ciudadan\u00eda\"}]},{\"@type\":\"WebSite\",\"@id\":\"https:\/\/www.nexoinformativo.mx\/#website\",\"url\":\"https:\/\/www.nexoinformativo.mx\/\",\"name\":\"Nexo Informativo Santiago de Quer\u00e9taro\",\"description\":\"Explora NexoInformativo y convi\u00e9rtete en parte de una comunidad que valora el conocimiento y la verdad. Tu nexoinformativo es tu puente hacia una comprensi\u00f3n m\u00e1s profunda del mundo que te rodea.\",\"publisher\":{\"@id\":\"https:\/\/www.nexoinformativo.mx\/#organization\"},\"potentialAction\":[{\"@type\":\"SearchAction\",\"target\":{\"@type\":\"EntryPoint\",\"urlTemplate\":\"https:\/\/www.nexoinformativo.mx\/?s={search_term_string}\"},\"query-input\":{\"@type\":\"PropertyValueSpecification\",\"valueRequired\":true,\"valueName\":\"search_term_string\"}}],\"inLanguage\":\"es\"},{\"@type\":\"Organization\",\"@id\":\"https:\/\/www.nexoinformativo.mx\/#organization\",\"name\":\"Nexo Informativo Santiago de Quer\u00e9taro\",\"url\":\"https:\/\/www.nexoinformativo.mx\/\",\"logo\":{\"@type\":\"ImageObject\",\"inLanguage\":\"es\",\"@id\":\"https:\/\/www.nexoinformativo.mx\/#\/schema\/logo\/image\/\",\"url\":\"https:\/\/www.nexoinformativo.mx\/wp-content\/uploads\/2024\/07\/nexoi-trasparente-2.png\",\"contentUrl\":\"https:\/\/www.nexoinformativo.mx\/wp-content\/uploads\/2024\/07\/nexoi-trasparente-2.png\",\"width\":816,\"height\":339,\"caption\":\"Nexo Informativo Santiago de Quer\u00e9taro\"},\"image\":{\"@id\":\"https:\/\/www.nexoinformativo.mx\/#\/schema\/logo\/image\/\"},\"sameAs\":[\"https:\/\/www.facebook.com\/people\/Nexo-Informativo\/61564066885511\/\"]},{\"@type\":\"Person\",\"@id\":\"https:\/\/www.nexoinformativo.mx\/#\/schema\/person\/7749d380ba08c8ca00d7bc76fd907b7d\",\"name\":\"Nexo Informativo\",\"image\":{\"@type\":\"ImageObject\",\"inLanguage\":\"es\",\"@id\":\"https:\/\/www.nexoinformativo.mx\/#\/schema\/person\/image\/\",\"url\":\"https:\/\/secure.gravatar.com\/avatar\/dde2928154642a13d95f87ddf1ea9718fe2b46760a005c53e41ff5ad610704e6?s=96&d=mm&r=g\",\"contentUrl\":\"https:\/\/secure.gravatar.com\/avatar\/dde2928154642a13d95f87ddf1ea9718fe2b46760a005c53e41ff5ad610704e6?s=96&d=mm&r=g\",\"caption\":\"Nexo Informativo\"},\"url\":\"https:\/\/www.nexoinformativo.mx\/index.php\/author\/edicion\/\"}]}<\/script>\n<!-- \/ Yoast SEO plugin. -->","yoast_head_json":{"title":"Ayuntamiento de Col\u00f3n renuncia a aumento salarial en favor de la ciudadan\u00eda | Nexo Informativo Santiago de Quer\u00e9taro","description":"Ayuntamiento de Col\u00f3n renuncia a aumento salarial en favor de la ciudadan\u00eda","robots":{"index":"index","follow":"follow","max-snippet":"max-snippet:-1","max-image-preview":"max-image-preview:large","max-video-preview":"max-video-preview:-1"},"canonical":"https:\/\/www.nexoinformativo.mx\/index.php\/2025\/01\/15\/ayuntamiento-de-colon-renuncia-a-aumento-salarial-en-favor-de-la-ciudadania\/","og_locale":"es_MX","og_type":"article","og_title":"Ayuntamiento de Col\u00f3n renuncia a aumento salarial en favor de la ciudadan\u00eda | Nexo Informativo Santiago de Quer\u00e9taro","og_description":"Ayuntamiento de Col\u00f3n renuncia a aumento salarial en favor de la ciudadan\u00eda","og_url":"https:\/\/www.nexoinformativo.mx\/index.php\/2025\/01\/15\/ayuntamiento-de-colon-renuncia-a-aumento-salarial-en-favor-de-la-ciudadania\/","og_site_name":"Nexo Informativo Santiago de Quer\u00e9taro","article_publisher":"https:\/\/www.facebook.com\/people\/Nexo-Informativo\/61564066885511\/","article_published_time":"2025-01-15T13:30:09+00:00","article_modified_time":"2025-01-15T17:45:37+00:00","og_image":[{"width":800,"height":533,"url":"https:\/\/www.nexoinformativo.mx\/wp-content\/uploads\/2025\/01\/7e6b3eb4-bfb0-4315-b5db-9307386fd36e-scaled-e1736962634876.jpg","type":"image\/jpeg"}],"author":"Nexo Informativo","twitter_card":"summary_large_image","twitter_misc":{"Escrito por":"Nexo Informativo","Tiempo de lectura":"2 minutos"},"schema":{"@context":"https:\/\/schema.org","@graph":[{"@type":"Article","@id":"https:\/\/www.nexoinformativo.mx\/index.php\/2025\/01\/15\/ayuntamiento-de-colon-renuncia-a-aumento-salarial-en-favor-de-la-ciudadania\/#article","isPartOf":{"@id":"https:\/\/www.nexoinformativo.mx\/index.php\/2025\/01\/15\/ayuntamiento-de-colon-renuncia-a-aumento-salarial-en-favor-de-la-ciudadania\/"},"author":{"name":"Nexo Informativo","@id":"https:\/\/www.nexoinformativo.mx\/#\/schema\/person\/7749d380ba08c8ca00d7bc76fd907b7d"},"headline":"Ayuntamiento de Col\u00f3n renuncia a aumento salarial en favor de la ciudadan\u00eda","datePublished":"2025-01-15T13:30:09+00:00","dateModified":"2025-01-15T17:45:37+00:00","mainEntityOfPage":{"@id":"https:\/\/www.nexoinformativo.mx\/index.php\/2025\/01\/15\/ayuntamiento-de-colon-renuncia-a-aumento-salarial-en-favor-de-la-ciudadania\/"},"wordCount":224,"commentCount":0,"publisher":{"@id":"https:\/\/www.nexoinformativo.mx\/#organization"},"image":{"@id":"https:\/\/www.nexoinformativo.mx\/index.php\/2025\/01\/15\/ayuntamiento-de-colon-renuncia-a-aumento-salarial-en-favor-de-la-ciudadania\/#primaryimage"},"thumbnailUrl":"https:\/\/www.nexoinformativo.mx\/wp-content\/uploads\/2025\/01\/7e6b3eb4-bfb0-4315-b5db-9307386fd36e-scaled-e1736962634876.jpg","keywords":["Austeridad","BienCom\u00fan","Col\u00f3n","GobiernoTransparente"],"articleSection":["Municipios","\u00daltima Hora"],"inLanguage":"es","potentialAction":[{"@type":"CommentAction","name":"Comment","target":["https:\/\/www.nexoinformativo.mx\/index.php\/2025\/01\/15\/ayuntamiento-de-colon-renuncia-a-aumento-salarial-en-favor-de-la-ciudadania\/#respond"]}]},{"@type":"WebPage","@id":"https:\/\/www.nexoinformativo.mx\/index.php\/2025\/01\/15\/ayuntamiento-de-colon-renuncia-a-aumento-salarial-en-favor-de-la-ciudadania\/","url":"https:\/\/www.nexoinformativo.mx\/index.php\/2025\/01\/15\/ayuntamiento-de-colon-renuncia-a-aumento-salarial-en-favor-de-la-ciudadania\/","name":"Ayuntamiento de Col\u00f3n renuncia a aumento salarial en favor de la ciudadan\u00eda | Nexo Informativo Santiago de Quer\u00e9taro","isPartOf":{"@id":"https:\/\/www.nexoinformativo.mx\/#website"},"primaryImageOfPage":{"@id":"https:\/\/www.nexoinformativo.mx\/index.php\/2025\/01\/15\/ayuntamiento-de-colon-renuncia-a-aumento-salarial-en-favor-de-la-ciudadania\/#primaryimage"},"image":{"@id":"https:\/\/www.nexoinformativo.mx\/index.php\/2025\/01\/15\/ayuntamiento-de-colon-renuncia-a-aumento-salarial-en-favor-de-la-ciudadania\/#primaryimage"},"thumbnailUrl":"https:\/\/www.nexoinformativo.mx\/wp-content\/uploads\/2025\/01\/7e6b3eb4-bfb0-4315-b5db-9307386fd36e-scaled-e1736962634876.jpg","datePublished":"2025-01-15T13:30:09+00:00","dateModified":"2025-01-15T17:45:37+00:00","description":"Ayuntamiento de Col\u00f3n renuncia a aumento salarial en favor de la ciudadan\u00eda","breadcrumb":{"@id":"https:\/\/www.nexoinformativo.mx\/index.php\/2025\/01\/15\/ayuntamiento-de-colon-renuncia-a-aumento-salarial-en-favor-de-la-ciudadania\/#breadcrumb"},"inLanguage":"es","potentialAction":[{"@type":"ReadAction","target":["https:\/\/www.nexoinformativo.mx\/index.php\/2025\/01\/15\/ayuntamiento-de-colon-renuncia-a-aumento-salarial-en-favor-de-la-ciudadania\/"]}]},{"@type":"ImageObject","inLanguage":"es","@id":"https:\/\/www.nexoinformativo.mx\/index.php\/2025\/01\/15\/ayuntamiento-de-colon-renuncia-a-aumento-salarial-en-favor-de-la-ciudadania\/#primaryimage","url":"https:\/\/www.nexoinformativo.mx\/wp-content\/uploads\/2025\/01\/7e6b3eb4-bfb0-4315-b5db-9307386fd36e-scaled-e1736962634876.jpg","contentUrl":"https:\/\/www.nexoinformativo.mx\/wp-content\/uploads\/2025\/01\/7e6b3eb4-bfb0-4315-b5db-9307386fd36e-scaled-e1736962634876.jpg","width":800,"height":533},{"@type":"BreadcrumbList","@id":"https:\/\/www.nexoinformativo.mx\/index.php\/2025\/01\/15\/ayuntamiento-de-colon-renuncia-a-aumento-salarial-en-favor-de-la-ciudadania\/#breadcrumb","itemListElement":[{"@type":"ListItem","position":1,"name":"Inicio","item":"https:\/\/www.nexoinformativo.mx\/"},{"@type":"ListItem","position":2,"name":"Ayuntamiento de Col\u00f3n renuncia a aumento salarial en favor de la ciudadan\u00eda"}]},{"@type":"WebSite","@id":"https:\/\/www.nexoinformativo.mx\/#website","url":"https:\/\/www.nexoinformativo.mx\/","name":"Nexo Informativo Santiago de Quer\u00e9taro","description":"Explora NexoInformativo y convi\u00e9rtete en parte de una comunidad que valora el conocimiento y la verdad. Tu nexoinformativo es tu puente hacia una comprensi\u00f3n m\u00e1s profunda del mundo que te rodea.","publisher":{"@id":"https:\/\/www.nexoinformativo.mx\/#organization"},"potentialAction":[{"@type":"SearchAction","target":{"@type":"EntryPoint","urlTemplate":"https:\/\/www.nexoinformativo.mx\/?s={search_term_string}"},"query-input":{"@type":"PropertyValueSpecification","valueRequired":true,"valueName":"search_term_string"}}],"inLanguage":"es"},{"@type":"Organization","@id":"https:\/\/www.nexoinformativo.mx\/#organization","name":"Nexo Informativo Santiago de Quer\u00e9taro","url":"https:\/\/www.nexoinformativo.mx\/","logo":{"@type":"ImageObject","inLanguage":"es","@id":"https:\/\/www.nexoinformativo.mx\/#\/schema\/logo\/image\/","url":"https:\/\/www.nexoinformativo.mx\/wp-content\/uploads\/2024\/07\/nexoi-trasparente-2.png","contentUrl":"https:\/\/www.nexoinformativo.mx\/wp-content\/uploads\/2024\/07\/nexoi-trasparente-2.png","width":816,"height":339,"caption":"Nexo Informativo Santiago de Quer\u00e9taro"},"image":{"@id":"https:\/\/www.nexoinformativo.mx\/#\/schema\/logo\/image\/"},"sameAs":["https:\/\/www.facebook.com\/people\/Nexo-Informativo\/61564066885511\/"]},{"@type":"Person","@id":"https:\/\/www.nexoinformativo.mx\/#\/schema\/person\/7749d380ba08c8ca00d7bc76fd907b7d","name":"Nexo Informativo","image":{"@type":"ImageObject","inLanguage":"es","@id":"https:\/\/www.nexoinformativo.mx\/#\/schema\/person\/image\/","url":"https:\/\/secure.gravatar.com\/avatar\/dde2928154642a13d95f87ddf1ea9718fe2b46760a005c53e41ff5ad610704e6?s=96&d=mm&r=g","contentUrl":"https:\/\/secure.gravatar.com\/avatar\/dde2928154642a13d95f87ddf1ea9718fe2b46760a005c53e41ff5ad610704e6?s=96&d=mm&r=g","caption":"Nexo Informativo"},"url":"https:\/\/www.nexoinformativo.mx\/index.php\/author\/edicion\/"}]}},"_links":{"self":[{"href":"https:\/\/www.nexoinformativo.mx\/index.php\/wp-json\/wp\/v2\/posts\/9896","targetHints":{"allow":["GET"]}}],"collection":[{"href":"https:\/\/www.nexoinformativo.mx\/index.php\/wp-json\/wp\/v2\/posts"}],"about":[{"href":"https:\/\/www.nexoinformativo.mx\/index.php\/wp-json\/wp\/v2\/types\/post"}],"author":[{"embeddable":true,"href":"https:\/\/www.nexoinformativo.mx\/index.php\/wp-json\/wp\/v2\/users\/3"}],"replies":[{"embeddable":true,"href":"https:\/\/www.nexoinformativo.mx\/index.php\/wp-json\/wp\/v2\/comments?post=9896"}],"version-history":[{"count":5,"href":"https:\/\/www.nexoinformativo.mx\/index.php\/wp-json\/wp\/v2\/posts\/9896\/revisions"}],"predecessor-version":[{"id":9902,"href":"https:\/\/www.nexoinformativo.mx\/index.php\/wp-json\/wp\/v2\/posts\/9896\/revisions\/9902"}],"wp:featuredmedia":[{"embeddable":true,"href":"https:\/\/www.nexoinformativo.mx\/index.php\/wp-json\/wp\/v2\/media\/9897"}],"wp:attachment":[{"href":"https:\/\/www.nexoinformativo.mx\/index.php\/wp-json\/wp\/v2\/media?parent=9896"}],"wp:term":[{"taxonomy":"category","embeddable":true,"href":"https:\/\/www.nexoinformativo.mx\/index.php\/wp-json\/wp\/v2\/categories?post=9896"},{"taxonomy":"post_tag","embeddable":true,"href":"https:\/\/www.nexoinformativo.mx\/index.php\/wp-json\/wp\/v2\/tags?post=9896"}],"curies":[{"name":"wp","href":"https:\/\/api.w.org\/{rel}","templated":true}]}}