{"id":9903,"date":"2025-01-15T08:00:04","date_gmt":"2025-01-15T14:00:04","guid":{"rendered":"https:\/\/www.nexoinformativo.mx\/?p=9903"},"modified":"2025-01-15T11:52:45","modified_gmt":"2025-01-15T17:52:45","slug":"ayuntamiento-de-queretaro-acata-sentencia-y-protege-12-mil-hectareas","status":"publish","type":"post","link":"https:\/\/www.nexoinformativo.mx\/index.php\/2025\/01\/15\/ayuntamiento-de-queretaro-acata-sentencia-y-protege-12-mil-hectareas\/","title":{"rendered":"Ayuntamiento de Quer\u00e9taro acata sentencia y protege 12 mil hect\u00e1reas"},"content":{"rendered":"<p style=\"text-align: justify;\" data-sourcepos=\"11:1-11:393\">En un claro compromiso con la protecci\u00f3n del medio ambiente, el Ayuntamiento de Quer\u00e9taro ha decidido acatar la sentencia emitida por el Juzgado Sexto de Distrito, que ordena la restituci\u00f3n de la protecci\u00f3n a 485 hect\u00e1reas del Ejido El Zapote, incluidas en las m\u00e1s de 12 mil hect\u00e1reas declaradas como \u00c1rea Natural Protegida en la <strong>\u201cZona Occidental de Microcuencas\u201d<\/strong>.<\/p>\n<\/p>\n<p>&nbsp;<\/p>\n<p style=\"text-align: justify;\" data-sourcepos=\"13:1-13:315\">A pesar de manifestar su desacuerdo con el fallo, el gobierno municipal ha iniciado un nuevo procedimiento legal para garantizar la protecci\u00f3n de estas tierras y evitar cualquier tipo de desarrollo que ponga en riesgo el ecosistema. Asimismo, se han reforzado las medidas de vigilancia y protecci\u00f3n en toda la zona.<\/p>\n<\/p>\n<p>&nbsp;<\/p>\n<p style=\"text-align: justify;\" data-sourcepos=\"15:1-15:352\">Esta decisi\u00f3n reafirma nuestro compromiso con la sostenibilidad y la calidad de vida de los queretanos asegur\u00f3. Aunque sede est\u00e1n respetando la decisi\u00f3n judicial, seguiremos trabajando para proteger nuestro medio ambiente y garantizar un futuro m\u00e1s sostenible para las pr\u00f3ximas generaciones&#8221;.<\/p>\n<\/p>\n<p>&nbsp;<\/p>\n<p style=\"text-align: justify;\" data-sourcepos=\"17:1-17:333\">Adem\u00e1s de cumplir con la sentencia, el Ayuntamiento de Quer\u00e9taro ha aprobado diversas reformas legales que buscan fortalecer la transparencia y la eficiencia en la gesti\u00f3n p\u00fablica. Entre estas reformas destacan la modificaci\u00f3n del Reglamento Interior de la Secretar\u00eda de Finanzas y la aprobaci\u00f3n del Reglamento de Mejora Regulatoria.<\/p>\n<\/p>\n<p>&nbsp;<\/p>\n<p style=\"text-align: justify;\" data-sourcepos=\"19:1-19:206\">Con estas acciones, el gobierno municipal demuestra su compromiso con la legalidad, la transparencia y la protecci\u00f3n del medio ambiente, consolid\u00e1ndose como un referente en materia de desarrollo sostenible.<\/p>\n<\/p>\n<p>&nbsp;<\/p>\n<p style=\"text-align: center;\" data-sourcepos=\"19:1-19:206\"><em><strong>\u00a1Informaci\u00f3n que transforma!<\/strong><\/em><\/p>\n<h3 data-sourcepos=\"21:1-21:37\"><\/h3>\n","protected":false},"excerpt":{"rendered":"<p>En un claro compromiso con la protecci\u00f3n del medio ambiente, el Ayuntamiento de Quer\u00e9taro ha decidido acatar la sentencia emitida por el Juzgado Sexto de Distrito, que ordena la restituci\u00f3n de la protecci\u00f3n a 485 hect\u00e1reas del Ejido El Zapote, incluidas en las m\u00e1s de 12 mil hect\u00e1reas declaradas como \u00c1rea Natural Protegida en la \u201cZona Occidental de Microcuencas\u201d.<\/p>\n","protected":false},"author":3,"featured_media":9905,"comment_status":"open","ping_status":"open","sticky":false,"template":"","format":"standard","meta":{"footnotes":""},"categories":[65,58],"tags":[1060,3109,657,133],"class_list":["post-9903","post","type-post","status-publish","format-standard","has-post-thumbnail","hentry","category-municipios","category-ultima-hora","tag-desarrollosostenible","tag-justiciaambiental","tag-proteccionambiental","tag-queretaro"],"yoast_head":"<!-- This site is optimized with the Yoast SEO plugin v25.0 - https:\/\/yoast.com\/wordpress\/plugins\/seo\/ -->\n<title>Ayuntamiento de Quer\u00e9taro acata sentencia y protege 12 mil hect\u00e1reas | Nexo Informativo Santiago de Quer\u00e9taro<\/title>\n<meta name=\"description\" content=\"Ayuntamiento de Quer\u00e9taro acata sentencia y protege 12 mil hect\u00e1reas\" \/>\n<meta name=\"robots\" content=\"index, follow, max-snippet:-1, max-image-preview:large, max-video-preview:-1\" \/>\n<link rel=\"canonical\" href=\"https:\/\/www.nexoinformativo.mx\/index.php\/2025\/01\/15\/ayuntamiento-de-queretaro-acata-sentencia-y-protege-12-mil-hectareas\/\" \/>\n<meta property=\"og:locale\" content=\"es_MX\" \/>\n<meta property=\"og:type\" content=\"article\" \/>\n<meta property=\"og:title\" content=\"Ayuntamiento de Quer\u00e9taro acata sentencia y protege 12 mil hect\u00e1reas | Nexo Informativo Santiago de Quer\u00e9taro\" \/>\n<meta property=\"og:description\" content=\"Ayuntamiento de Quer\u00e9taro acata sentencia y protege 12 mil hect\u00e1reas\" \/>\n<meta property=\"og:url\" content=\"https:\/\/www.nexoinformativo.mx\/index.php\/2025\/01\/15\/ayuntamiento-de-queretaro-acata-sentencia-y-protege-12-mil-hectareas\/\" \/>\n<meta property=\"og:site_name\" content=\"Nexo Informativo Santiago de Quer\u00e9taro\" \/>\n<meta property=\"article:publisher\" content=\"https:\/\/www.facebook.com\/people\/Nexo-Informativo\/61564066885511\/\" \/>\n<meta property=\"article:published_time\" content=\"2025-01-15T14:00:04+00:00\" \/>\n<meta property=\"article:modified_time\" content=\"2025-01-15T17:52:45+00:00\" \/>\n<meta property=\"og:image\" content=\"https:\/\/www.nexoinformativo.mx\/wp-content\/uploads\/2025\/01\/d67e8a64-5877-4c51-bc82-b317f910d663-e1736963525267.jpg\" \/>\n\t<meta property=\"og:image:width\" content=\"800\" \/>\n\t<meta property=\"og:image:height\" content=\"533\" \/>\n\t<meta property=\"og:image:type\" content=\"image\/jpeg\" \/>\n<meta name=\"author\" content=\"Nexo Informativo\" \/>\n<meta name=\"twitter:card\" content=\"summary_large_image\" \/>\n<meta name=\"twitter:label1\" content=\"Escrito por\" \/>\n\t<meta name=\"twitter:data1\" content=\"Nexo Informativo\" \/>\n\t<meta name=\"twitter:label2\" content=\"Tiempo de lectura\" \/>\n\t<meta name=\"twitter:data2\" content=\"2 minutos\" \/>\n<script type=\"application\/ld+json\" class=\"yoast-schema-graph\">{\"@context\":\"https:\/\/schema.org\",\"@graph\":[{\"@type\":\"Article\",\"@id\":\"https:\/\/www.nexoinformativo.mx\/index.php\/2025\/01\/15\/ayuntamiento-de-queretaro-acata-sentencia-y-protege-12-mil-hectareas\/#article\",\"isPartOf\":{\"@id\":\"https:\/\/www.nexoinformativo.mx\/index.php\/2025\/01\/15\/ayuntamiento-de-queretaro-acata-sentencia-y-protege-12-mil-hectareas\/\"},\"author\":{\"name\":\"Nexo Informativo\",\"@id\":\"https:\/\/www.nexoinformativo.mx\/#\/schema\/person\/7749d380ba08c8ca00d7bc76fd907b7d\"},\"headline\":\"Ayuntamiento de Quer\u00e9taro acata sentencia y protege 12 mil hect\u00e1reas\",\"datePublished\":\"2025-01-15T14:00:04+00:00\",\"dateModified\":\"2025-01-15T17:52:45+00:00\",\"mainEntityOfPage\":{\"@id\":\"https:\/\/www.nexoinformativo.mx\/index.php\/2025\/01\/15\/ayuntamiento-de-queretaro-acata-sentencia-y-protege-12-mil-hectareas\/\"},\"wordCount\":270,\"commentCount\":0,\"publisher\":{\"@id\":\"https:\/\/www.nexoinformativo.mx\/#organization\"},\"image\":{\"@id\":\"https:\/\/www.nexoinformativo.mx\/index.php\/2025\/01\/15\/ayuntamiento-de-queretaro-acata-sentencia-y-protege-12-mil-hectareas\/#primaryimage\"},\"thumbnailUrl\":\"https:\/\/www.nexoinformativo.mx\/wp-content\/uploads\/2025\/01\/d67e8a64-5877-4c51-bc82-b317f910d663-e1736963525267.jpg\",\"keywords\":[\"DesarrolloSostenible\",\"JusticiaAmbiental\",\"Protecci\u00f3nAmbiental\",\"Quer\u00e9taro\"],\"articleSection\":[\"Municipios\",\"\u00daltima Hora\"],\"inLanguage\":\"es\",\"potentialAction\":[{\"@type\":\"CommentAction\",\"name\":\"Comment\",\"target\":[\"https:\/\/www.nexoinformativo.mx\/index.php\/2025\/01\/15\/ayuntamiento-de-queretaro-acata-sentencia-y-protege-12-mil-hectareas\/#respond\"]}]},{\"@type\":\"WebPage\",\"@id\":\"https:\/\/www.nexoinformativo.mx\/index.php\/2025\/01\/15\/ayuntamiento-de-queretaro-acata-sentencia-y-protege-12-mil-hectareas\/\",\"url\":\"https:\/\/www.nexoinformativo.mx\/index.php\/2025\/01\/15\/ayuntamiento-de-queretaro-acata-sentencia-y-protege-12-mil-hectareas\/\",\"name\":\"Ayuntamiento de Quer\u00e9taro acata sentencia y protege 12 mil hect\u00e1reas | Nexo Informativo Santiago de Quer\u00e9taro\",\"isPartOf\":{\"@id\":\"https:\/\/www.nexoinformativo.mx\/#website\"},\"primaryImageOfPage\":{\"@id\":\"https:\/\/www.nexoinformativo.mx\/index.php\/2025\/01\/15\/ayuntamiento-de-queretaro-acata-sentencia-y-protege-12-mil-hectareas\/#primaryimage\"},\"image\":{\"@id\":\"https:\/\/www.nexoinformativo.mx\/index.php\/2025\/01\/15\/ayuntamiento-de-queretaro-acata-sentencia-y-protege-12-mil-hectareas\/#primaryimage\"},\"thumbnailUrl\":\"https:\/\/www.nexoinformativo.mx\/wp-content\/uploads\/2025\/01\/d67e8a64-5877-4c51-bc82-b317f910d663-e1736963525267.jpg\",\"datePublished\":\"2025-01-15T14:00:04+00:00\",\"dateModified\":\"2025-01-15T17:52:45+00:00\",\"description\":\"Ayuntamiento de Quer\u00e9taro acata sentencia y protege 12 mil hect\u00e1reas\",\"breadcrumb\":{\"@id\":\"https:\/\/www.nexoinformativo.mx\/index.php\/2025\/01\/15\/ayuntamiento-de-queretaro-acata-sentencia-y-protege-12-mil-hectareas\/#breadcrumb\"},\"inLanguage\":\"es\",\"potentialAction\":[{\"@type\":\"ReadAction\",\"target\":[\"https:\/\/www.nexoinformativo.mx\/index.php\/2025\/01\/15\/ayuntamiento-de-queretaro-acata-sentencia-y-protege-12-mil-hectareas\/\"]}]},{\"@type\":\"ImageObject\",\"inLanguage\":\"es\",\"@id\":\"https:\/\/www.nexoinformativo.mx\/index.php\/2025\/01\/15\/ayuntamiento-de-queretaro-acata-sentencia-y-protege-12-mil-hectareas\/#primaryimage\",\"url\":\"https:\/\/www.nexoinformativo.mx\/wp-content\/uploads\/2025\/01\/d67e8a64-5877-4c51-bc82-b317f910d663-e1736963525267.jpg\",\"contentUrl\":\"https:\/\/www.nexoinformativo.mx\/wp-content\/uploads\/2025\/01\/d67e8a64-5877-4c51-bc82-b317f910d663-e1736963525267.jpg\",\"width\":800,\"height\":533},{\"@type\":\"BreadcrumbList\",\"@id\":\"https:\/\/www.nexoinformativo.mx\/index.php\/2025\/01\/15\/ayuntamiento-de-queretaro-acata-sentencia-y-protege-12-mil-hectareas\/#breadcrumb\",\"itemListElement\":[{\"@type\":\"ListItem\",\"position\":1,\"name\":\"Inicio\",\"item\":\"https:\/\/www.nexoinformativo.mx\/\"},{\"@type\":\"ListItem\",\"position\":2,\"name\":\"Ayuntamiento de Quer\u00e9taro acata sentencia y protege 12 mil hect\u00e1reas\"}]},{\"@type\":\"WebSite\",\"@id\":\"https:\/\/www.nexoinformativo.mx\/#website\",\"url\":\"https:\/\/www.nexoinformativo.mx\/\",\"name\":\"Nexo Informativo Santiago de Quer\u00e9taro\",\"description\":\"Explora NexoInformativo y convi\u00e9rtete en parte de una comunidad que valora el conocimiento y la verdad. Tu nexoinformativo es tu puente hacia una comprensi\u00f3n m\u00e1s profunda del mundo que te rodea.\",\"publisher\":{\"@id\":\"https:\/\/www.nexoinformativo.mx\/#organization\"},\"potentialAction\":[{\"@type\":\"SearchAction\",\"target\":{\"@type\":\"EntryPoint\",\"urlTemplate\":\"https:\/\/www.nexoinformativo.mx\/?s={search_term_string}\"},\"query-input\":{\"@type\":\"PropertyValueSpecification\",\"valueRequired\":true,\"valueName\":\"search_term_string\"}}],\"inLanguage\":\"es\"},{\"@type\":\"Organization\",\"@id\":\"https:\/\/www.nexoinformativo.mx\/#organization\",\"name\":\"Nexo Informativo Santiago de Quer\u00e9taro\",\"url\":\"https:\/\/www.nexoinformativo.mx\/\",\"logo\":{\"@type\":\"ImageObject\",\"inLanguage\":\"es\",\"@id\":\"https:\/\/www.nexoinformativo.mx\/#\/schema\/logo\/image\/\",\"url\":\"https:\/\/www.nexoinformativo.mx\/wp-content\/uploads\/2024\/07\/nexoi-trasparente-2.png\",\"contentUrl\":\"https:\/\/www.nexoinformativo.mx\/wp-content\/uploads\/2024\/07\/nexoi-trasparente-2.png\",\"width\":816,\"height\":339,\"caption\":\"Nexo Informativo Santiago de Quer\u00e9taro\"},\"image\":{\"@id\":\"https:\/\/www.nexoinformativo.mx\/#\/schema\/logo\/image\/\"},\"sameAs\":[\"https:\/\/www.facebook.com\/people\/Nexo-Informativo\/61564066885511\/\"]},{\"@type\":\"Person\",\"@id\":\"https:\/\/www.nexoinformativo.mx\/#\/schema\/person\/7749d380ba08c8ca00d7bc76fd907b7d\",\"name\":\"Nexo Informativo\",\"image\":{\"@type\":\"ImageObject\",\"inLanguage\":\"es\",\"@id\":\"https:\/\/www.nexoinformativo.mx\/#\/schema\/person\/image\/\",\"url\":\"https:\/\/secure.gravatar.com\/avatar\/dde2928154642a13d95f87ddf1ea9718fe2b46760a005c53e41ff5ad610704e6?s=96&d=mm&r=g\",\"contentUrl\":\"https:\/\/secure.gravatar.com\/avatar\/dde2928154642a13d95f87ddf1ea9718fe2b46760a005c53e41ff5ad610704e6?s=96&d=mm&r=g\",\"caption\":\"Nexo Informativo\"},\"url\":\"https:\/\/www.nexoinformativo.mx\/index.php\/author\/edicion\/\"}]}<\/script>\n<!-- \/ Yoast SEO plugin. -->","yoast_head_json":{"title":"Ayuntamiento de Quer\u00e9taro acata sentencia y protege 12 mil hect\u00e1reas | Nexo Informativo Santiago de Quer\u00e9taro","description":"Ayuntamiento de Quer\u00e9taro acata sentencia y protege 12 mil hect\u00e1reas","robots":{"index":"index","follow":"follow","max-snippet":"max-snippet:-1","max-image-preview":"max-image-preview:large","max-video-preview":"max-video-preview:-1"},"canonical":"https:\/\/www.nexoinformativo.mx\/index.php\/2025\/01\/15\/ayuntamiento-de-queretaro-acata-sentencia-y-protege-12-mil-hectareas\/","og_locale":"es_MX","og_type":"article","og_title":"Ayuntamiento de Quer\u00e9taro acata sentencia y protege 12 mil hect\u00e1reas | Nexo Informativo Santiago de Quer\u00e9taro","og_description":"Ayuntamiento de Quer\u00e9taro acata sentencia y protege 12 mil hect\u00e1reas","og_url":"https:\/\/www.nexoinformativo.mx\/index.php\/2025\/01\/15\/ayuntamiento-de-queretaro-acata-sentencia-y-protege-12-mil-hectareas\/","og_site_name":"Nexo Informativo Santiago de Quer\u00e9taro","article_publisher":"https:\/\/www.facebook.com\/people\/Nexo-Informativo\/61564066885511\/","article_published_time":"2025-01-15T14:00:04+00:00","article_modified_time":"2025-01-15T17:52:45+00:00","og_image":[{"width":800,"height":533,"url":"https:\/\/www.nexoinformativo.mx\/wp-content\/uploads\/2025\/01\/d67e8a64-5877-4c51-bc82-b317f910d663-e1736963525267.jpg","type":"image\/jpeg"}],"author":"Nexo Informativo","twitter_card":"summary_large_image","twitter_misc":{"Escrito por":"Nexo Informativo","Tiempo de lectura":"2 minutos"},"schema":{"@context":"https:\/\/schema.org","@graph":[{"@type":"Article","@id":"https:\/\/www.nexoinformativo.mx\/index.php\/2025\/01\/15\/ayuntamiento-de-queretaro-acata-sentencia-y-protege-12-mil-hectareas\/#article","isPartOf":{"@id":"https:\/\/www.nexoinformativo.mx\/index.php\/2025\/01\/15\/ayuntamiento-de-queretaro-acata-sentencia-y-protege-12-mil-hectareas\/"},"author":{"name":"Nexo Informativo","@id":"https:\/\/www.nexoinformativo.mx\/#\/schema\/person\/7749d380ba08c8ca00d7bc76fd907b7d"},"headline":"Ayuntamiento de Quer\u00e9taro acata sentencia y protege 12 mil hect\u00e1reas","datePublished":"2025-01-15T14:00:04+00:00","dateModified":"2025-01-15T17:52:45+00:00","mainEntityOfPage":{"@id":"https:\/\/www.nexoinformativo.mx\/index.php\/2025\/01\/15\/ayuntamiento-de-queretaro-acata-sentencia-y-protege-12-mil-hectareas\/"},"wordCount":270,"commentCount":0,"publisher":{"@id":"https:\/\/www.nexoinformativo.mx\/#organization"},"image":{"@id":"https:\/\/www.nexoinformativo.mx\/index.php\/2025\/01\/15\/ayuntamiento-de-queretaro-acata-sentencia-y-protege-12-mil-hectareas\/#primaryimage"},"thumbnailUrl":"https:\/\/www.nexoinformativo.mx\/wp-content\/uploads\/2025\/01\/d67e8a64-5877-4c51-bc82-b317f910d663-e1736963525267.jpg","keywords":["DesarrolloSostenible","JusticiaAmbiental","Protecci\u00f3nAmbiental","Quer\u00e9taro"],"articleSection":["Municipios","\u00daltima Hora"],"inLanguage":"es","potentialAction":[{"@type":"CommentAction","name":"Comment","target":["https:\/\/www.nexoinformativo.mx\/index.php\/2025\/01\/15\/ayuntamiento-de-queretaro-acata-sentencia-y-protege-12-mil-hectareas\/#respond"]}]},{"@type":"WebPage","@id":"https:\/\/www.nexoinformativo.mx\/index.php\/2025\/01\/15\/ayuntamiento-de-queretaro-acata-sentencia-y-protege-12-mil-hectareas\/","url":"https:\/\/www.nexoinformativo.mx\/index.php\/2025\/01\/15\/ayuntamiento-de-queretaro-acata-sentencia-y-protege-12-mil-hectareas\/","name":"Ayuntamiento de Quer\u00e9taro acata sentencia y protege 12 mil hect\u00e1reas | Nexo Informativo Santiago de Quer\u00e9taro","isPartOf":{"@id":"https:\/\/www.nexoinformativo.mx\/#website"},"primaryImageOfPage":{"@id":"https:\/\/www.nexoinformativo.mx\/index.php\/2025\/01\/15\/ayuntamiento-de-queretaro-acata-sentencia-y-protege-12-mil-hectareas\/#primaryimage"},"image":{"@id":"https:\/\/www.nexoinformativo.mx\/index.php\/2025\/01\/15\/ayuntamiento-de-queretaro-acata-sentencia-y-protege-12-mil-hectareas\/#primaryimage"},"thumbnailUrl":"https:\/\/www.nexoinformativo.mx\/wp-content\/uploads\/2025\/01\/d67e8a64-5877-4c51-bc82-b317f910d663-e1736963525267.jpg","datePublished":"2025-01-15T14:00:04+00:00","dateModified":"2025-01-15T17:52:45+00:00","description":"Ayuntamiento de Quer\u00e9taro acata sentencia y protege 12 mil hect\u00e1reas","breadcrumb":{"@id":"https:\/\/www.nexoinformativo.mx\/index.php\/2025\/01\/15\/ayuntamiento-de-queretaro-acata-sentencia-y-protege-12-mil-hectareas\/#breadcrumb"},"inLanguage":"es","potentialAction":[{"@type":"ReadAction","target":["https:\/\/www.nexoinformativo.mx\/index.php\/2025\/01\/15\/ayuntamiento-de-queretaro-acata-sentencia-y-protege-12-mil-hectareas\/"]}]},{"@type":"ImageObject","inLanguage":"es","@id":"https:\/\/www.nexoinformativo.mx\/index.php\/2025\/01\/15\/ayuntamiento-de-queretaro-acata-sentencia-y-protege-12-mil-hectareas\/#primaryimage","url":"https:\/\/www.nexoinformativo.mx\/wp-content\/uploads\/2025\/01\/d67e8a64-5877-4c51-bc82-b317f910d663-e1736963525267.jpg","contentUrl":"https:\/\/www.nexoinformativo.mx\/wp-content\/uploads\/2025\/01\/d67e8a64-5877-4c51-bc82-b317f910d663-e1736963525267.jpg","width":800,"height":533},{"@type":"BreadcrumbList","@id":"https:\/\/www.nexoinformativo.mx\/index.php\/2025\/01\/15\/ayuntamiento-de-queretaro-acata-sentencia-y-protege-12-mil-hectareas\/#breadcrumb","itemListElement":[{"@type":"ListItem","position":1,"name":"Inicio","item":"https:\/\/www.nexoinformativo.mx\/"},{"@type":"ListItem","position":2,"name":"Ayuntamiento de Quer\u00e9taro acata sentencia y protege 12 mil hect\u00e1reas"}]},{"@type":"WebSite","@id":"https:\/\/www.nexoinformativo.mx\/#website","url":"https:\/\/www.nexoinformativo.mx\/","name":"Nexo Informativo Santiago de Quer\u00e9taro","description":"Explora NexoInformativo y convi\u00e9rtete en parte de una comunidad que valora el conocimiento y la verdad. Tu nexoinformativo es tu puente hacia una comprensi\u00f3n m\u00e1s profunda del mundo que te rodea.","publisher":{"@id":"https:\/\/www.nexoinformativo.mx\/#organization"},"potentialAction":[{"@type":"SearchAction","target":{"@type":"EntryPoint","urlTemplate":"https:\/\/www.nexoinformativo.mx\/?s={search_term_string}"},"query-input":{"@type":"PropertyValueSpecification","valueRequired":true,"valueName":"search_term_string"}}],"inLanguage":"es"},{"@type":"Organization","@id":"https:\/\/www.nexoinformativo.mx\/#organization","name":"Nexo Informativo Santiago de Quer\u00e9taro","url":"https:\/\/www.nexoinformativo.mx\/","logo":{"@type":"ImageObject","inLanguage":"es","@id":"https:\/\/www.nexoinformativo.mx\/#\/schema\/logo\/image\/","url":"https:\/\/www.nexoinformativo.mx\/wp-content\/uploads\/2024\/07\/nexoi-trasparente-2.png","contentUrl":"https:\/\/www.nexoinformativo.mx\/wp-content\/uploads\/2024\/07\/nexoi-trasparente-2.png","width":816,"height":339,"caption":"Nexo Informativo Santiago de Quer\u00e9taro"},"image":{"@id":"https:\/\/www.nexoinformativo.mx\/#\/schema\/logo\/image\/"},"sameAs":["https:\/\/www.facebook.com\/people\/Nexo-Informativo\/61564066885511\/"]},{"@type":"Person","@id":"https:\/\/www.nexoinformativo.mx\/#\/schema\/person\/7749d380ba08c8ca00d7bc76fd907b7d","name":"Nexo Informativo","image":{"@type":"ImageObject","inLanguage":"es","@id":"https:\/\/www.nexoinformativo.mx\/#\/schema\/person\/image\/","url":"https:\/\/secure.gravatar.com\/avatar\/dde2928154642a13d95f87ddf1ea9718fe2b46760a005c53e41ff5ad610704e6?s=96&d=mm&r=g","contentUrl":"https:\/\/secure.gravatar.com\/avatar\/dde2928154642a13d95f87ddf1ea9718fe2b46760a005c53e41ff5ad610704e6?s=96&d=mm&r=g","caption":"Nexo Informativo"},"url":"https:\/\/www.nexoinformativo.mx\/index.php\/author\/edicion\/"}]}},"_links":{"self":[{"href":"https:\/\/www.nexoinformativo.mx\/index.php\/wp-json\/wp\/v2\/posts\/9903","targetHints":{"allow":["GET"]}}],"collection":[{"href":"https:\/\/www.nexoinformativo.mx\/index.php\/wp-json\/wp\/v2\/posts"}],"about":[{"href":"https:\/\/www.nexoinformativo.mx\/index.php\/wp-json\/wp\/v2\/types\/post"}],"author":[{"embeddable":true,"href":"https:\/\/www.nexoinformativo.mx\/index.php\/wp-json\/wp\/v2\/users\/3"}],"replies":[{"embeddable":true,"href":"https:\/\/www.nexoinformativo.mx\/index.php\/wp-json\/wp\/v2\/comments?post=9903"}],"version-history":[{"count":4,"href":"https:\/\/www.nexoinformativo.mx\/index.php\/wp-json\/wp\/v2\/posts\/9903\/revisions"}],"predecessor-version":[{"id":9908,"href":"https:\/\/www.nexoinformativo.mx\/index.php\/wp-json\/wp\/v2\/posts\/9903\/revisions\/9908"}],"wp:featuredmedia":[{"embeddable":true,"href":"https:\/\/www.nexoinformativo.mx\/index.php\/wp-json\/wp\/v2\/media\/9905"}],"wp:attachment":[{"href":"https:\/\/www.nexoinformativo.mx\/index.php\/wp-json\/wp\/v2\/media?parent=9903"}],"wp:term":[{"taxonomy":"category","embeddable":true,"href":"https:\/\/www.nexoinformativo.mx\/index.php\/wp-json\/wp\/v2\/categories?post=9903"},{"taxonomy":"post_tag","embeddable":true,"href":"https:\/\/www.nexoinformativo.mx\/index.php\/wp-json\/wp\/v2\/tags?post=9903"}],"curies":[{"name":"wp","href":"https:\/\/api.w.org\/{rel}","templated":true}]}}