{"id":9909,"date":"2025-01-15T08:30:00","date_gmt":"2025-01-15T14:30:00","guid":{"rendered":"https:\/\/www.nexoinformativo.mx\/?p=9909"},"modified":"2025-01-15T11:58:38","modified_gmt":"2025-01-15T17:58:38","slug":"accidente-fatal-en-bernardo-quintana-joven-franelero-pierde-la-vida","status":"publish","type":"post","link":"https:\/\/www.nexoinformativo.mx\/index.php\/2025\/01\/15\/accidente-fatal-en-bernardo-quintana-joven-franelero-pierde-la-vida\/","title":{"rendered":"Accidente fatal en Bernardo Quintana joven franelero pierde la vida"},"content":{"rendered":"<p style=\"text-align: justify;\" data-sourcepos=\"11:1-11:366\">Una nueva tragedia enlut\u00f3 las calles de la capital queretana. Un joven de 27 a\u00f1os, que se desempe\u00f1aba como &#8220;viene, viene&#8221; en un estacionamiento cercano, perdi\u00f3 la vida la noche de este martes al ser atropellado cuando intentaba cruzar los carriles centrales del bulevar Bernardo Quintana, a la altura de la colonia Arboledas.<\/p>\n<p>&nbsp;<\/p>\n<p style=\"text-align: justify;\" data-sourcepos=\"13:1-13:221\">De acuerdo con los primeros reportes, el joven habr\u00eda intentado cruzar la vialidad cuando fue impactado por un veh\u00edculo. Al lugar arribaron param\u00e9dicos, quienes lamentablemente solo pudieron confirmar el deceso del joven.<\/p>\n<p>&nbsp;<\/p>\n<p style=\"text-align: justify;\" data-sourcepos=\"15:1-15:289\">Elementos de la Polic\u00eda Estatal acordonaron la zona y dieron parte a la Fiscal\u00eda General del Estado (FGE), quienes iniciaron las investigaciones correspondientes para deslindar responsabilidades. El conductor del veh\u00edculo involucrado fue detenido y puesto a disposici\u00f3n de las autoridades.<\/p>\n<p>&nbsp;<\/p>\n<p style=\"text-align: justify;\" data-sourcepos=\"17:1-17:316\">Este lamentable suceso ha conmocionado a la comunidad queretana y ha puesto en el centro del debate la seguridad vial en la ciudad. Autoridades municipales y estatales han reiterado la importancia de respetar los l\u00edmites de velocidad y tomar precauciones al conducir, especialmente en zonas con alto flujo vehicular.<\/p>\n<p>&nbsp;<\/p>\n<p style=\"text-align: center;\" data-sourcepos=\"17:1-17:316\"><em><strong>\u00a1Informaci\u00f3n que transforma!<\/strong><\/em><\/p>\n","protected":false},"excerpt":{"rendered":"<p>Una nueva tragedia enlut\u00f3 las calles de la capital queretana. Un joven de 27 a\u00f1os, que se desempe\u00f1aba como &#8220;viene, viene&#8221; en un estacionamiento cercano, perdi\u00f3 la vida la noche de este martes al ser atropellado cuando intentaba cruzar los carriles centrales del bulevar Bernardo Quintana, a la altura de la colonia Arboledas.<\/p>\n","protected":false},"author":3,"featured_media":9911,"comment_status":"open","ping_status":"open","sticky":false,"template":"","format":"standard","meta":{"footnotes":""},"categories":[137,58],"tags":[475,848,133,151],"class_list":["post-9909","post","type-post","status-publish","format-standard","has-post-thumbnail","hentry","category-sucesos","category-ultima-hora","tag-accidentevial","tag-bernardoquintana","tag-queretaro","tag-seguridadvial"],"yoast_head":"<!-- This site is optimized with the Yoast SEO plugin v25.0 - https:\/\/yoast.com\/wordpress\/plugins\/seo\/ -->\n<title>Accidente fatal en Bernardo Quintana joven franelero pierde la vida | Nexo Informativo Santiago de Quer\u00e9taro<\/title>\n<meta name=\"description\" content=\"Accidente fatal en Bernardo Quintana joven franelero pierde la vida\" \/>\n<meta name=\"robots\" content=\"index, follow, max-snippet:-1, max-image-preview:large, max-video-preview:-1\" \/>\n<link rel=\"canonical\" href=\"https:\/\/www.nexoinformativo.mx\/index.php\/2025\/01\/15\/accidente-fatal-en-bernardo-quintana-joven-franelero-pierde-la-vida\/\" \/>\n<meta property=\"og:locale\" content=\"es_MX\" \/>\n<meta property=\"og:type\" content=\"article\" \/>\n<meta property=\"og:title\" content=\"Accidente fatal en Bernardo Quintana joven franelero pierde la vida | Nexo Informativo Santiago de Quer\u00e9taro\" \/>\n<meta property=\"og:description\" content=\"Accidente fatal en Bernardo Quintana joven franelero pierde la vida\" \/>\n<meta property=\"og:url\" content=\"https:\/\/www.nexoinformativo.mx\/index.php\/2025\/01\/15\/accidente-fatal-en-bernardo-quintana-joven-franelero-pierde-la-vida\/\" \/>\n<meta property=\"og:site_name\" content=\"Nexo Informativo Santiago de Quer\u00e9taro\" \/>\n<meta property=\"article:publisher\" content=\"https:\/\/www.facebook.com\/people\/Nexo-Informativo\/61564066885511\/\" \/>\n<meta property=\"article:published_time\" content=\"2025-01-15T14:30:00+00:00\" \/>\n<meta property=\"article:modified_time\" content=\"2025-01-15T17:58:38+00:00\" \/>\n<meta property=\"og:image\" content=\"https:\/\/www.nexoinformativo.mx\/wp-content\/uploads\/2025\/01\/IMG_9270-e1736963851104.jpg\" \/>\n\t<meta property=\"og:image:width\" content=\"700\" \/>\n\t<meta property=\"og:image:height\" content=\"438\" \/>\n\t<meta property=\"og:image:type\" content=\"image\/jpeg\" \/>\n<meta name=\"author\" content=\"Nexo Informativo\" \/>\n<meta name=\"twitter:card\" content=\"summary_large_image\" \/>\n<meta name=\"twitter:label1\" content=\"Escrito por\" \/>\n\t<meta name=\"twitter:data1\" content=\"Nexo Informativo\" \/>\n\t<meta name=\"twitter:label2\" content=\"Tiempo de lectura\" \/>\n\t<meta name=\"twitter:data2\" content=\"2 minutos\" \/>\n<script type=\"application\/ld+json\" class=\"yoast-schema-graph\">{\"@context\":\"https:\/\/schema.org\",\"@graph\":[{\"@type\":\"Article\",\"@id\":\"https:\/\/www.nexoinformativo.mx\/index.php\/2025\/01\/15\/accidente-fatal-en-bernardo-quintana-joven-franelero-pierde-la-vida\/#article\",\"isPartOf\":{\"@id\":\"https:\/\/www.nexoinformativo.mx\/index.php\/2025\/01\/15\/accidente-fatal-en-bernardo-quintana-joven-franelero-pierde-la-vida\/\"},\"author\":{\"name\":\"Nexo Informativo\",\"@id\":\"https:\/\/www.nexoinformativo.mx\/#\/schema\/person\/7749d380ba08c8ca00d7bc76fd907b7d\"},\"headline\":\"Accidente fatal en Bernardo Quintana joven franelero pierde la vida\",\"datePublished\":\"2025-01-15T14:30:00+00:00\",\"dateModified\":\"2025-01-15T17:58:38+00:00\",\"mainEntityOfPage\":{\"@id\":\"https:\/\/www.nexoinformativo.mx\/index.php\/2025\/01\/15\/accidente-fatal-en-bernardo-quintana-joven-franelero-pierde-la-vida\/\"},\"wordCount\":201,\"commentCount\":0,\"publisher\":{\"@id\":\"https:\/\/www.nexoinformativo.mx\/#organization\"},\"image\":{\"@id\":\"https:\/\/www.nexoinformativo.mx\/index.php\/2025\/01\/15\/accidente-fatal-en-bernardo-quintana-joven-franelero-pierde-la-vida\/#primaryimage\"},\"thumbnailUrl\":\"https:\/\/www.nexoinformativo.mx\/wp-content\/uploads\/2025\/01\/IMG_9270-e1736963851104.jpg\",\"keywords\":[\"AccidenteVial\",\"BernardoQuintana\",\"Quer\u00e9taro\",\"seguridadvial\"],\"articleSection\":[\"Sucesos\",\"\u00daltima Hora\"],\"inLanguage\":\"es\",\"potentialAction\":[{\"@type\":\"CommentAction\",\"name\":\"Comment\",\"target\":[\"https:\/\/www.nexoinformativo.mx\/index.php\/2025\/01\/15\/accidente-fatal-en-bernardo-quintana-joven-franelero-pierde-la-vida\/#respond\"]}]},{\"@type\":\"WebPage\",\"@id\":\"https:\/\/www.nexoinformativo.mx\/index.php\/2025\/01\/15\/accidente-fatal-en-bernardo-quintana-joven-franelero-pierde-la-vida\/\",\"url\":\"https:\/\/www.nexoinformativo.mx\/index.php\/2025\/01\/15\/accidente-fatal-en-bernardo-quintana-joven-franelero-pierde-la-vida\/\",\"name\":\"Accidente fatal en Bernardo Quintana joven franelero pierde la vida | Nexo Informativo Santiago de Quer\u00e9taro\",\"isPartOf\":{\"@id\":\"https:\/\/www.nexoinformativo.mx\/#website\"},\"primaryImageOfPage\":{\"@id\":\"https:\/\/www.nexoinformativo.mx\/index.php\/2025\/01\/15\/accidente-fatal-en-bernardo-quintana-joven-franelero-pierde-la-vida\/#primaryimage\"},\"image\":{\"@id\":\"https:\/\/www.nexoinformativo.mx\/index.php\/2025\/01\/15\/accidente-fatal-en-bernardo-quintana-joven-franelero-pierde-la-vida\/#primaryimage\"},\"thumbnailUrl\":\"https:\/\/www.nexoinformativo.mx\/wp-content\/uploads\/2025\/01\/IMG_9270-e1736963851104.jpg\",\"datePublished\":\"2025-01-15T14:30:00+00:00\",\"dateModified\":\"2025-01-15T17:58:38+00:00\",\"description\":\"Accidente fatal en Bernardo Quintana joven franelero pierde la vida\",\"breadcrumb\":{\"@id\":\"https:\/\/www.nexoinformativo.mx\/index.php\/2025\/01\/15\/accidente-fatal-en-bernardo-quintana-joven-franelero-pierde-la-vida\/#breadcrumb\"},\"inLanguage\":\"es\",\"potentialAction\":[{\"@type\":\"ReadAction\",\"target\":[\"https:\/\/www.nexoinformativo.mx\/index.php\/2025\/01\/15\/accidente-fatal-en-bernardo-quintana-joven-franelero-pierde-la-vida\/\"]}]},{\"@type\":\"ImageObject\",\"inLanguage\":\"es\",\"@id\":\"https:\/\/www.nexoinformativo.mx\/index.php\/2025\/01\/15\/accidente-fatal-en-bernardo-quintana-joven-franelero-pierde-la-vida\/#primaryimage\",\"url\":\"https:\/\/www.nexoinformativo.mx\/wp-content\/uploads\/2025\/01\/IMG_9270-e1736963851104.jpg\",\"contentUrl\":\"https:\/\/www.nexoinformativo.mx\/wp-content\/uploads\/2025\/01\/IMG_9270-e1736963851104.jpg\",\"width\":700,\"height\":438,\"caption\":\"Screenshot\"},{\"@type\":\"BreadcrumbList\",\"@id\":\"https:\/\/www.nexoinformativo.mx\/index.php\/2025\/01\/15\/accidente-fatal-en-bernardo-quintana-joven-franelero-pierde-la-vida\/#breadcrumb\",\"itemListElement\":[{\"@type\":\"ListItem\",\"position\":1,\"name\":\"Inicio\",\"item\":\"https:\/\/www.nexoinformativo.mx\/\"},{\"@type\":\"ListItem\",\"position\":2,\"name\":\"Accidente fatal en Bernardo Quintana joven franelero pierde la vida\"}]},{\"@type\":\"WebSite\",\"@id\":\"https:\/\/www.nexoinformativo.mx\/#website\",\"url\":\"https:\/\/www.nexoinformativo.mx\/\",\"name\":\"Nexo Informativo Santiago de Quer\u00e9taro\",\"description\":\"Explora NexoInformativo y convi\u00e9rtete en parte de una comunidad que valora el conocimiento y la verdad. Tu nexoinformativo es tu puente hacia una comprensi\u00f3n m\u00e1s profunda del mundo que te rodea.\",\"publisher\":{\"@id\":\"https:\/\/www.nexoinformativo.mx\/#organization\"},\"potentialAction\":[{\"@type\":\"SearchAction\",\"target\":{\"@type\":\"EntryPoint\",\"urlTemplate\":\"https:\/\/www.nexoinformativo.mx\/?s={search_term_string}\"},\"query-input\":{\"@type\":\"PropertyValueSpecification\",\"valueRequired\":true,\"valueName\":\"search_term_string\"}}],\"inLanguage\":\"es\"},{\"@type\":\"Organization\",\"@id\":\"https:\/\/www.nexoinformativo.mx\/#organization\",\"name\":\"Nexo Informativo Santiago de Quer\u00e9taro\",\"url\":\"https:\/\/www.nexoinformativo.mx\/\",\"logo\":{\"@type\":\"ImageObject\",\"inLanguage\":\"es\",\"@id\":\"https:\/\/www.nexoinformativo.mx\/#\/schema\/logo\/image\/\",\"url\":\"https:\/\/www.nexoinformativo.mx\/wp-content\/uploads\/2024\/07\/nexoi-trasparente-2.png\",\"contentUrl\":\"https:\/\/www.nexoinformativo.mx\/wp-content\/uploads\/2024\/07\/nexoi-trasparente-2.png\",\"width\":816,\"height\":339,\"caption\":\"Nexo Informativo Santiago de Quer\u00e9taro\"},\"image\":{\"@id\":\"https:\/\/www.nexoinformativo.mx\/#\/schema\/logo\/image\/\"},\"sameAs\":[\"https:\/\/www.facebook.com\/people\/Nexo-Informativo\/61564066885511\/\"]},{\"@type\":\"Person\",\"@id\":\"https:\/\/www.nexoinformativo.mx\/#\/schema\/person\/7749d380ba08c8ca00d7bc76fd907b7d\",\"name\":\"Nexo Informativo\",\"image\":{\"@type\":\"ImageObject\",\"inLanguage\":\"es\",\"@id\":\"https:\/\/www.nexoinformativo.mx\/#\/schema\/person\/image\/\",\"url\":\"https:\/\/secure.gravatar.com\/avatar\/dde2928154642a13d95f87ddf1ea9718fe2b46760a005c53e41ff5ad610704e6?s=96&d=mm&r=g\",\"contentUrl\":\"https:\/\/secure.gravatar.com\/avatar\/dde2928154642a13d95f87ddf1ea9718fe2b46760a005c53e41ff5ad610704e6?s=96&d=mm&r=g\",\"caption\":\"Nexo Informativo\"},\"url\":\"https:\/\/www.nexoinformativo.mx\/index.php\/author\/edicion\/\"}]}<\/script>\n<!-- \/ Yoast SEO plugin. -->","yoast_head_json":{"title":"Accidente fatal en Bernardo Quintana joven franelero pierde la vida | Nexo Informativo Santiago de Quer\u00e9taro","description":"Accidente fatal en Bernardo Quintana joven franelero pierde la vida","robots":{"index":"index","follow":"follow","max-snippet":"max-snippet:-1","max-image-preview":"max-image-preview:large","max-video-preview":"max-video-preview:-1"},"canonical":"https:\/\/www.nexoinformativo.mx\/index.php\/2025\/01\/15\/accidente-fatal-en-bernardo-quintana-joven-franelero-pierde-la-vida\/","og_locale":"es_MX","og_type":"article","og_title":"Accidente fatal en Bernardo Quintana joven franelero pierde la vida | Nexo Informativo Santiago de Quer\u00e9taro","og_description":"Accidente fatal en Bernardo Quintana joven franelero pierde la vida","og_url":"https:\/\/www.nexoinformativo.mx\/index.php\/2025\/01\/15\/accidente-fatal-en-bernardo-quintana-joven-franelero-pierde-la-vida\/","og_site_name":"Nexo Informativo Santiago de Quer\u00e9taro","article_publisher":"https:\/\/www.facebook.com\/people\/Nexo-Informativo\/61564066885511\/","article_published_time":"2025-01-15T14:30:00+00:00","article_modified_time":"2025-01-15T17:58:38+00:00","og_image":[{"width":700,"height":438,"url":"https:\/\/www.nexoinformativo.mx\/wp-content\/uploads\/2025\/01\/IMG_9270-e1736963851104.jpg","type":"image\/jpeg"}],"author":"Nexo Informativo","twitter_card":"summary_large_image","twitter_misc":{"Escrito por":"Nexo Informativo","Tiempo de lectura":"2 minutos"},"schema":{"@context":"https:\/\/schema.org","@graph":[{"@type":"Article","@id":"https:\/\/www.nexoinformativo.mx\/index.php\/2025\/01\/15\/accidente-fatal-en-bernardo-quintana-joven-franelero-pierde-la-vida\/#article","isPartOf":{"@id":"https:\/\/www.nexoinformativo.mx\/index.php\/2025\/01\/15\/accidente-fatal-en-bernardo-quintana-joven-franelero-pierde-la-vida\/"},"author":{"name":"Nexo Informativo","@id":"https:\/\/www.nexoinformativo.mx\/#\/schema\/person\/7749d380ba08c8ca00d7bc76fd907b7d"},"headline":"Accidente fatal en Bernardo Quintana joven franelero pierde la vida","datePublished":"2025-01-15T14:30:00+00:00","dateModified":"2025-01-15T17:58:38+00:00","mainEntityOfPage":{"@id":"https:\/\/www.nexoinformativo.mx\/index.php\/2025\/01\/15\/accidente-fatal-en-bernardo-quintana-joven-franelero-pierde-la-vida\/"},"wordCount":201,"commentCount":0,"publisher":{"@id":"https:\/\/www.nexoinformativo.mx\/#organization"},"image":{"@id":"https:\/\/www.nexoinformativo.mx\/index.php\/2025\/01\/15\/accidente-fatal-en-bernardo-quintana-joven-franelero-pierde-la-vida\/#primaryimage"},"thumbnailUrl":"https:\/\/www.nexoinformativo.mx\/wp-content\/uploads\/2025\/01\/IMG_9270-e1736963851104.jpg","keywords":["AccidenteVial","BernardoQuintana","Quer\u00e9taro","seguridadvial"],"articleSection":["Sucesos","\u00daltima Hora"],"inLanguage":"es","potentialAction":[{"@type":"CommentAction","name":"Comment","target":["https:\/\/www.nexoinformativo.mx\/index.php\/2025\/01\/15\/accidente-fatal-en-bernardo-quintana-joven-franelero-pierde-la-vida\/#respond"]}]},{"@type":"WebPage","@id":"https:\/\/www.nexoinformativo.mx\/index.php\/2025\/01\/15\/accidente-fatal-en-bernardo-quintana-joven-franelero-pierde-la-vida\/","url":"https:\/\/www.nexoinformativo.mx\/index.php\/2025\/01\/15\/accidente-fatal-en-bernardo-quintana-joven-franelero-pierde-la-vida\/","name":"Accidente fatal en Bernardo Quintana joven franelero pierde la vida | Nexo Informativo Santiago de Quer\u00e9taro","isPartOf":{"@id":"https:\/\/www.nexoinformativo.mx\/#website"},"primaryImageOfPage":{"@id":"https:\/\/www.nexoinformativo.mx\/index.php\/2025\/01\/15\/accidente-fatal-en-bernardo-quintana-joven-franelero-pierde-la-vida\/#primaryimage"},"image":{"@id":"https:\/\/www.nexoinformativo.mx\/index.php\/2025\/01\/15\/accidente-fatal-en-bernardo-quintana-joven-franelero-pierde-la-vida\/#primaryimage"},"thumbnailUrl":"https:\/\/www.nexoinformativo.mx\/wp-content\/uploads\/2025\/01\/IMG_9270-e1736963851104.jpg","datePublished":"2025-01-15T14:30:00+00:00","dateModified":"2025-01-15T17:58:38+00:00","description":"Accidente fatal en Bernardo Quintana joven franelero pierde la vida","breadcrumb":{"@id":"https:\/\/www.nexoinformativo.mx\/index.php\/2025\/01\/15\/accidente-fatal-en-bernardo-quintana-joven-franelero-pierde-la-vida\/#breadcrumb"},"inLanguage":"es","potentialAction":[{"@type":"ReadAction","target":["https:\/\/www.nexoinformativo.mx\/index.php\/2025\/01\/15\/accidente-fatal-en-bernardo-quintana-joven-franelero-pierde-la-vida\/"]}]},{"@type":"ImageObject","inLanguage":"es","@id":"https:\/\/www.nexoinformativo.mx\/index.php\/2025\/01\/15\/accidente-fatal-en-bernardo-quintana-joven-franelero-pierde-la-vida\/#primaryimage","url":"https:\/\/www.nexoinformativo.mx\/wp-content\/uploads\/2025\/01\/IMG_9270-e1736963851104.jpg","contentUrl":"https:\/\/www.nexoinformativo.mx\/wp-content\/uploads\/2025\/01\/IMG_9270-e1736963851104.jpg","width":700,"height":438,"caption":"Screenshot"},{"@type":"BreadcrumbList","@id":"https:\/\/www.nexoinformativo.mx\/index.php\/2025\/01\/15\/accidente-fatal-en-bernardo-quintana-joven-franelero-pierde-la-vida\/#breadcrumb","itemListElement":[{"@type":"ListItem","position":1,"name":"Inicio","item":"https:\/\/www.nexoinformativo.mx\/"},{"@type":"ListItem","position":2,"name":"Accidente fatal en Bernardo Quintana joven franelero pierde la vida"}]},{"@type":"WebSite","@id":"https:\/\/www.nexoinformativo.mx\/#website","url":"https:\/\/www.nexoinformativo.mx\/","name":"Nexo Informativo Santiago de Quer\u00e9taro","description":"Explora NexoInformativo y convi\u00e9rtete en parte de una comunidad que valora el conocimiento y la verdad. Tu nexoinformativo es tu puente hacia una comprensi\u00f3n m\u00e1s profunda del mundo que te rodea.","publisher":{"@id":"https:\/\/www.nexoinformativo.mx\/#organization"},"potentialAction":[{"@type":"SearchAction","target":{"@type":"EntryPoint","urlTemplate":"https:\/\/www.nexoinformativo.mx\/?s={search_term_string}"},"query-input":{"@type":"PropertyValueSpecification","valueRequired":true,"valueName":"search_term_string"}}],"inLanguage":"es"},{"@type":"Organization","@id":"https:\/\/www.nexoinformativo.mx\/#organization","name":"Nexo Informativo Santiago de Quer\u00e9taro","url":"https:\/\/www.nexoinformativo.mx\/","logo":{"@type":"ImageObject","inLanguage":"es","@id":"https:\/\/www.nexoinformativo.mx\/#\/schema\/logo\/image\/","url":"https:\/\/www.nexoinformativo.mx\/wp-content\/uploads\/2024\/07\/nexoi-trasparente-2.png","contentUrl":"https:\/\/www.nexoinformativo.mx\/wp-content\/uploads\/2024\/07\/nexoi-trasparente-2.png","width":816,"height":339,"caption":"Nexo Informativo Santiago de Quer\u00e9taro"},"image":{"@id":"https:\/\/www.nexoinformativo.mx\/#\/schema\/logo\/image\/"},"sameAs":["https:\/\/www.facebook.com\/people\/Nexo-Informativo\/61564066885511\/"]},{"@type":"Person","@id":"https:\/\/www.nexoinformativo.mx\/#\/schema\/person\/7749d380ba08c8ca00d7bc76fd907b7d","name":"Nexo Informativo","image":{"@type":"ImageObject","inLanguage":"es","@id":"https:\/\/www.nexoinformativo.mx\/#\/schema\/person\/image\/","url":"https:\/\/secure.gravatar.com\/avatar\/dde2928154642a13d95f87ddf1ea9718fe2b46760a005c53e41ff5ad610704e6?s=96&d=mm&r=g","contentUrl":"https:\/\/secure.gravatar.com\/avatar\/dde2928154642a13d95f87ddf1ea9718fe2b46760a005c53e41ff5ad610704e6?s=96&d=mm&r=g","caption":"Nexo Informativo"},"url":"https:\/\/www.nexoinformativo.mx\/index.php\/author\/edicion\/"}]}},"_links":{"self":[{"href":"https:\/\/www.nexoinformativo.mx\/index.php\/wp-json\/wp\/v2\/posts\/9909","targetHints":{"allow":["GET"]}}],"collection":[{"href":"https:\/\/www.nexoinformativo.mx\/index.php\/wp-json\/wp\/v2\/posts"}],"about":[{"href":"https:\/\/www.nexoinformativo.mx\/index.php\/wp-json\/wp\/v2\/types\/post"}],"author":[{"embeddable":true,"href":"https:\/\/www.nexoinformativo.mx\/index.php\/wp-json\/wp\/v2\/users\/3"}],"replies":[{"embeddable":true,"href":"https:\/\/www.nexoinformativo.mx\/index.php\/wp-json\/wp\/v2\/comments?post=9909"}],"version-history":[{"count":5,"href":"https:\/\/www.nexoinformativo.mx\/index.php\/wp-json\/wp\/v2\/posts\/9909\/revisions"}],"predecessor-version":[{"id":9915,"href":"https:\/\/www.nexoinformativo.mx\/index.php\/wp-json\/wp\/v2\/posts\/9909\/revisions\/9915"}],"wp:featuredmedia":[{"embeddable":true,"href":"https:\/\/www.nexoinformativo.mx\/index.php\/wp-json\/wp\/v2\/media\/9911"}],"wp:attachment":[{"href":"https:\/\/www.nexoinformativo.mx\/index.php\/wp-json\/wp\/v2\/media?parent=9909"}],"wp:term":[{"taxonomy":"category","embeddable":true,"href":"https:\/\/www.nexoinformativo.mx\/index.php\/wp-json\/wp\/v2\/categories?post=9909"},{"taxonomy":"post_tag","embeddable":true,"href":"https:\/\/www.nexoinformativo.mx\/index.php\/wp-json\/wp\/v2\/tags?post=9909"}],"curies":[{"name":"wp","href":"https:\/\/api.w.org\/{rel}","templated":true}]}}