{"id":9916,"date":"2025-01-15T09:30:43","date_gmt":"2025-01-15T15:30:43","guid":{"rendered":"https:\/\/www.nexoinformativo.mx\/?p=9916"},"modified":"2025-01-15T12:19:06","modified_gmt":"2025-01-15T18:19:06","slug":"queretaro-apuesta-por-la-movilidad-sustentable-qrobici-se-expande","status":"publish","type":"post","link":"https:\/\/www.nexoinformativo.mx\/index.php\/2025\/01\/15\/queretaro-apuesta-por-la-movilidad-sustentable-qrobici-se-expande\/","title":{"rendered":"Quer\u00e9taro apuesta por la movilidad sustentable Qrobici se expande"},"content":{"rendered":"<p style=\"text-align: justify;\" data-sourcepos=\"11:1-11:312\">El municipio de Quer\u00e9taro se consolida como un referente en movilidad sustentable. El presidente municipal, Felifer Mac\u00edas, anunci\u00f3 una inversi\u00f3n de 12 millones de pesos para duplicar el n\u00famero de bicicletas del sistema Qrobici e incorporar nuevas unidades el\u00e9ctricas.<\/p>\n<p>&nbsp;<\/p>\n<p style=\"text-align: justify;\" data-sourcepos=\"13:1-13:318\">Con esta iniciativa, se busca promover el uso de la bicicleta como medio de transporte alternativo, reducir la congesti\u00f3n vehicular y mejorar la calidad del aire. La meta es alcanzar las mil 200 bicicletas, de las cuales una buena parte ser\u00e1n el\u00e9ctricas, ofreciendo una opci\u00f3n m\u00e1s c\u00f3moda y eficiente para los usuarios.<\/p>\n<p>&nbsp;<\/p>\n<p style=\"text-align: justify;\" data-sourcepos=\"15:1-15:325\">La integraci\u00f3n de las nuevas bicicletas y su conexi\u00f3n con el sistema Qrobus se realizar\u00e1 de manera gradual, con el objetivo de tener todo listo para el verano de 2025. A\u00fan no se han definido las tarifas para este nuevo servicio, pero se trabaja en coordinaci\u00f3n con Qrobus para ofrecer una experiencia integral a los usuarios.<\/p>\n<p>&nbsp;<\/p>\n<p style=\"text-align: justify;\" data-sourcepos=\"17:1-17:289\"><strong>&#8220;Queremos que Qrobici sea una opci\u00f3n atractiva y accesible para todos los queretanos&#8221;<\/strong>, afirm\u00f3 el alcalde Mac\u00edas Olvera. &#8220;La movilidad sustentable es una prioridad para nuestro gobierno, y estamos convencidos de que este proyecto contribuir\u00e1 a mejorar la calidad de vida de los ciudadanos&#8221;.<\/p>\n<p>&nbsp;<\/p>\n<p style=\"text-align: justify;\" data-sourcepos=\"19:1-19:202\">Adem\u00e1s de la expansi\u00f3n del sistema Qrobici, el municipio tambi\u00e9n se compromete a mejorar el mantenimiento de las ciclov\u00edas existentes, trabajando en estrecha colaboraci\u00f3n con las asociaciones ciclistas.<\/p>\n<p>&nbsp;<\/p>\n<p style=\"text-align: center;\" data-sourcepos=\"19:1-19:202\"><em><strong>\u00a1Informaci\u00f3n que transforma!<\/strong><\/em><\/p>\n","protected":false},"excerpt":{"rendered":"<p>El municipio de Quer\u00e9taro se consolida como un referente en movilidad sustentable. El presidente municipal, Felifer Mac\u00edas, anunci\u00f3 una inversi\u00f3n de 12 millones de pesos para duplicar el n\u00famero de bicicletas del sistema Qrobici e incorporar nuevas unidades el\u00e9ctricas.<\/p>\n","protected":false},"author":3,"featured_media":9917,"comment_status":"open","ping_status":"open","sticky":false,"template":"","format":"standard","meta":{"footnotes":""},"categories":[65,58],"tags":[3111,756,3110,133],"class_list":["post-9916","post","type-post","status-publish","format-standard","has-post-thumbnail","hentry","category-municipios","category-ultima-hora","tag-bicicletaelectrica","tag-movilidadsustentable","tag-qrobici","tag-queretaro"],"yoast_head":"<!-- This site is optimized with the Yoast SEO plugin v25.0 - https:\/\/yoast.com\/wordpress\/plugins\/seo\/ -->\n<title>Quer\u00e9taro apuesta por la movilidad sustentable Qrobici se expande | Nexo Informativo Santiago de Quer\u00e9taro<\/title>\n<meta name=\"description\" content=\"Quer\u00e9taro apuesta por la movilidad sustentable Qrobici se expande\" \/>\n<meta name=\"robots\" content=\"index, follow, max-snippet:-1, max-image-preview:large, max-video-preview:-1\" \/>\n<link rel=\"canonical\" href=\"https:\/\/www.nexoinformativo.mx\/index.php\/2025\/01\/15\/queretaro-apuesta-por-la-movilidad-sustentable-qrobici-se-expande\/\" \/>\n<meta property=\"og:locale\" content=\"es_MX\" \/>\n<meta property=\"og:type\" content=\"article\" \/>\n<meta property=\"og:title\" content=\"Quer\u00e9taro apuesta por la movilidad sustentable Qrobici se expande | Nexo Informativo Santiago de Quer\u00e9taro\" \/>\n<meta property=\"og:description\" content=\"Quer\u00e9taro apuesta por la movilidad sustentable Qrobici se expande\" \/>\n<meta property=\"og:url\" content=\"https:\/\/www.nexoinformativo.mx\/index.php\/2025\/01\/15\/queretaro-apuesta-por-la-movilidad-sustentable-qrobici-se-expande\/\" \/>\n<meta property=\"og:site_name\" content=\"Nexo Informativo Santiago de Quer\u00e9taro\" \/>\n<meta property=\"article:publisher\" content=\"https:\/\/www.facebook.com\/people\/Nexo-Informativo\/61564066885511\/\" \/>\n<meta property=\"article:published_time\" content=\"2025-01-15T15:30:43+00:00\" \/>\n<meta property=\"article:modified_time\" content=\"2025-01-15T18:19:06+00:00\" \/>\n<meta property=\"og:image\" content=\"https:\/\/www.nexoinformativo.mx\/wp-content\/uploads\/2025\/01\/9783bb69-0fc6-4ebe-8546-7d4197a40ec5-e1736965063407.jpg\" \/>\n\t<meta property=\"og:image:width\" content=\"800\" \/>\n\t<meta property=\"og:image:height\" content=\"1067\" \/>\n\t<meta property=\"og:image:type\" content=\"image\/jpeg\" \/>\n<meta name=\"author\" content=\"Nexo Informativo\" \/>\n<meta name=\"twitter:card\" content=\"summary_large_image\" \/>\n<meta name=\"twitter:label1\" content=\"Escrito por\" \/>\n\t<meta name=\"twitter:data1\" content=\"Nexo Informativo\" \/>\n\t<meta name=\"twitter:label2\" content=\"Tiempo de lectura\" \/>\n\t<meta name=\"twitter:data2\" content=\"2 minutos\" \/>\n<script type=\"application\/ld+json\" class=\"yoast-schema-graph\">{\"@context\":\"https:\/\/schema.org\",\"@graph\":[{\"@type\":\"Article\",\"@id\":\"https:\/\/www.nexoinformativo.mx\/index.php\/2025\/01\/15\/queretaro-apuesta-por-la-movilidad-sustentable-qrobici-se-expande\/#article\",\"isPartOf\":{\"@id\":\"https:\/\/www.nexoinformativo.mx\/index.php\/2025\/01\/15\/queretaro-apuesta-por-la-movilidad-sustentable-qrobici-se-expande\/\"},\"author\":{\"name\":\"Nexo Informativo\",\"@id\":\"https:\/\/www.nexoinformativo.mx\/#\/schema\/person\/7749d380ba08c8ca00d7bc76fd907b7d\"},\"headline\":\"Quer\u00e9taro apuesta por la movilidad sustentable Qrobici se expande\",\"datePublished\":\"2025-01-15T15:30:43+00:00\",\"dateModified\":\"2025-01-15T18:19:06+00:00\",\"mainEntityOfPage\":{\"@id\":\"https:\/\/www.nexoinformativo.mx\/index.php\/2025\/01\/15\/queretaro-apuesta-por-la-movilidad-sustentable-qrobici-se-expande\/\"},\"wordCount\":257,\"commentCount\":0,\"publisher\":{\"@id\":\"https:\/\/www.nexoinformativo.mx\/#organization\"},\"image\":{\"@id\":\"https:\/\/www.nexoinformativo.mx\/index.php\/2025\/01\/15\/queretaro-apuesta-por-la-movilidad-sustentable-qrobici-se-expande\/#primaryimage\"},\"thumbnailUrl\":\"https:\/\/www.nexoinformativo.mx\/wp-content\/uploads\/2025\/01\/9783bb69-0fc6-4ebe-8546-7d4197a40ec5-e1736965063407.jpg\",\"keywords\":[\"BicicletaElectrica\",\"MovilidadSustentable\",\"Qrobici\",\"Quer\u00e9taro\"],\"articleSection\":[\"Municipios\",\"\u00daltima Hora\"],\"inLanguage\":\"es\",\"potentialAction\":[{\"@type\":\"CommentAction\",\"name\":\"Comment\",\"target\":[\"https:\/\/www.nexoinformativo.mx\/index.php\/2025\/01\/15\/queretaro-apuesta-por-la-movilidad-sustentable-qrobici-se-expande\/#respond\"]}]},{\"@type\":\"WebPage\",\"@id\":\"https:\/\/www.nexoinformativo.mx\/index.php\/2025\/01\/15\/queretaro-apuesta-por-la-movilidad-sustentable-qrobici-se-expande\/\",\"url\":\"https:\/\/www.nexoinformativo.mx\/index.php\/2025\/01\/15\/queretaro-apuesta-por-la-movilidad-sustentable-qrobici-se-expande\/\",\"name\":\"Quer\u00e9taro apuesta por la movilidad sustentable Qrobici se expande | Nexo Informativo Santiago de Quer\u00e9taro\",\"isPartOf\":{\"@id\":\"https:\/\/www.nexoinformativo.mx\/#website\"},\"primaryImageOfPage\":{\"@id\":\"https:\/\/www.nexoinformativo.mx\/index.php\/2025\/01\/15\/queretaro-apuesta-por-la-movilidad-sustentable-qrobici-se-expande\/#primaryimage\"},\"image\":{\"@id\":\"https:\/\/www.nexoinformativo.mx\/index.php\/2025\/01\/15\/queretaro-apuesta-por-la-movilidad-sustentable-qrobici-se-expande\/#primaryimage\"},\"thumbnailUrl\":\"https:\/\/www.nexoinformativo.mx\/wp-content\/uploads\/2025\/01\/9783bb69-0fc6-4ebe-8546-7d4197a40ec5-e1736965063407.jpg\",\"datePublished\":\"2025-01-15T15:30:43+00:00\",\"dateModified\":\"2025-01-15T18:19:06+00:00\",\"description\":\"Quer\u00e9taro apuesta por la movilidad sustentable Qrobici se expande\",\"breadcrumb\":{\"@id\":\"https:\/\/www.nexoinformativo.mx\/index.php\/2025\/01\/15\/queretaro-apuesta-por-la-movilidad-sustentable-qrobici-se-expande\/#breadcrumb\"},\"inLanguage\":\"es\",\"potentialAction\":[{\"@type\":\"ReadAction\",\"target\":[\"https:\/\/www.nexoinformativo.mx\/index.php\/2025\/01\/15\/queretaro-apuesta-por-la-movilidad-sustentable-qrobici-se-expande\/\"]}]},{\"@type\":\"ImageObject\",\"inLanguage\":\"es\",\"@id\":\"https:\/\/www.nexoinformativo.mx\/index.php\/2025\/01\/15\/queretaro-apuesta-por-la-movilidad-sustentable-qrobici-se-expande\/#primaryimage\",\"url\":\"https:\/\/www.nexoinformativo.mx\/wp-content\/uploads\/2025\/01\/9783bb69-0fc6-4ebe-8546-7d4197a40ec5-e1736965063407.jpg\",\"contentUrl\":\"https:\/\/www.nexoinformativo.mx\/wp-content\/uploads\/2025\/01\/9783bb69-0fc6-4ebe-8546-7d4197a40ec5-e1736965063407.jpg\",\"width\":800,\"height\":1067},{\"@type\":\"BreadcrumbList\",\"@id\":\"https:\/\/www.nexoinformativo.mx\/index.php\/2025\/01\/15\/queretaro-apuesta-por-la-movilidad-sustentable-qrobici-se-expande\/#breadcrumb\",\"itemListElement\":[{\"@type\":\"ListItem\",\"position\":1,\"name\":\"Inicio\",\"item\":\"https:\/\/www.nexoinformativo.mx\/\"},{\"@type\":\"ListItem\",\"position\":2,\"name\":\"Quer\u00e9taro apuesta por la movilidad sustentable Qrobici se expande\"}]},{\"@type\":\"WebSite\",\"@id\":\"https:\/\/www.nexoinformativo.mx\/#website\",\"url\":\"https:\/\/www.nexoinformativo.mx\/\",\"name\":\"Nexo Informativo Santiago de Quer\u00e9taro\",\"description\":\"Explora NexoInformativo y convi\u00e9rtete en parte de una comunidad que valora el conocimiento y la verdad. Tu nexoinformativo es tu puente hacia una comprensi\u00f3n m\u00e1s profunda del mundo que te rodea.\",\"publisher\":{\"@id\":\"https:\/\/www.nexoinformativo.mx\/#organization\"},\"potentialAction\":[{\"@type\":\"SearchAction\",\"target\":{\"@type\":\"EntryPoint\",\"urlTemplate\":\"https:\/\/www.nexoinformativo.mx\/?s={search_term_string}\"},\"query-input\":{\"@type\":\"PropertyValueSpecification\",\"valueRequired\":true,\"valueName\":\"search_term_string\"}}],\"inLanguage\":\"es\"},{\"@type\":\"Organization\",\"@id\":\"https:\/\/www.nexoinformativo.mx\/#organization\",\"name\":\"Nexo Informativo Santiago de Quer\u00e9taro\",\"url\":\"https:\/\/www.nexoinformativo.mx\/\",\"logo\":{\"@type\":\"ImageObject\",\"inLanguage\":\"es\",\"@id\":\"https:\/\/www.nexoinformativo.mx\/#\/schema\/logo\/image\/\",\"url\":\"https:\/\/www.nexoinformativo.mx\/wp-content\/uploads\/2024\/07\/nexoi-trasparente-2.png\",\"contentUrl\":\"https:\/\/www.nexoinformativo.mx\/wp-content\/uploads\/2024\/07\/nexoi-trasparente-2.png\",\"width\":816,\"height\":339,\"caption\":\"Nexo Informativo Santiago de Quer\u00e9taro\"},\"image\":{\"@id\":\"https:\/\/www.nexoinformativo.mx\/#\/schema\/logo\/image\/\"},\"sameAs\":[\"https:\/\/www.facebook.com\/people\/Nexo-Informativo\/61564066885511\/\"]},{\"@type\":\"Person\",\"@id\":\"https:\/\/www.nexoinformativo.mx\/#\/schema\/person\/7749d380ba08c8ca00d7bc76fd907b7d\",\"name\":\"Nexo Informativo\",\"image\":{\"@type\":\"ImageObject\",\"inLanguage\":\"es\",\"@id\":\"https:\/\/www.nexoinformativo.mx\/#\/schema\/person\/image\/\",\"url\":\"https:\/\/secure.gravatar.com\/avatar\/dde2928154642a13d95f87ddf1ea9718fe2b46760a005c53e41ff5ad610704e6?s=96&d=mm&r=g\",\"contentUrl\":\"https:\/\/secure.gravatar.com\/avatar\/dde2928154642a13d95f87ddf1ea9718fe2b46760a005c53e41ff5ad610704e6?s=96&d=mm&r=g\",\"caption\":\"Nexo Informativo\"},\"url\":\"https:\/\/www.nexoinformativo.mx\/index.php\/author\/edicion\/\"}]}<\/script>\n<!-- \/ Yoast SEO plugin. -->","yoast_head_json":{"title":"Quer\u00e9taro apuesta por la movilidad sustentable Qrobici se expande | Nexo Informativo Santiago de Quer\u00e9taro","description":"Quer\u00e9taro apuesta por la movilidad sustentable Qrobici se expande","robots":{"index":"index","follow":"follow","max-snippet":"max-snippet:-1","max-image-preview":"max-image-preview:large","max-video-preview":"max-video-preview:-1"},"canonical":"https:\/\/www.nexoinformativo.mx\/index.php\/2025\/01\/15\/queretaro-apuesta-por-la-movilidad-sustentable-qrobici-se-expande\/","og_locale":"es_MX","og_type":"article","og_title":"Quer\u00e9taro apuesta por la movilidad sustentable Qrobici se expande | Nexo Informativo Santiago de Quer\u00e9taro","og_description":"Quer\u00e9taro apuesta por la movilidad sustentable Qrobici se expande","og_url":"https:\/\/www.nexoinformativo.mx\/index.php\/2025\/01\/15\/queretaro-apuesta-por-la-movilidad-sustentable-qrobici-se-expande\/","og_site_name":"Nexo Informativo Santiago de Quer\u00e9taro","article_publisher":"https:\/\/www.facebook.com\/people\/Nexo-Informativo\/61564066885511\/","article_published_time":"2025-01-15T15:30:43+00:00","article_modified_time":"2025-01-15T18:19:06+00:00","og_image":[{"width":800,"height":1067,"url":"https:\/\/www.nexoinformativo.mx\/wp-content\/uploads\/2025\/01\/9783bb69-0fc6-4ebe-8546-7d4197a40ec5-e1736965063407.jpg","type":"image\/jpeg"}],"author":"Nexo Informativo","twitter_card":"summary_large_image","twitter_misc":{"Escrito por":"Nexo Informativo","Tiempo de lectura":"2 minutos"},"schema":{"@context":"https:\/\/schema.org","@graph":[{"@type":"Article","@id":"https:\/\/www.nexoinformativo.mx\/index.php\/2025\/01\/15\/queretaro-apuesta-por-la-movilidad-sustentable-qrobici-se-expande\/#article","isPartOf":{"@id":"https:\/\/www.nexoinformativo.mx\/index.php\/2025\/01\/15\/queretaro-apuesta-por-la-movilidad-sustentable-qrobici-se-expande\/"},"author":{"name":"Nexo Informativo","@id":"https:\/\/www.nexoinformativo.mx\/#\/schema\/person\/7749d380ba08c8ca00d7bc76fd907b7d"},"headline":"Quer\u00e9taro apuesta por la movilidad sustentable Qrobici se expande","datePublished":"2025-01-15T15:30:43+00:00","dateModified":"2025-01-15T18:19:06+00:00","mainEntityOfPage":{"@id":"https:\/\/www.nexoinformativo.mx\/index.php\/2025\/01\/15\/queretaro-apuesta-por-la-movilidad-sustentable-qrobici-se-expande\/"},"wordCount":257,"commentCount":0,"publisher":{"@id":"https:\/\/www.nexoinformativo.mx\/#organization"},"image":{"@id":"https:\/\/www.nexoinformativo.mx\/index.php\/2025\/01\/15\/queretaro-apuesta-por-la-movilidad-sustentable-qrobici-se-expande\/#primaryimage"},"thumbnailUrl":"https:\/\/www.nexoinformativo.mx\/wp-content\/uploads\/2025\/01\/9783bb69-0fc6-4ebe-8546-7d4197a40ec5-e1736965063407.jpg","keywords":["BicicletaElectrica","MovilidadSustentable","Qrobici","Quer\u00e9taro"],"articleSection":["Municipios","\u00daltima Hora"],"inLanguage":"es","potentialAction":[{"@type":"CommentAction","name":"Comment","target":["https:\/\/www.nexoinformativo.mx\/index.php\/2025\/01\/15\/queretaro-apuesta-por-la-movilidad-sustentable-qrobici-se-expande\/#respond"]}]},{"@type":"WebPage","@id":"https:\/\/www.nexoinformativo.mx\/index.php\/2025\/01\/15\/queretaro-apuesta-por-la-movilidad-sustentable-qrobici-se-expande\/","url":"https:\/\/www.nexoinformativo.mx\/index.php\/2025\/01\/15\/queretaro-apuesta-por-la-movilidad-sustentable-qrobici-se-expande\/","name":"Quer\u00e9taro apuesta por la movilidad sustentable Qrobici se expande | Nexo Informativo Santiago de Quer\u00e9taro","isPartOf":{"@id":"https:\/\/www.nexoinformativo.mx\/#website"},"primaryImageOfPage":{"@id":"https:\/\/www.nexoinformativo.mx\/index.php\/2025\/01\/15\/queretaro-apuesta-por-la-movilidad-sustentable-qrobici-se-expande\/#primaryimage"},"image":{"@id":"https:\/\/www.nexoinformativo.mx\/index.php\/2025\/01\/15\/queretaro-apuesta-por-la-movilidad-sustentable-qrobici-se-expande\/#primaryimage"},"thumbnailUrl":"https:\/\/www.nexoinformativo.mx\/wp-content\/uploads\/2025\/01\/9783bb69-0fc6-4ebe-8546-7d4197a40ec5-e1736965063407.jpg","datePublished":"2025-01-15T15:30:43+00:00","dateModified":"2025-01-15T18:19:06+00:00","description":"Quer\u00e9taro apuesta por la movilidad sustentable Qrobici se expande","breadcrumb":{"@id":"https:\/\/www.nexoinformativo.mx\/index.php\/2025\/01\/15\/queretaro-apuesta-por-la-movilidad-sustentable-qrobici-se-expande\/#breadcrumb"},"inLanguage":"es","potentialAction":[{"@type":"ReadAction","target":["https:\/\/www.nexoinformativo.mx\/index.php\/2025\/01\/15\/queretaro-apuesta-por-la-movilidad-sustentable-qrobici-se-expande\/"]}]},{"@type":"ImageObject","inLanguage":"es","@id":"https:\/\/www.nexoinformativo.mx\/index.php\/2025\/01\/15\/queretaro-apuesta-por-la-movilidad-sustentable-qrobici-se-expande\/#primaryimage","url":"https:\/\/www.nexoinformativo.mx\/wp-content\/uploads\/2025\/01\/9783bb69-0fc6-4ebe-8546-7d4197a40ec5-e1736965063407.jpg","contentUrl":"https:\/\/www.nexoinformativo.mx\/wp-content\/uploads\/2025\/01\/9783bb69-0fc6-4ebe-8546-7d4197a40ec5-e1736965063407.jpg","width":800,"height":1067},{"@type":"BreadcrumbList","@id":"https:\/\/www.nexoinformativo.mx\/index.php\/2025\/01\/15\/queretaro-apuesta-por-la-movilidad-sustentable-qrobici-se-expande\/#breadcrumb","itemListElement":[{"@type":"ListItem","position":1,"name":"Inicio","item":"https:\/\/www.nexoinformativo.mx\/"},{"@type":"ListItem","position":2,"name":"Quer\u00e9taro apuesta por la movilidad sustentable Qrobici se expande"}]},{"@type":"WebSite","@id":"https:\/\/www.nexoinformativo.mx\/#website","url":"https:\/\/www.nexoinformativo.mx\/","name":"Nexo Informativo Santiago de Quer\u00e9taro","description":"Explora NexoInformativo y convi\u00e9rtete en parte de una comunidad que valora el conocimiento y la verdad. Tu nexoinformativo es tu puente hacia una comprensi\u00f3n m\u00e1s profunda del mundo que te rodea.","publisher":{"@id":"https:\/\/www.nexoinformativo.mx\/#organization"},"potentialAction":[{"@type":"SearchAction","target":{"@type":"EntryPoint","urlTemplate":"https:\/\/www.nexoinformativo.mx\/?s={search_term_string}"},"query-input":{"@type":"PropertyValueSpecification","valueRequired":true,"valueName":"search_term_string"}}],"inLanguage":"es"},{"@type":"Organization","@id":"https:\/\/www.nexoinformativo.mx\/#organization","name":"Nexo Informativo Santiago de Quer\u00e9taro","url":"https:\/\/www.nexoinformativo.mx\/","logo":{"@type":"ImageObject","inLanguage":"es","@id":"https:\/\/www.nexoinformativo.mx\/#\/schema\/logo\/image\/","url":"https:\/\/www.nexoinformativo.mx\/wp-content\/uploads\/2024\/07\/nexoi-trasparente-2.png","contentUrl":"https:\/\/www.nexoinformativo.mx\/wp-content\/uploads\/2024\/07\/nexoi-trasparente-2.png","width":816,"height":339,"caption":"Nexo Informativo Santiago de Quer\u00e9taro"},"image":{"@id":"https:\/\/www.nexoinformativo.mx\/#\/schema\/logo\/image\/"},"sameAs":["https:\/\/www.facebook.com\/people\/Nexo-Informativo\/61564066885511\/"]},{"@type":"Person","@id":"https:\/\/www.nexoinformativo.mx\/#\/schema\/person\/7749d380ba08c8ca00d7bc76fd907b7d","name":"Nexo Informativo","image":{"@type":"ImageObject","inLanguage":"es","@id":"https:\/\/www.nexoinformativo.mx\/#\/schema\/person\/image\/","url":"https:\/\/secure.gravatar.com\/avatar\/dde2928154642a13d95f87ddf1ea9718fe2b46760a005c53e41ff5ad610704e6?s=96&d=mm&r=g","contentUrl":"https:\/\/secure.gravatar.com\/avatar\/dde2928154642a13d95f87ddf1ea9718fe2b46760a005c53e41ff5ad610704e6?s=96&d=mm&r=g","caption":"Nexo Informativo"},"url":"https:\/\/www.nexoinformativo.mx\/index.php\/author\/edicion\/"}]}},"_links":{"self":[{"href":"https:\/\/www.nexoinformativo.mx\/index.php\/wp-json\/wp\/v2\/posts\/9916","targetHints":{"allow":["GET"]}}],"collection":[{"href":"https:\/\/www.nexoinformativo.mx\/index.php\/wp-json\/wp\/v2\/posts"}],"about":[{"href":"https:\/\/www.nexoinformativo.mx\/index.php\/wp-json\/wp\/v2\/types\/post"}],"author":[{"embeddable":true,"href":"https:\/\/www.nexoinformativo.mx\/index.php\/wp-json\/wp\/v2\/users\/3"}],"replies":[{"embeddable":true,"href":"https:\/\/www.nexoinformativo.mx\/index.php\/wp-json\/wp\/v2\/comments?post=9916"}],"version-history":[{"count":4,"href":"https:\/\/www.nexoinformativo.mx\/index.php\/wp-json\/wp\/v2\/posts\/9916\/revisions"}],"predecessor-version":[{"id":9921,"href":"https:\/\/www.nexoinformativo.mx\/index.php\/wp-json\/wp\/v2\/posts\/9916\/revisions\/9921"}],"wp:featuredmedia":[{"embeddable":true,"href":"https:\/\/www.nexoinformativo.mx\/index.php\/wp-json\/wp\/v2\/media\/9917"}],"wp:attachment":[{"href":"https:\/\/www.nexoinformativo.mx\/index.php\/wp-json\/wp\/v2\/media?parent=9916"}],"wp:term":[{"taxonomy":"category","embeddable":true,"href":"https:\/\/www.nexoinformativo.mx\/index.php\/wp-json\/wp\/v2\/categories?post=9916"},{"taxonomy":"post_tag","embeddable":true,"href":"https:\/\/www.nexoinformativo.mx\/index.php\/wp-json\/wp\/v2\/tags?post=9916"}],"curies":[{"name":"wp","href":"https:\/\/api.w.org\/{rel}","templated":true}]}}