{"id":9922,"date":"2025-01-15T10:00:11","date_gmt":"2025-01-15T16:00:11","guid":{"rendered":"https:\/\/www.nexoinformativo.mx\/?p=9922"},"modified":"2025-01-15T12:26:22","modified_gmt":"2025-01-15T18:26:22","slug":"scooters-electricos-a-tu-disposicion-la-movilidad-del-futuro-llega-a-queretaro","status":"publish","type":"post","link":"https:\/\/www.nexoinformativo.mx\/index.php\/2025\/01\/15\/scooters-electricos-a-tu-disposicion-la-movilidad-del-futuro-llega-a-queretaro\/","title":{"rendered":"Scooters el\u00e9ctricos a tu disposici\u00f3n la movilidad del futuro llega a Quer\u00e9taro"},"content":{"rendered":"<p style=\"text-align: justify;\" data-sourcepos=\"11:1-11:328\">La ciudad de Quer\u00e9taro se suma a la tendencia mundial de la movilidad el\u00e9ctrica y sostenible. En un evento encabezado por el gobernador Mauricio Kuri y el presidente municipal Felifer Mac\u00edas, se anunci\u00f3 la llegada de Lime, una empresa l\u00edder en el servicio de scooters el\u00e9ctricos compartidos.<\/p>\n<\/p>\n<p>&nbsp;<\/p>\n<p style=\"text-align: justify;\" data-sourcepos=\"13:1-13:260\">A partir de hoy, los queretanos podr\u00e1n disfrutar de una nueva alternativa de transporte, complementando el sistema Qrobici y Qrobus. La primera etapa del proyecto contempla la implementaci\u00f3n de mil scooters en el centro hist\u00f3rico, con 135 estaciones virtuales.<\/p>\n<\/p>\n<p>&nbsp;<\/p>\n<p style=\"text-align: justify;\" data-sourcepos=\"15:1-15:218\"><strong>&#8220;Quer\u00e9taro se consolida como una ciudad a la vanguardia en movilidad&#8221;<\/strong>, afirm\u00f3 el gobernador Mauricio Kuri. &#8220;La incorporaci\u00f3n de los scooters el\u00e9ctricos es un paso importante hacia un futuro m\u00e1s sostenible y eficiente&#8221;.<\/p>\n<\/p>\n<p>&nbsp;<\/p>\n<p style=\"text-align: justify;\" data-sourcepos=\"17:1-17:276\">Por su parte, el director de la Agencia de Movilidad del Estado de Quer\u00e9taro (AMEQ), Gerardo Cuanalo, detall\u00f3 que el uso de los scooters estar\u00e1 regulado y deber\u00e1 cumplir con las normas de tr\u00e1nsito. Se establecer\u00e1n zonas permitidas y prohibidas, y se promover\u00e1 el uso de casco.<\/p>\n<\/p>\n<p>&nbsp;<\/p>\n<p style=\"text-align: justify;\" data-sourcepos=\"19:1-19:260\">Para utilizar el servicio, los usuarios deber\u00e1n descargar la aplicaci\u00f3n de Lime o acceder a trav\u00e9s de la app de Uber. El costo del viaje ser\u00e1 de 10 pesos por desbloqueo y 3 pesos por minuto, aunque se ofrecer\u00e1n paquetes m\u00e1s econ\u00f3micos para usuarios frecuentes.<\/p>\n<\/p>\n<p>&nbsp;<\/p>\n<p style=\"text-align: justify;\" data-sourcepos=\"19:1-19:260\">Este servicio representa un suceso hist\u00f3rico en la transformaci\u00f3n de la movilidad urbana. Esta iniciativa busca mejorar la calidad de vida de los ciudadanos, fomentar el turismo y posicionar a la ciudad como un referente en materia de movilidad sostenible.<\/p>\n<\/p>\n<p>&nbsp;<\/p>\n<p style=\"text-align: center;\" data-sourcepos=\"19:1-19:260\"><em><strong>\u00a1Informaci\u00f3n que transforma!<\/strong><\/em><\/p>\n","protected":false},"excerpt":{"rendered":"<p>La ciudad de Quer\u00e9taro se suma a la tendencia mundial de la movilidad el\u00e9ctrica y sostenible. En un evento encabezado por el gobernador Mauricio Kuri y el presidente municipal Felifer Mac\u00edas, se anunci\u00f3 la llegada de Lime, una empresa l\u00edder en el servicio de scooters el\u00e9ctricos compartidos.<\/p>\n","protected":false},"author":3,"featured_media":9923,"comment_status":"open","ping_status":"open","sticky":false,"template":"","format":"standard","meta":{"footnotes":""},"categories":[65,58],"tags":[3112,756,133,3113],"class_list":["post-9922","post","type-post","status-publish","format-standard","has-post-thumbnail","hentry","category-municipios","category-ultima-hora","tag-lime","tag-movilidadsustentable","tag-queretaro","tag-scooterselectricos"],"yoast_head":"<!-- This site is optimized with the Yoast SEO plugin v25.0 - https:\/\/yoast.com\/wordpress\/plugins\/seo\/ -->\n<title>Scooters el\u00e9ctricos a tu disposici\u00f3n la movilidad del futuro llega a Quer\u00e9taro | Nexo Informativo Santiago de Quer\u00e9taro<\/title>\n<meta name=\"description\" content=\"Scooters el\u00e9ctricos a tu disposici\u00f3n la movilidad del futuro llega a Quer\u00e9taro\" \/>\n<meta name=\"robots\" content=\"index, follow, max-snippet:-1, max-image-preview:large, max-video-preview:-1\" \/>\n<link rel=\"canonical\" href=\"https:\/\/www.nexoinformativo.mx\/index.php\/2025\/01\/15\/scooters-electricos-a-tu-disposicion-la-movilidad-del-futuro-llega-a-queretaro\/\" \/>\n<meta property=\"og:locale\" content=\"es_MX\" \/>\n<meta property=\"og:type\" content=\"article\" \/>\n<meta property=\"og:title\" content=\"Scooters el\u00e9ctricos a tu disposici\u00f3n la movilidad del futuro llega a Quer\u00e9taro | Nexo Informativo Santiago de Quer\u00e9taro\" \/>\n<meta property=\"og:description\" content=\"Scooters el\u00e9ctricos a tu disposici\u00f3n la movilidad del futuro llega a Quer\u00e9taro\" \/>\n<meta property=\"og:url\" content=\"https:\/\/www.nexoinformativo.mx\/index.php\/2025\/01\/15\/scooters-electricos-a-tu-disposicion-la-movilidad-del-futuro-llega-a-queretaro\/\" \/>\n<meta property=\"og:site_name\" content=\"Nexo Informativo Santiago de Quer\u00e9taro\" \/>\n<meta property=\"article:publisher\" content=\"https:\/\/www.facebook.com\/people\/Nexo-Informativo\/61564066885511\/\" \/>\n<meta property=\"article:published_time\" content=\"2025-01-15T16:00:11+00:00\" \/>\n<meta property=\"article:modified_time\" content=\"2025-01-15T18:26:22+00:00\" \/>\n<meta property=\"og:image\" content=\"https:\/\/www.nexoinformativo.mx\/wp-content\/uploads\/2025\/01\/92c96c54-eca4-46c7-827c-3c1e47c04167-e1736965521974.jpg\" \/>\n\t<meta property=\"og:image:width\" content=\"800\" \/>\n\t<meta property=\"og:image:height\" content=\"600\" \/>\n\t<meta property=\"og:image:type\" content=\"image\/jpeg\" \/>\n<meta name=\"author\" content=\"Nexo Informativo\" \/>\n<meta name=\"twitter:card\" content=\"summary_large_image\" \/>\n<meta name=\"twitter:label1\" content=\"Escrito por\" \/>\n\t<meta name=\"twitter:data1\" content=\"Nexo Informativo\" \/>\n\t<meta name=\"twitter:label2\" content=\"Tiempo de lectura\" \/>\n\t<meta name=\"twitter:data2\" content=\"2 minutos\" \/>\n<script type=\"application\/ld+json\" class=\"yoast-schema-graph\">{\"@context\":\"https:\/\/schema.org\",\"@graph\":[{\"@type\":\"Article\",\"@id\":\"https:\/\/www.nexoinformativo.mx\/index.php\/2025\/01\/15\/scooters-electricos-a-tu-disposicion-la-movilidad-del-futuro-llega-a-queretaro\/#article\",\"isPartOf\":{\"@id\":\"https:\/\/www.nexoinformativo.mx\/index.php\/2025\/01\/15\/scooters-electricos-a-tu-disposicion-la-movilidad-del-futuro-llega-a-queretaro\/\"},\"author\":{\"name\":\"Nexo Informativo\",\"@id\":\"https:\/\/www.nexoinformativo.mx\/#\/schema\/person\/7749d380ba08c8ca00d7bc76fd907b7d\"},\"headline\":\"Scooters el\u00e9ctricos a tu disposici\u00f3n la movilidad del futuro llega a Quer\u00e9taro\",\"datePublished\":\"2025-01-15T16:00:11+00:00\",\"dateModified\":\"2025-01-15T18:26:22+00:00\",\"mainEntityOfPage\":{\"@id\":\"https:\/\/www.nexoinformativo.mx\/index.php\/2025\/01\/15\/scooters-electricos-a-tu-disposicion-la-movilidad-del-futuro-llega-a-queretaro\/\"},\"wordCount\":296,\"commentCount\":0,\"publisher\":{\"@id\":\"https:\/\/www.nexoinformativo.mx\/#organization\"},\"image\":{\"@id\":\"https:\/\/www.nexoinformativo.mx\/index.php\/2025\/01\/15\/scooters-electricos-a-tu-disposicion-la-movilidad-del-futuro-llega-a-queretaro\/#primaryimage\"},\"thumbnailUrl\":\"https:\/\/www.nexoinformativo.mx\/wp-content\/uploads\/2025\/01\/92c96c54-eca4-46c7-827c-3c1e47c04167-e1736965521974.jpg\",\"keywords\":[\"Lime\",\"MovilidadSustentable\",\"Quer\u00e9taro\",\"ScootersElectricos\"],\"articleSection\":[\"Municipios\",\"\u00daltima Hora\"],\"inLanguage\":\"es\",\"potentialAction\":[{\"@type\":\"CommentAction\",\"name\":\"Comment\",\"target\":[\"https:\/\/www.nexoinformativo.mx\/index.php\/2025\/01\/15\/scooters-electricos-a-tu-disposicion-la-movilidad-del-futuro-llega-a-queretaro\/#respond\"]}]},{\"@type\":\"WebPage\",\"@id\":\"https:\/\/www.nexoinformativo.mx\/index.php\/2025\/01\/15\/scooters-electricos-a-tu-disposicion-la-movilidad-del-futuro-llega-a-queretaro\/\",\"url\":\"https:\/\/www.nexoinformativo.mx\/index.php\/2025\/01\/15\/scooters-electricos-a-tu-disposicion-la-movilidad-del-futuro-llega-a-queretaro\/\",\"name\":\"Scooters el\u00e9ctricos a tu disposici\u00f3n la movilidad del futuro llega a Quer\u00e9taro | Nexo Informativo Santiago de Quer\u00e9taro\",\"isPartOf\":{\"@id\":\"https:\/\/www.nexoinformativo.mx\/#website\"},\"primaryImageOfPage\":{\"@id\":\"https:\/\/www.nexoinformativo.mx\/index.php\/2025\/01\/15\/scooters-electricos-a-tu-disposicion-la-movilidad-del-futuro-llega-a-queretaro\/#primaryimage\"},\"image\":{\"@id\":\"https:\/\/www.nexoinformativo.mx\/index.php\/2025\/01\/15\/scooters-electricos-a-tu-disposicion-la-movilidad-del-futuro-llega-a-queretaro\/#primaryimage\"},\"thumbnailUrl\":\"https:\/\/www.nexoinformativo.mx\/wp-content\/uploads\/2025\/01\/92c96c54-eca4-46c7-827c-3c1e47c04167-e1736965521974.jpg\",\"datePublished\":\"2025-01-15T16:00:11+00:00\",\"dateModified\":\"2025-01-15T18:26:22+00:00\",\"description\":\"Scooters el\u00e9ctricos a tu disposici\u00f3n la movilidad del futuro llega a Quer\u00e9taro\",\"breadcrumb\":{\"@id\":\"https:\/\/www.nexoinformativo.mx\/index.php\/2025\/01\/15\/scooters-electricos-a-tu-disposicion-la-movilidad-del-futuro-llega-a-queretaro\/#breadcrumb\"},\"inLanguage\":\"es\",\"potentialAction\":[{\"@type\":\"ReadAction\",\"target\":[\"https:\/\/www.nexoinformativo.mx\/index.php\/2025\/01\/15\/scooters-electricos-a-tu-disposicion-la-movilidad-del-futuro-llega-a-queretaro\/\"]}]},{\"@type\":\"ImageObject\",\"inLanguage\":\"es\",\"@id\":\"https:\/\/www.nexoinformativo.mx\/index.php\/2025\/01\/15\/scooters-electricos-a-tu-disposicion-la-movilidad-del-futuro-llega-a-queretaro\/#primaryimage\",\"url\":\"https:\/\/www.nexoinformativo.mx\/wp-content\/uploads\/2025\/01\/92c96c54-eca4-46c7-827c-3c1e47c04167-e1736965521974.jpg\",\"contentUrl\":\"https:\/\/www.nexoinformativo.mx\/wp-content\/uploads\/2025\/01\/92c96c54-eca4-46c7-827c-3c1e47c04167-e1736965521974.jpg\",\"width\":800,\"height\":600},{\"@type\":\"BreadcrumbList\",\"@id\":\"https:\/\/www.nexoinformativo.mx\/index.php\/2025\/01\/15\/scooters-electricos-a-tu-disposicion-la-movilidad-del-futuro-llega-a-queretaro\/#breadcrumb\",\"itemListElement\":[{\"@type\":\"ListItem\",\"position\":1,\"name\":\"Inicio\",\"item\":\"https:\/\/www.nexoinformativo.mx\/\"},{\"@type\":\"ListItem\",\"position\":2,\"name\":\"Scooters el\u00e9ctricos a tu disposici\u00f3n la movilidad del futuro llega a Quer\u00e9taro\"}]},{\"@type\":\"WebSite\",\"@id\":\"https:\/\/www.nexoinformativo.mx\/#website\",\"url\":\"https:\/\/www.nexoinformativo.mx\/\",\"name\":\"Nexo Informativo Santiago de Quer\u00e9taro\",\"description\":\"Explora NexoInformativo y convi\u00e9rtete en parte de una comunidad que valora el conocimiento y la verdad. Tu nexoinformativo es tu puente hacia una comprensi\u00f3n m\u00e1s profunda del mundo que te rodea.\",\"publisher\":{\"@id\":\"https:\/\/www.nexoinformativo.mx\/#organization\"},\"potentialAction\":[{\"@type\":\"SearchAction\",\"target\":{\"@type\":\"EntryPoint\",\"urlTemplate\":\"https:\/\/www.nexoinformativo.mx\/?s={search_term_string}\"},\"query-input\":{\"@type\":\"PropertyValueSpecification\",\"valueRequired\":true,\"valueName\":\"search_term_string\"}}],\"inLanguage\":\"es\"},{\"@type\":\"Organization\",\"@id\":\"https:\/\/www.nexoinformativo.mx\/#organization\",\"name\":\"Nexo Informativo Santiago de Quer\u00e9taro\",\"url\":\"https:\/\/www.nexoinformativo.mx\/\",\"logo\":{\"@type\":\"ImageObject\",\"inLanguage\":\"es\",\"@id\":\"https:\/\/www.nexoinformativo.mx\/#\/schema\/logo\/image\/\",\"url\":\"https:\/\/www.nexoinformativo.mx\/wp-content\/uploads\/2024\/07\/nexoi-trasparente-2.png\",\"contentUrl\":\"https:\/\/www.nexoinformativo.mx\/wp-content\/uploads\/2024\/07\/nexoi-trasparente-2.png\",\"width\":816,\"height\":339,\"caption\":\"Nexo Informativo Santiago de Quer\u00e9taro\"},\"image\":{\"@id\":\"https:\/\/www.nexoinformativo.mx\/#\/schema\/logo\/image\/\"},\"sameAs\":[\"https:\/\/www.facebook.com\/people\/Nexo-Informativo\/61564066885511\/\"]},{\"@type\":\"Person\",\"@id\":\"https:\/\/www.nexoinformativo.mx\/#\/schema\/person\/7749d380ba08c8ca00d7bc76fd907b7d\",\"name\":\"Nexo Informativo\",\"image\":{\"@type\":\"ImageObject\",\"inLanguage\":\"es\",\"@id\":\"https:\/\/www.nexoinformativo.mx\/#\/schema\/person\/image\/\",\"url\":\"https:\/\/secure.gravatar.com\/avatar\/dde2928154642a13d95f87ddf1ea9718fe2b46760a005c53e41ff5ad610704e6?s=96&d=mm&r=g\",\"contentUrl\":\"https:\/\/secure.gravatar.com\/avatar\/dde2928154642a13d95f87ddf1ea9718fe2b46760a005c53e41ff5ad610704e6?s=96&d=mm&r=g\",\"caption\":\"Nexo Informativo\"},\"url\":\"https:\/\/www.nexoinformativo.mx\/index.php\/author\/edicion\/\"}]}<\/script>\n<!-- \/ Yoast SEO plugin. -->","yoast_head_json":{"title":"Scooters el\u00e9ctricos a tu disposici\u00f3n la movilidad del futuro llega a Quer\u00e9taro | Nexo Informativo Santiago de Quer\u00e9taro","description":"Scooters el\u00e9ctricos a tu disposici\u00f3n la movilidad del futuro llega a Quer\u00e9taro","robots":{"index":"index","follow":"follow","max-snippet":"max-snippet:-1","max-image-preview":"max-image-preview:large","max-video-preview":"max-video-preview:-1"},"canonical":"https:\/\/www.nexoinformativo.mx\/index.php\/2025\/01\/15\/scooters-electricos-a-tu-disposicion-la-movilidad-del-futuro-llega-a-queretaro\/","og_locale":"es_MX","og_type":"article","og_title":"Scooters el\u00e9ctricos a tu disposici\u00f3n la movilidad del futuro llega a Quer\u00e9taro | Nexo Informativo Santiago de Quer\u00e9taro","og_description":"Scooters el\u00e9ctricos a tu disposici\u00f3n la movilidad del futuro llega a Quer\u00e9taro","og_url":"https:\/\/www.nexoinformativo.mx\/index.php\/2025\/01\/15\/scooters-electricos-a-tu-disposicion-la-movilidad-del-futuro-llega-a-queretaro\/","og_site_name":"Nexo Informativo Santiago de Quer\u00e9taro","article_publisher":"https:\/\/www.facebook.com\/people\/Nexo-Informativo\/61564066885511\/","article_published_time":"2025-01-15T16:00:11+00:00","article_modified_time":"2025-01-15T18:26:22+00:00","og_image":[{"width":800,"height":600,"url":"https:\/\/www.nexoinformativo.mx\/wp-content\/uploads\/2025\/01\/92c96c54-eca4-46c7-827c-3c1e47c04167-e1736965521974.jpg","type":"image\/jpeg"}],"author":"Nexo Informativo","twitter_card":"summary_large_image","twitter_misc":{"Escrito por":"Nexo Informativo","Tiempo de lectura":"2 minutos"},"schema":{"@context":"https:\/\/schema.org","@graph":[{"@type":"Article","@id":"https:\/\/www.nexoinformativo.mx\/index.php\/2025\/01\/15\/scooters-electricos-a-tu-disposicion-la-movilidad-del-futuro-llega-a-queretaro\/#article","isPartOf":{"@id":"https:\/\/www.nexoinformativo.mx\/index.php\/2025\/01\/15\/scooters-electricos-a-tu-disposicion-la-movilidad-del-futuro-llega-a-queretaro\/"},"author":{"name":"Nexo Informativo","@id":"https:\/\/www.nexoinformativo.mx\/#\/schema\/person\/7749d380ba08c8ca00d7bc76fd907b7d"},"headline":"Scooters el\u00e9ctricos a tu disposici\u00f3n la movilidad del futuro llega a Quer\u00e9taro","datePublished":"2025-01-15T16:00:11+00:00","dateModified":"2025-01-15T18:26:22+00:00","mainEntityOfPage":{"@id":"https:\/\/www.nexoinformativo.mx\/index.php\/2025\/01\/15\/scooters-electricos-a-tu-disposicion-la-movilidad-del-futuro-llega-a-queretaro\/"},"wordCount":296,"commentCount":0,"publisher":{"@id":"https:\/\/www.nexoinformativo.mx\/#organization"},"image":{"@id":"https:\/\/www.nexoinformativo.mx\/index.php\/2025\/01\/15\/scooters-electricos-a-tu-disposicion-la-movilidad-del-futuro-llega-a-queretaro\/#primaryimage"},"thumbnailUrl":"https:\/\/www.nexoinformativo.mx\/wp-content\/uploads\/2025\/01\/92c96c54-eca4-46c7-827c-3c1e47c04167-e1736965521974.jpg","keywords":["Lime","MovilidadSustentable","Quer\u00e9taro","ScootersElectricos"],"articleSection":["Municipios","\u00daltima Hora"],"inLanguage":"es","potentialAction":[{"@type":"CommentAction","name":"Comment","target":["https:\/\/www.nexoinformativo.mx\/index.php\/2025\/01\/15\/scooters-electricos-a-tu-disposicion-la-movilidad-del-futuro-llega-a-queretaro\/#respond"]}]},{"@type":"WebPage","@id":"https:\/\/www.nexoinformativo.mx\/index.php\/2025\/01\/15\/scooters-electricos-a-tu-disposicion-la-movilidad-del-futuro-llega-a-queretaro\/","url":"https:\/\/www.nexoinformativo.mx\/index.php\/2025\/01\/15\/scooters-electricos-a-tu-disposicion-la-movilidad-del-futuro-llega-a-queretaro\/","name":"Scooters el\u00e9ctricos a tu disposici\u00f3n la movilidad del futuro llega a Quer\u00e9taro | Nexo Informativo Santiago de Quer\u00e9taro","isPartOf":{"@id":"https:\/\/www.nexoinformativo.mx\/#website"},"primaryImageOfPage":{"@id":"https:\/\/www.nexoinformativo.mx\/index.php\/2025\/01\/15\/scooters-electricos-a-tu-disposicion-la-movilidad-del-futuro-llega-a-queretaro\/#primaryimage"},"image":{"@id":"https:\/\/www.nexoinformativo.mx\/index.php\/2025\/01\/15\/scooters-electricos-a-tu-disposicion-la-movilidad-del-futuro-llega-a-queretaro\/#primaryimage"},"thumbnailUrl":"https:\/\/www.nexoinformativo.mx\/wp-content\/uploads\/2025\/01\/92c96c54-eca4-46c7-827c-3c1e47c04167-e1736965521974.jpg","datePublished":"2025-01-15T16:00:11+00:00","dateModified":"2025-01-15T18:26:22+00:00","description":"Scooters el\u00e9ctricos a tu disposici\u00f3n la movilidad del futuro llega a Quer\u00e9taro","breadcrumb":{"@id":"https:\/\/www.nexoinformativo.mx\/index.php\/2025\/01\/15\/scooters-electricos-a-tu-disposicion-la-movilidad-del-futuro-llega-a-queretaro\/#breadcrumb"},"inLanguage":"es","potentialAction":[{"@type":"ReadAction","target":["https:\/\/www.nexoinformativo.mx\/index.php\/2025\/01\/15\/scooters-electricos-a-tu-disposicion-la-movilidad-del-futuro-llega-a-queretaro\/"]}]},{"@type":"ImageObject","inLanguage":"es","@id":"https:\/\/www.nexoinformativo.mx\/index.php\/2025\/01\/15\/scooters-electricos-a-tu-disposicion-la-movilidad-del-futuro-llega-a-queretaro\/#primaryimage","url":"https:\/\/www.nexoinformativo.mx\/wp-content\/uploads\/2025\/01\/92c96c54-eca4-46c7-827c-3c1e47c04167-e1736965521974.jpg","contentUrl":"https:\/\/www.nexoinformativo.mx\/wp-content\/uploads\/2025\/01\/92c96c54-eca4-46c7-827c-3c1e47c04167-e1736965521974.jpg","width":800,"height":600},{"@type":"BreadcrumbList","@id":"https:\/\/www.nexoinformativo.mx\/index.php\/2025\/01\/15\/scooters-electricos-a-tu-disposicion-la-movilidad-del-futuro-llega-a-queretaro\/#breadcrumb","itemListElement":[{"@type":"ListItem","position":1,"name":"Inicio","item":"https:\/\/www.nexoinformativo.mx\/"},{"@type":"ListItem","position":2,"name":"Scooters el\u00e9ctricos a tu disposici\u00f3n la movilidad del futuro llega a Quer\u00e9taro"}]},{"@type":"WebSite","@id":"https:\/\/www.nexoinformativo.mx\/#website","url":"https:\/\/www.nexoinformativo.mx\/","name":"Nexo Informativo Santiago de Quer\u00e9taro","description":"Explora NexoInformativo y convi\u00e9rtete en parte de una comunidad que valora el conocimiento y la verdad. Tu nexoinformativo es tu puente hacia una comprensi\u00f3n m\u00e1s profunda del mundo que te rodea.","publisher":{"@id":"https:\/\/www.nexoinformativo.mx\/#organization"},"potentialAction":[{"@type":"SearchAction","target":{"@type":"EntryPoint","urlTemplate":"https:\/\/www.nexoinformativo.mx\/?s={search_term_string}"},"query-input":{"@type":"PropertyValueSpecification","valueRequired":true,"valueName":"search_term_string"}}],"inLanguage":"es"},{"@type":"Organization","@id":"https:\/\/www.nexoinformativo.mx\/#organization","name":"Nexo Informativo Santiago de Quer\u00e9taro","url":"https:\/\/www.nexoinformativo.mx\/","logo":{"@type":"ImageObject","inLanguage":"es","@id":"https:\/\/www.nexoinformativo.mx\/#\/schema\/logo\/image\/","url":"https:\/\/www.nexoinformativo.mx\/wp-content\/uploads\/2024\/07\/nexoi-trasparente-2.png","contentUrl":"https:\/\/www.nexoinformativo.mx\/wp-content\/uploads\/2024\/07\/nexoi-trasparente-2.png","width":816,"height":339,"caption":"Nexo Informativo Santiago de Quer\u00e9taro"},"image":{"@id":"https:\/\/www.nexoinformativo.mx\/#\/schema\/logo\/image\/"},"sameAs":["https:\/\/www.facebook.com\/people\/Nexo-Informativo\/61564066885511\/"]},{"@type":"Person","@id":"https:\/\/www.nexoinformativo.mx\/#\/schema\/person\/7749d380ba08c8ca00d7bc76fd907b7d","name":"Nexo Informativo","image":{"@type":"ImageObject","inLanguage":"es","@id":"https:\/\/www.nexoinformativo.mx\/#\/schema\/person\/image\/","url":"https:\/\/secure.gravatar.com\/avatar\/dde2928154642a13d95f87ddf1ea9718fe2b46760a005c53e41ff5ad610704e6?s=96&d=mm&r=g","contentUrl":"https:\/\/secure.gravatar.com\/avatar\/dde2928154642a13d95f87ddf1ea9718fe2b46760a005c53e41ff5ad610704e6?s=96&d=mm&r=g","caption":"Nexo Informativo"},"url":"https:\/\/www.nexoinformativo.mx\/index.php\/author\/edicion\/"}]}},"_links":{"self":[{"href":"https:\/\/www.nexoinformativo.mx\/index.php\/wp-json\/wp\/v2\/posts\/9922","targetHints":{"allow":["GET"]}}],"collection":[{"href":"https:\/\/www.nexoinformativo.mx\/index.php\/wp-json\/wp\/v2\/posts"}],"about":[{"href":"https:\/\/www.nexoinformativo.mx\/index.php\/wp-json\/wp\/v2\/types\/post"}],"author":[{"embeddable":true,"href":"https:\/\/www.nexoinformativo.mx\/index.php\/wp-json\/wp\/v2\/users\/3"}],"replies":[{"embeddable":true,"href":"https:\/\/www.nexoinformativo.mx\/index.php\/wp-json\/wp\/v2\/comments?post=9922"}],"version-history":[{"count":4,"href":"https:\/\/www.nexoinformativo.mx\/index.php\/wp-json\/wp\/v2\/posts\/9922\/revisions"}],"predecessor-version":[{"id":9927,"href":"https:\/\/www.nexoinformativo.mx\/index.php\/wp-json\/wp\/v2\/posts\/9922\/revisions\/9927"}],"wp:featuredmedia":[{"embeddable":true,"href":"https:\/\/www.nexoinformativo.mx\/index.php\/wp-json\/wp\/v2\/media\/9923"}],"wp:attachment":[{"href":"https:\/\/www.nexoinformativo.mx\/index.php\/wp-json\/wp\/v2\/media?parent=9922"}],"wp:term":[{"taxonomy":"category","embeddable":true,"href":"https:\/\/www.nexoinformativo.mx\/index.php\/wp-json\/wp\/v2\/categories?post=9922"},{"taxonomy":"post_tag","embeddable":true,"href":"https:\/\/www.nexoinformativo.mx\/index.php\/wp-json\/wp\/v2\/tags?post=9922"}],"curies":[{"name":"wp","href":"https:\/\/api.w.org\/{rel}","templated":true}]}}