{"id":9964,"date":"2025-01-16T06:30:26","date_gmt":"2025-01-16T12:30:26","guid":{"rendered":"https:\/\/www.nexoinformativo.mx\/?p=9964"},"modified":"2025-01-16T10:22:19","modified_gmt":"2025-01-16T16:22:19","slug":"queretaro-mas-inclusivo-avanza-iniciativa-para-reconocer-la-identidad-de-genero-autopercibida","status":"publish","type":"post","link":"https:\/\/www.nexoinformativo.mx\/index.php\/2025\/01\/16\/queretaro-mas-inclusivo-avanza-iniciativa-para-reconocer-la-identidad-de-genero-autopercibida\/","title":{"rendered":"Quer\u00e9taro m\u00e1s inclusivo avanza iniciativa para reconocer la identidad de g\u00e9nero autopercibida"},"content":{"rendered":"<p style=\"text-align: justify;\" data-sourcepos=\"11:1-11:434\">El estado de Quer\u00e9taro se posiciona como un referente en materia de derechos humanos al avanzar en la aprobaci\u00f3n de la iniciativa de ley que reconoce la identidad de g\u00e9nero autopercibida.<\/p>\n<\/p>\n<p>&nbsp;<\/p>\n<p style=\"text-align: justify;\" data-sourcepos=\"11:1-11:434\">Esta propuesta, presentada por diversas organizaciones civiles y la Defensor\u00eda de los Derechos Humanos, busca garantizar que todas las personas puedan vivir de acuerdo con su g\u00e9nero sentido, sin discriminaci\u00f3n alguna.<\/p>\n<\/p>\n<p>&nbsp;<\/p>\n<p style=\"text-align: justify;\" data-sourcepos=\"13:1-13:276\">La Organizaci\u00f3n SOS Discriminaci\u00f3n Internacional Quer\u00e9taro, una de las principales impulsoras de esta iniciativa, conf\u00eda en que la LXI Legislatura del Estado apruebe esta ley, respaldada por una creciente conciencia sobre la importancia de los derechos de la comunidad LGBTI+.<\/p>\n<\/p>\n<p>&nbsp;<\/p>\n<p style=\"text-align: justify;\" data-sourcepos=\"15:1-15:245\">&#8220;Esta iniciativa no solo es un paso hacia la igualdad, sino tambi\u00e9n una medida necesaria para prevenir la violencia y la discriminaci\u00f3n que enfrentan las personas trans y no binarias&#8221;, afirm\u00f3 un representante de SOS Discriminaci\u00f3n Internacional.<\/p>\n<\/p>\n<p>&nbsp;<\/p>\n<p style=\"text-align: justify;\" data-sourcepos=\"17:1-17:338\">La propuesta de ley permitir\u00e1 a las personas trans y no binarias modificar sus documentos oficiales para que reflejen su identidad de g\u00e9nero autopercibida, facilitando as\u00ed su acceso a servicios p\u00fablicos y privados. Adem\u00e1s, se espera que esta ley contribuya a reducir los \u00edndices de violencia y discriminaci\u00f3n que sufren estas comunidades.<\/p>\n<\/p>\n<p>&nbsp;<\/p>\n<p style=\"text-align: justify;\" data-sourcepos=\"19:1-19:282\">Es importante destacar que esta iniciativa se sustenta en la resoluci\u00f3n favorable de la Suprema Corte de Justicia de la Naci\u00f3n y en las convenciones internacionales de derechos humanos. Asimismo, cuenta con el respaldo de diversas organizaciones civiles y de la sociedad en general.<\/p>\n<\/p>\n<p>&nbsp;<\/p>\n<p style=\"text-align: justify;\" data-sourcepos=\"21:1-21:225\">&#8220;La aprobaci\u00f3n de esta ley es fundamental para construir una sociedad m\u00e1s justa e inclusiva, donde todas las personas tengan los mismos derechos y oportunidades&#8221;, concluy\u00f3 el representante de SOS Discriminaci\u00f3n Internacional.<\/p>\n<\/p>\n<p>&nbsp;<\/p>\n<p style=\"text-align: center;\" data-sourcepos=\"21:1-21:225\"><em><strong>\u00a1Informaci\u00f3n que transforma!<\/strong><\/em><\/p>\n","protected":false},"excerpt":{"rendered":"<p>El estado de Quer\u00e9taro se posiciona como un referente en materia de derechos humanos al avanzar en la aprobaci\u00f3n de la iniciativa de ley que reconoce la identidad de g\u00e9nero autopercibida.<\/p>\n","protected":false},"author":3,"featured_media":9968,"comment_status":"open","ping_status":"open","sticky":false,"template":"","format":"standard","meta":{"footnotes":""},"categories":[42,58],"tags":[499,3119,3120,453],"class_list":["post-9964","post","type-post","status-publish","format-standard","has-post-thumbnail","hentry","category-estado","category-ultima-hora","tag-derechoshumanos","tag-identidaddegenero","tag-lgtbiq","tag-queretaroinclusivo"],"yoast_head":"<!-- This site is optimized with the Yoast SEO plugin v25.0 - https:\/\/yoast.com\/wordpress\/plugins\/seo\/ -->\n<title>Quer\u00e9taro m\u00e1s inclusivo avanza iniciativa para reconocer la identidad de g\u00e9nero autopercibida | Nexo Informativo Santiago de Quer\u00e9taro<\/title>\n<meta name=\"description\" content=\"Quer\u00e9taro m\u00e1s inclusivo avanza iniciativa para reconocer la identidad de g\u00e9nero autopercibida\" \/>\n<meta name=\"robots\" content=\"index, follow, max-snippet:-1, max-image-preview:large, max-video-preview:-1\" \/>\n<link rel=\"canonical\" href=\"https:\/\/www.nexoinformativo.mx\/index.php\/2025\/01\/16\/queretaro-mas-inclusivo-avanza-iniciativa-para-reconocer-la-identidad-de-genero-autopercibida\/\" \/>\n<meta property=\"og:locale\" content=\"es_MX\" \/>\n<meta property=\"og:type\" content=\"article\" \/>\n<meta property=\"og:title\" content=\"Quer\u00e9taro m\u00e1s inclusivo avanza iniciativa para reconocer la identidad de g\u00e9nero autopercibida | Nexo Informativo Santiago de Quer\u00e9taro\" \/>\n<meta property=\"og:description\" content=\"Quer\u00e9taro m\u00e1s inclusivo avanza iniciativa para reconocer la identidad de g\u00e9nero autopercibida\" \/>\n<meta property=\"og:url\" content=\"https:\/\/www.nexoinformativo.mx\/index.php\/2025\/01\/16\/queretaro-mas-inclusivo-avanza-iniciativa-para-reconocer-la-identidad-de-genero-autopercibida\/\" \/>\n<meta property=\"og:site_name\" content=\"Nexo Informativo Santiago de Quer\u00e9taro\" \/>\n<meta property=\"article:publisher\" content=\"https:\/\/www.facebook.com\/people\/Nexo-Informativo\/61564066885511\/\" \/>\n<meta property=\"article:published_time\" content=\"2025-01-16T12:30:26+00:00\" \/>\n<meta property=\"article:modified_time\" content=\"2025-01-16T16:22:19+00:00\" \/>\n<meta property=\"og:image\" content=\"https:\/\/www.nexoinformativo.mx\/wp-content\/uploads\/2025\/01\/d850357b-12b8-489a-a55f-c0f61e61c2d5-e1737044533261.jpg\" \/>\n\t<meta property=\"og:image:width\" content=\"800\" \/>\n\t<meta property=\"og:image:height\" content=\"970\" \/>\n\t<meta property=\"og:image:type\" content=\"image\/jpeg\" \/>\n<meta name=\"author\" content=\"Nexo Informativo\" \/>\n<meta name=\"twitter:card\" content=\"summary_large_image\" \/>\n<meta name=\"twitter:label1\" content=\"Escrito por\" \/>\n\t<meta name=\"twitter:data1\" content=\"Nexo Informativo\" \/>\n\t<meta name=\"twitter:label2\" content=\"Tiempo de lectura\" \/>\n\t<meta name=\"twitter:data2\" content=\"2 minutos\" \/>\n<script type=\"application\/ld+json\" class=\"yoast-schema-graph\">{\"@context\":\"https:\/\/schema.org\",\"@graph\":[{\"@type\":\"Article\",\"@id\":\"https:\/\/www.nexoinformativo.mx\/index.php\/2025\/01\/16\/queretaro-mas-inclusivo-avanza-iniciativa-para-reconocer-la-identidad-de-genero-autopercibida\/#article\",\"isPartOf\":{\"@id\":\"https:\/\/www.nexoinformativo.mx\/index.php\/2025\/01\/16\/queretaro-mas-inclusivo-avanza-iniciativa-para-reconocer-la-identidad-de-genero-autopercibida\/\"},\"author\":{\"name\":\"Nexo Informativo\",\"@id\":\"https:\/\/www.nexoinformativo.mx\/#\/schema\/person\/7749d380ba08c8ca00d7bc76fd907b7d\"},\"headline\":\"Quer\u00e9taro m\u00e1s inclusivo avanza iniciativa para reconocer la identidad de g\u00e9nero autopercibida\",\"datePublished\":\"2025-01-16T12:30:26+00:00\",\"dateModified\":\"2025-01-16T16:22:19+00:00\",\"mainEntityOfPage\":{\"@id\":\"https:\/\/www.nexoinformativo.mx\/index.php\/2025\/01\/16\/queretaro-mas-inclusivo-avanza-iniciativa-para-reconocer-la-identidad-de-genero-autopercibida\/\"},\"wordCount\":315,\"commentCount\":0,\"publisher\":{\"@id\":\"https:\/\/www.nexoinformativo.mx\/#organization\"},\"image\":{\"@id\":\"https:\/\/www.nexoinformativo.mx\/index.php\/2025\/01\/16\/queretaro-mas-inclusivo-avanza-iniciativa-para-reconocer-la-identidad-de-genero-autopercibida\/#primaryimage\"},\"thumbnailUrl\":\"https:\/\/www.nexoinformativo.mx\/wp-content\/uploads\/2025\/01\/d850357b-12b8-489a-a55f-c0f61e61c2d5-e1737044533261.jpg\",\"keywords\":[\"DerechosHumanos\",\"IdentidadDeG\u00e9nero\",\"LGTBIQ+\",\"Quer\u00e9taroInclusivo\"],\"articleSection\":[\"Estado\",\"\u00daltima Hora\"],\"inLanguage\":\"es\",\"potentialAction\":[{\"@type\":\"CommentAction\",\"name\":\"Comment\",\"target\":[\"https:\/\/www.nexoinformativo.mx\/index.php\/2025\/01\/16\/queretaro-mas-inclusivo-avanza-iniciativa-para-reconocer-la-identidad-de-genero-autopercibida\/#respond\"]}]},{\"@type\":\"WebPage\",\"@id\":\"https:\/\/www.nexoinformativo.mx\/index.php\/2025\/01\/16\/queretaro-mas-inclusivo-avanza-iniciativa-para-reconocer-la-identidad-de-genero-autopercibida\/\",\"url\":\"https:\/\/www.nexoinformativo.mx\/index.php\/2025\/01\/16\/queretaro-mas-inclusivo-avanza-iniciativa-para-reconocer-la-identidad-de-genero-autopercibida\/\",\"name\":\"Quer\u00e9taro m\u00e1s inclusivo avanza iniciativa para reconocer la identidad de g\u00e9nero autopercibida | Nexo Informativo Santiago de Quer\u00e9taro\",\"isPartOf\":{\"@id\":\"https:\/\/www.nexoinformativo.mx\/#website\"},\"primaryImageOfPage\":{\"@id\":\"https:\/\/www.nexoinformativo.mx\/index.php\/2025\/01\/16\/queretaro-mas-inclusivo-avanza-iniciativa-para-reconocer-la-identidad-de-genero-autopercibida\/#primaryimage\"},\"image\":{\"@id\":\"https:\/\/www.nexoinformativo.mx\/index.php\/2025\/01\/16\/queretaro-mas-inclusivo-avanza-iniciativa-para-reconocer-la-identidad-de-genero-autopercibida\/#primaryimage\"},\"thumbnailUrl\":\"https:\/\/www.nexoinformativo.mx\/wp-content\/uploads\/2025\/01\/d850357b-12b8-489a-a55f-c0f61e61c2d5-e1737044533261.jpg\",\"datePublished\":\"2025-01-16T12:30:26+00:00\",\"dateModified\":\"2025-01-16T16:22:19+00:00\",\"description\":\"Quer\u00e9taro m\u00e1s inclusivo avanza iniciativa para reconocer la identidad de g\u00e9nero autopercibida\",\"breadcrumb\":{\"@id\":\"https:\/\/www.nexoinformativo.mx\/index.php\/2025\/01\/16\/queretaro-mas-inclusivo-avanza-iniciativa-para-reconocer-la-identidad-de-genero-autopercibida\/#breadcrumb\"},\"inLanguage\":\"es\",\"potentialAction\":[{\"@type\":\"ReadAction\",\"target\":[\"https:\/\/www.nexoinformativo.mx\/index.php\/2025\/01\/16\/queretaro-mas-inclusivo-avanza-iniciativa-para-reconocer-la-identidad-de-genero-autopercibida\/\"]}]},{\"@type\":\"ImageObject\",\"inLanguage\":\"es\",\"@id\":\"https:\/\/www.nexoinformativo.mx\/index.php\/2025\/01\/16\/queretaro-mas-inclusivo-avanza-iniciativa-para-reconocer-la-identidad-de-genero-autopercibida\/#primaryimage\",\"url\":\"https:\/\/www.nexoinformativo.mx\/wp-content\/uploads\/2025\/01\/d850357b-12b8-489a-a55f-c0f61e61c2d5-e1737044533261.jpg\",\"contentUrl\":\"https:\/\/www.nexoinformativo.mx\/wp-content\/uploads\/2025\/01\/d850357b-12b8-489a-a55f-c0f61e61c2d5-e1737044533261.jpg\",\"width\":800,\"height\":970},{\"@type\":\"BreadcrumbList\",\"@id\":\"https:\/\/www.nexoinformativo.mx\/index.php\/2025\/01\/16\/queretaro-mas-inclusivo-avanza-iniciativa-para-reconocer-la-identidad-de-genero-autopercibida\/#breadcrumb\",\"itemListElement\":[{\"@type\":\"ListItem\",\"position\":1,\"name\":\"Inicio\",\"item\":\"https:\/\/www.nexoinformativo.mx\/\"},{\"@type\":\"ListItem\",\"position\":2,\"name\":\"Quer\u00e9taro m\u00e1s inclusivo avanza iniciativa para reconocer la identidad de g\u00e9nero autopercibida\"}]},{\"@type\":\"WebSite\",\"@id\":\"https:\/\/www.nexoinformativo.mx\/#website\",\"url\":\"https:\/\/www.nexoinformativo.mx\/\",\"name\":\"Nexo Informativo Santiago de Quer\u00e9taro\",\"description\":\"Explora NexoInformativo y convi\u00e9rtete en parte de una comunidad que valora el conocimiento y la verdad. Tu nexoinformativo es tu puente hacia una comprensi\u00f3n m\u00e1s profunda del mundo que te rodea.\",\"publisher\":{\"@id\":\"https:\/\/www.nexoinformativo.mx\/#organization\"},\"potentialAction\":[{\"@type\":\"SearchAction\",\"target\":{\"@type\":\"EntryPoint\",\"urlTemplate\":\"https:\/\/www.nexoinformativo.mx\/?s={search_term_string}\"},\"query-input\":{\"@type\":\"PropertyValueSpecification\",\"valueRequired\":true,\"valueName\":\"search_term_string\"}}],\"inLanguage\":\"es\"},{\"@type\":\"Organization\",\"@id\":\"https:\/\/www.nexoinformativo.mx\/#organization\",\"name\":\"Nexo Informativo Santiago de Quer\u00e9taro\",\"url\":\"https:\/\/www.nexoinformativo.mx\/\",\"logo\":{\"@type\":\"ImageObject\",\"inLanguage\":\"es\",\"@id\":\"https:\/\/www.nexoinformativo.mx\/#\/schema\/logo\/image\/\",\"url\":\"https:\/\/www.nexoinformativo.mx\/wp-content\/uploads\/2024\/07\/nexoi-trasparente-2.png\",\"contentUrl\":\"https:\/\/www.nexoinformativo.mx\/wp-content\/uploads\/2024\/07\/nexoi-trasparente-2.png\",\"width\":816,\"height\":339,\"caption\":\"Nexo Informativo Santiago de Quer\u00e9taro\"},\"image\":{\"@id\":\"https:\/\/www.nexoinformativo.mx\/#\/schema\/logo\/image\/\"},\"sameAs\":[\"https:\/\/www.facebook.com\/people\/Nexo-Informativo\/61564066885511\/\"]},{\"@type\":\"Person\",\"@id\":\"https:\/\/www.nexoinformativo.mx\/#\/schema\/person\/7749d380ba08c8ca00d7bc76fd907b7d\",\"name\":\"Nexo Informativo\",\"image\":{\"@type\":\"ImageObject\",\"inLanguage\":\"es\",\"@id\":\"https:\/\/www.nexoinformativo.mx\/#\/schema\/person\/image\/\",\"url\":\"https:\/\/secure.gravatar.com\/avatar\/dde2928154642a13d95f87ddf1ea9718fe2b46760a005c53e41ff5ad610704e6?s=96&d=mm&r=g\",\"contentUrl\":\"https:\/\/secure.gravatar.com\/avatar\/dde2928154642a13d95f87ddf1ea9718fe2b46760a005c53e41ff5ad610704e6?s=96&d=mm&r=g\",\"caption\":\"Nexo Informativo\"},\"url\":\"https:\/\/www.nexoinformativo.mx\/index.php\/author\/edicion\/\"}]}<\/script>\n<!-- \/ Yoast SEO plugin. -->","yoast_head_json":{"title":"Quer\u00e9taro m\u00e1s inclusivo avanza iniciativa para reconocer la identidad de g\u00e9nero autopercibida | Nexo Informativo Santiago de Quer\u00e9taro","description":"Quer\u00e9taro m\u00e1s inclusivo avanza iniciativa para reconocer la identidad de g\u00e9nero autopercibida","robots":{"index":"index","follow":"follow","max-snippet":"max-snippet:-1","max-image-preview":"max-image-preview:large","max-video-preview":"max-video-preview:-1"},"canonical":"https:\/\/www.nexoinformativo.mx\/index.php\/2025\/01\/16\/queretaro-mas-inclusivo-avanza-iniciativa-para-reconocer-la-identidad-de-genero-autopercibida\/","og_locale":"es_MX","og_type":"article","og_title":"Quer\u00e9taro m\u00e1s inclusivo avanza iniciativa para reconocer la identidad de g\u00e9nero autopercibida | Nexo Informativo Santiago de Quer\u00e9taro","og_description":"Quer\u00e9taro m\u00e1s inclusivo avanza iniciativa para reconocer la identidad de g\u00e9nero autopercibida","og_url":"https:\/\/www.nexoinformativo.mx\/index.php\/2025\/01\/16\/queretaro-mas-inclusivo-avanza-iniciativa-para-reconocer-la-identidad-de-genero-autopercibida\/","og_site_name":"Nexo Informativo Santiago de Quer\u00e9taro","article_publisher":"https:\/\/www.facebook.com\/people\/Nexo-Informativo\/61564066885511\/","article_published_time":"2025-01-16T12:30:26+00:00","article_modified_time":"2025-01-16T16:22:19+00:00","og_image":[{"width":800,"height":970,"url":"https:\/\/www.nexoinformativo.mx\/wp-content\/uploads\/2025\/01\/d850357b-12b8-489a-a55f-c0f61e61c2d5-e1737044533261.jpg","type":"image\/jpeg"}],"author":"Nexo Informativo","twitter_card":"summary_large_image","twitter_misc":{"Escrito por":"Nexo Informativo","Tiempo de lectura":"2 minutos"},"schema":{"@context":"https:\/\/schema.org","@graph":[{"@type":"Article","@id":"https:\/\/www.nexoinformativo.mx\/index.php\/2025\/01\/16\/queretaro-mas-inclusivo-avanza-iniciativa-para-reconocer-la-identidad-de-genero-autopercibida\/#article","isPartOf":{"@id":"https:\/\/www.nexoinformativo.mx\/index.php\/2025\/01\/16\/queretaro-mas-inclusivo-avanza-iniciativa-para-reconocer-la-identidad-de-genero-autopercibida\/"},"author":{"name":"Nexo Informativo","@id":"https:\/\/www.nexoinformativo.mx\/#\/schema\/person\/7749d380ba08c8ca00d7bc76fd907b7d"},"headline":"Quer\u00e9taro m\u00e1s inclusivo avanza iniciativa para reconocer la identidad de g\u00e9nero autopercibida","datePublished":"2025-01-16T12:30:26+00:00","dateModified":"2025-01-16T16:22:19+00:00","mainEntityOfPage":{"@id":"https:\/\/www.nexoinformativo.mx\/index.php\/2025\/01\/16\/queretaro-mas-inclusivo-avanza-iniciativa-para-reconocer-la-identidad-de-genero-autopercibida\/"},"wordCount":315,"commentCount":0,"publisher":{"@id":"https:\/\/www.nexoinformativo.mx\/#organization"},"image":{"@id":"https:\/\/www.nexoinformativo.mx\/index.php\/2025\/01\/16\/queretaro-mas-inclusivo-avanza-iniciativa-para-reconocer-la-identidad-de-genero-autopercibida\/#primaryimage"},"thumbnailUrl":"https:\/\/www.nexoinformativo.mx\/wp-content\/uploads\/2025\/01\/d850357b-12b8-489a-a55f-c0f61e61c2d5-e1737044533261.jpg","keywords":["DerechosHumanos","IdentidadDeG\u00e9nero","LGTBIQ+","Quer\u00e9taroInclusivo"],"articleSection":["Estado","\u00daltima Hora"],"inLanguage":"es","potentialAction":[{"@type":"CommentAction","name":"Comment","target":["https:\/\/www.nexoinformativo.mx\/index.php\/2025\/01\/16\/queretaro-mas-inclusivo-avanza-iniciativa-para-reconocer-la-identidad-de-genero-autopercibida\/#respond"]}]},{"@type":"WebPage","@id":"https:\/\/www.nexoinformativo.mx\/index.php\/2025\/01\/16\/queretaro-mas-inclusivo-avanza-iniciativa-para-reconocer-la-identidad-de-genero-autopercibida\/","url":"https:\/\/www.nexoinformativo.mx\/index.php\/2025\/01\/16\/queretaro-mas-inclusivo-avanza-iniciativa-para-reconocer-la-identidad-de-genero-autopercibida\/","name":"Quer\u00e9taro m\u00e1s inclusivo avanza iniciativa para reconocer la identidad de g\u00e9nero autopercibida | Nexo Informativo Santiago de Quer\u00e9taro","isPartOf":{"@id":"https:\/\/www.nexoinformativo.mx\/#website"},"primaryImageOfPage":{"@id":"https:\/\/www.nexoinformativo.mx\/index.php\/2025\/01\/16\/queretaro-mas-inclusivo-avanza-iniciativa-para-reconocer-la-identidad-de-genero-autopercibida\/#primaryimage"},"image":{"@id":"https:\/\/www.nexoinformativo.mx\/index.php\/2025\/01\/16\/queretaro-mas-inclusivo-avanza-iniciativa-para-reconocer-la-identidad-de-genero-autopercibida\/#primaryimage"},"thumbnailUrl":"https:\/\/www.nexoinformativo.mx\/wp-content\/uploads\/2025\/01\/d850357b-12b8-489a-a55f-c0f61e61c2d5-e1737044533261.jpg","datePublished":"2025-01-16T12:30:26+00:00","dateModified":"2025-01-16T16:22:19+00:00","description":"Quer\u00e9taro m\u00e1s inclusivo avanza iniciativa para reconocer la identidad de g\u00e9nero autopercibida","breadcrumb":{"@id":"https:\/\/www.nexoinformativo.mx\/index.php\/2025\/01\/16\/queretaro-mas-inclusivo-avanza-iniciativa-para-reconocer-la-identidad-de-genero-autopercibida\/#breadcrumb"},"inLanguage":"es","potentialAction":[{"@type":"ReadAction","target":["https:\/\/www.nexoinformativo.mx\/index.php\/2025\/01\/16\/queretaro-mas-inclusivo-avanza-iniciativa-para-reconocer-la-identidad-de-genero-autopercibida\/"]}]},{"@type":"ImageObject","inLanguage":"es","@id":"https:\/\/www.nexoinformativo.mx\/index.php\/2025\/01\/16\/queretaro-mas-inclusivo-avanza-iniciativa-para-reconocer-la-identidad-de-genero-autopercibida\/#primaryimage","url":"https:\/\/www.nexoinformativo.mx\/wp-content\/uploads\/2025\/01\/d850357b-12b8-489a-a55f-c0f61e61c2d5-e1737044533261.jpg","contentUrl":"https:\/\/www.nexoinformativo.mx\/wp-content\/uploads\/2025\/01\/d850357b-12b8-489a-a55f-c0f61e61c2d5-e1737044533261.jpg","width":800,"height":970},{"@type":"BreadcrumbList","@id":"https:\/\/www.nexoinformativo.mx\/index.php\/2025\/01\/16\/queretaro-mas-inclusivo-avanza-iniciativa-para-reconocer-la-identidad-de-genero-autopercibida\/#breadcrumb","itemListElement":[{"@type":"ListItem","position":1,"name":"Inicio","item":"https:\/\/www.nexoinformativo.mx\/"},{"@type":"ListItem","position":2,"name":"Quer\u00e9taro m\u00e1s inclusivo avanza iniciativa para reconocer la identidad de g\u00e9nero autopercibida"}]},{"@type":"WebSite","@id":"https:\/\/www.nexoinformativo.mx\/#website","url":"https:\/\/www.nexoinformativo.mx\/","name":"Nexo Informativo Santiago de Quer\u00e9taro","description":"Explora NexoInformativo y convi\u00e9rtete en parte de una comunidad que valora el conocimiento y la verdad. Tu nexoinformativo es tu puente hacia una comprensi\u00f3n m\u00e1s profunda del mundo que te rodea.","publisher":{"@id":"https:\/\/www.nexoinformativo.mx\/#organization"},"potentialAction":[{"@type":"SearchAction","target":{"@type":"EntryPoint","urlTemplate":"https:\/\/www.nexoinformativo.mx\/?s={search_term_string}"},"query-input":{"@type":"PropertyValueSpecification","valueRequired":true,"valueName":"search_term_string"}}],"inLanguage":"es"},{"@type":"Organization","@id":"https:\/\/www.nexoinformativo.mx\/#organization","name":"Nexo Informativo Santiago de Quer\u00e9taro","url":"https:\/\/www.nexoinformativo.mx\/","logo":{"@type":"ImageObject","inLanguage":"es","@id":"https:\/\/www.nexoinformativo.mx\/#\/schema\/logo\/image\/","url":"https:\/\/www.nexoinformativo.mx\/wp-content\/uploads\/2024\/07\/nexoi-trasparente-2.png","contentUrl":"https:\/\/www.nexoinformativo.mx\/wp-content\/uploads\/2024\/07\/nexoi-trasparente-2.png","width":816,"height":339,"caption":"Nexo Informativo Santiago de Quer\u00e9taro"},"image":{"@id":"https:\/\/www.nexoinformativo.mx\/#\/schema\/logo\/image\/"},"sameAs":["https:\/\/www.facebook.com\/people\/Nexo-Informativo\/61564066885511\/"]},{"@type":"Person","@id":"https:\/\/www.nexoinformativo.mx\/#\/schema\/person\/7749d380ba08c8ca00d7bc76fd907b7d","name":"Nexo Informativo","image":{"@type":"ImageObject","inLanguage":"es","@id":"https:\/\/www.nexoinformativo.mx\/#\/schema\/person\/image\/","url":"https:\/\/secure.gravatar.com\/avatar\/dde2928154642a13d95f87ddf1ea9718fe2b46760a005c53e41ff5ad610704e6?s=96&d=mm&r=g","contentUrl":"https:\/\/secure.gravatar.com\/avatar\/dde2928154642a13d95f87ddf1ea9718fe2b46760a005c53e41ff5ad610704e6?s=96&d=mm&r=g","caption":"Nexo Informativo"},"url":"https:\/\/www.nexoinformativo.mx\/index.php\/author\/edicion\/"}]}},"_links":{"self":[{"href":"https:\/\/www.nexoinformativo.mx\/index.php\/wp-json\/wp\/v2\/posts\/9964","targetHints":{"allow":["GET"]}}],"collection":[{"href":"https:\/\/www.nexoinformativo.mx\/index.php\/wp-json\/wp\/v2\/posts"}],"about":[{"href":"https:\/\/www.nexoinformativo.mx\/index.php\/wp-json\/wp\/v2\/types\/post"}],"author":[{"embeddable":true,"href":"https:\/\/www.nexoinformativo.mx\/index.php\/wp-json\/wp\/v2\/users\/3"}],"replies":[{"embeddable":true,"href":"https:\/\/www.nexoinformativo.mx\/index.php\/wp-json\/wp\/v2\/comments?post=9964"}],"version-history":[{"count":3,"href":"https:\/\/www.nexoinformativo.mx\/index.php\/wp-json\/wp\/v2\/posts\/9964\/revisions"}],"predecessor-version":[{"id":9967,"href":"https:\/\/www.nexoinformativo.mx\/index.php\/wp-json\/wp\/v2\/posts\/9964\/revisions\/9967"}],"wp:featuredmedia":[{"embeddable":true,"href":"https:\/\/www.nexoinformativo.mx\/index.php\/wp-json\/wp\/v2\/media\/9968"}],"wp:attachment":[{"href":"https:\/\/www.nexoinformativo.mx\/index.php\/wp-json\/wp\/v2\/media?parent=9964"}],"wp:term":[{"taxonomy":"category","embeddable":true,"href":"https:\/\/www.nexoinformativo.mx\/index.php\/wp-json\/wp\/v2\/categories?post=9964"},{"taxonomy":"post_tag","embeddable":true,"href":"https:\/\/www.nexoinformativo.mx\/index.php\/wp-json\/wp\/v2\/tags?post=9964"}],"curies":[{"name":"wp","href":"https:\/\/api.w.org\/{rel}","templated":true}]}}