{"id":9993,"date":"2025-01-16T09:30:01","date_gmt":"2025-01-16T15:30:01","guid":{"rendered":"https:\/\/www.nexoinformativo.mx\/?p=9993"},"modified":"2025-01-16T13:55:28","modified_gmt":"2025-01-16T19:55:28","slug":"mario-delgado-anuncia-inversion-historica-con-mas-de-835-mil-mdp-en-educacion-y-presenta-billete-conmemorativo-de-la-beca-rita-cetina","status":"publish","type":"post","link":"https:\/\/www.nexoinformativo.mx\/index.php\/2025\/01\/16\/mario-delgado-anuncia-inversion-historica-con-mas-de-835-mil-mdp-en-educacion-y-presenta-billete-conmemorativo-de-la-beca-rita-cetina\/","title":{"rendered":"Mario Delgado anuncia inversi\u00f3n hist\u00f3rica con m\u00e1s de 835 mil mdp en educaci\u00f3n y presenta billete conmemorativo de la Beca Rita Cetina"},"content":{"rendered":"<p style=\"text-align: justify;\" data-sourcepos=\"11:1-11:426\">El Gobierno de M\u00e9xico, a trav\u00e9s de la Secretar\u00eda de Educaci\u00f3n P\u00fablica (SEP), reafirma su compromiso con la educaci\u00f3n al invertir m\u00e1s de 835 mil millones de pesos en programas de bienestar en 2025.<\/p>\n<p>&nbsp;<\/p>\n<p style=\"text-align: justify;\" data-sourcepos=\"11:1-11:426\">Una de las iniciativas m\u00e1s destacadas es la <strong>Beca Universal de Educaci\u00f3n B\u00e1sica \u201cRita Cetina\u201d<\/strong>, que beneficiar\u00e1 a 5.6 millones de estudiantes de secundaria y a 4.5 millones de familias en todo el pa\u00eds.<\/p>\n<p>&nbsp;<\/p>\n<p style=\"text-align: justify;\" data-sourcepos=\"13:1-13:268\">Durante la presentaci\u00f3n del billete conmemorativo de la beca, el secretario de Educaci\u00f3n P\u00fablica, Mario Delgado Carrillo, destac\u00f3 la importancia de esta iniciativa para garantizar el acceso a la educaci\u00f3n y mejorar las oportunidades de las ni\u00f1as, ni\u00f1os y adolescentes.<\/p>\n<p>&nbsp;<\/p>\n<p style=\"text-align: justify;\" data-sourcepos=\"15:1-15:228\"><strong>\u201cLa Beca Rita Cetina es un homenaje a una gran maestra yucateca que luch\u00f3 por la educaci\u00f3n de las mujeres\u201d<\/strong>, afirm\u00f3 Delgado Carrillo. \u201cEste programa representa un paso m\u00e1s hacia la construcci\u00f3n de un pa\u00eds m\u00e1s justo y equitativo\u201d.<\/p>\n<p>&nbsp;<\/p>\n<p style=\"text-align: justify;\" data-sourcepos=\"17:1-17:255\">La Loter\u00eda Nacional se uni\u00f3 a esta celebraci\u00f3n con la emisi\u00f3n de un billete conmemorativo que rinde homenaje a Rita Cetina y a la importancia de la educaci\u00f3n. El sorteo se llevar\u00e1 a cabo el pr\u00f3ximo 24 de enero, con un premio mayor de 17 millones de pesos.<\/p>\n<p>&nbsp;<\/p>\n<p style=\"text-align: justify;\" data-sourcepos=\"19:1-19:206\">La subsecretaria de Educaci\u00f3n B\u00e1sica, Ang\u00e9lica Noem\u00ed Ju\u00e1rez, record\u00f3 que Rita Cetina fue una pionera en la lucha por la educaci\u00f3n de las mujeres y que su legado sigue inspirando a nuevas generaciones.<\/p>\n<p>&nbsp;<\/p>\n<p style=\"text-align: justify;\" data-sourcepos=\"21:1-21:167\">Con la Beca Rita Cetina, el gobierno busca no solo garantizar el acceso a la educaci\u00f3n, sino tambi\u00e9n mejorar la permanencia de los estudiantes en el sistema educativo.<\/p>\n<p>&nbsp;<\/p>\n<p style=\"text-align: center;\" data-sourcepos=\"21:1-21:167\"><em><strong>\u00a1Informaci\u00f3n que transforma!<\/strong><\/em><\/p>\n","protected":false},"excerpt":{"rendered":"<p>El Gobierno de M\u00e9xico, a trav\u00e9s de la Secretar\u00eda de Educaci\u00f3n P\u00fablica (SEP), reafirma su compromiso con la educaci\u00f3n al invertir m\u00e1s de 835 mil millones de pesos en programas de bienestar en 2025.<\/p>\n","protected":false},"author":3,"featured_media":9994,"comment_status":"open","ping_status":"open","sticky":false,"template":"","format":"standard","meta":{"footnotes":""},"categories":[88,58],"tags":[1093,679,173,1610],"class_list":["post-9993","post","type-post","status-publish","format-standard","has-post-thumbnail","hentry","category-nacional","category-ultima-hora","tag-becaritacetina","tag-bienestar","tag-educacion","tag-mexico"],"yoast_head":"<!-- This site is optimized with the Yoast SEO plugin v25.0 - https:\/\/yoast.com\/wordpress\/plugins\/seo\/ -->\n<title>Mario Delgado anuncia inversi\u00f3n hist\u00f3rica con m\u00e1s de 835 mil mdp en educaci\u00f3n y presenta billete conmemorativo de la Beca Rita Cetina | Nexo Informativo Santiago de Quer\u00e9taro<\/title>\n<meta name=\"description\" content=\"Mario Delgado anuncia inversi\u00f3n hist\u00f3rica con m\u00e1s de 835 mil mdp en educaci\u00f3n y presenta billete conmemorativo de la Beca Rita Cetina\" \/>\n<meta name=\"robots\" content=\"index, follow, max-snippet:-1, max-image-preview:large, max-video-preview:-1\" \/>\n<link rel=\"canonical\" href=\"https:\/\/www.nexoinformativo.mx\/index.php\/2025\/01\/16\/mario-delgado-anuncia-inversion-historica-con-mas-de-835-mil-mdp-en-educacion-y-presenta-billete-conmemorativo-de-la-beca-rita-cetina\/\" \/>\n<meta property=\"og:locale\" content=\"es_MX\" \/>\n<meta property=\"og:type\" content=\"article\" \/>\n<meta property=\"og:title\" content=\"Mario Delgado anuncia inversi\u00f3n hist\u00f3rica con m\u00e1s de 835 mil mdp en educaci\u00f3n y presenta billete conmemorativo de la Beca Rita Cetina | Nexo Informativo Santiago de Quer\u00e9taro\" \/>\n<meta property=\"og:description\" content=\"Mario Delgado anuncia inversi\u00f3n hist\u00f3rica con m\u00e1s de 835 mil mdp en educaci\u00f3n y presenta billete conmemorativo de la Beca Rita Cetina\" \/>\n<meta property=\"og:url\" content=\"https:\/\/www.nexoinformativo.mx\/index.php\/2025\/01\/16\/mario-delgado-anuncia-inversion-historica-con-mas-de-835-mil-mdp-en-educacion-y-presenta-billete-conmemorativo-de-la-beca-rita-cetina\/\" \/>\n<meta property=\"og:site_name\" content=\"Nexo Informativo Santiago de Quer\u00e9taro\" \/>\n<meta property=\"article:publisher\" content=\"https:\/\/www.facebook.com\/people\/Nexo-Informativo\/61564066885511\/\" \/>\n<meta property=\"article:published_time\" content=\"2025-01-16T15:30:01+00:00\" \/>\n<meta property=\"article:modified_time\" content=\"2025-01-16T19:55:28+00:00\" \/>\n<meta property=\"og:image\" content=\"https:\/\/www.nexoinformativo.mx\/wp-content\/uploads\/2025\/01\/IMG_9315.jpg\" \/>\n\t<meta property=\"og:image:width\" content=\"650\" \/>\n\t<meta property=\"og:image:height\" content=\"380\" \/>\n\t<meta property=\"og:image:type\" content=\"image\/jpeg\" \/>\n<meta name=\"author\" content=\"Nexo Informativo\" \/>\n<meta name=\"twitter:card\" content=\"summary_large_image\" \/>\n<meta name=\"twitter:label1\" content=\"Escrito por\" \/>\n\t<meta name=\"twitter:data1\" content=\"Nexo Informativo\" \/>\n\t<meta name=\"twitter:label2\" content=\"Tiempo de lectura\" \/>\n\t<meta name=\"twitter:data2\" content=\"2 minutos\" \/>\n<script type=\"application\/ld+json\" class=\"yoast-schema-graph\">{\"@context\":\"https:\/\/schema.org\",\"@graph\":[{\"@type\":\"Article\",\"@id\":\"https:\/\/www.nexoinformativo.mx\/index.php\/2025\/01\/16\/mario-delgado-anuncia-inversion-historica-con-mas-de-835-mil-mdp-en-educacion-y-presenta-billete-conmemorativo-de-la-beca-rita-cetina\/#article\",\"isPartOf\":{\"@id\":\"https:\/\/www.nexoinformativo.mx\/index.php\/2025\/01\/16\/mario-delgado-anuncia-inversion-historica-con-mas-de-835-mil-mdp-en-educacion-y-presenta-billete-conmemorativo-de-la-beca-rita-cetina\/\"},\"author\":{\"name\":\"Nexo Informativo\",\"@id\":\"https:\/\/www.nexoinformativo.mx\/#\/schema\/person\/7749d380ba08c8ca00d7bc76fd907b7d\"},\"headline\":\"Mario Delgado anuncia inversi\u00f3n hist\u00f3rica con m\u00e1s de 835 mil mdp en educaci\u00f3n y presenta billete conmemorativo de la Beca Rita Cetina\",\"datePublished\":\"2025-01-16T15:30:01+00:00\",\"dateModified\":\"2025-01-16T19:55:28+00:00\",\"mainEntityOfPage\":{\"@id\":\"https:\/\/www.nexoinformativo.mx\/index.php\/2025\/01\/16\/mario-delgado-anuncia-inversion-historica-con-mas-de-835-mil-mdp-en-educacion-y-presenta-billete-conmemorativo-de-la-beca-rita-cetina\/\"},\"wordCount\":320,\"commentCount\":0,\"publisher\":{\"@id\":\"https:\/\/www.nexoinformativo.mx\/#organization\"},\"image\":{\"@id\":\"https:\/\/www.nexoinformativo.mx\/index.php\/2025\/01\/16\/mario-delgado-anuncia-inversion-historica-con-mas-de-835-mil-mdp-en-educacion-y-presenta-billete-conmemorativo-de-la-beca-rita-cetina\/#primaryimage\"},\"thumbnailUrl\":\"https:\/\/www.nexoinformativo.mx\/wp-content\/uploads\/2025\/01\/IMG_9315.jpg\",\"keywords\":[\"BecaRitaCetina\",\"Bienestar\",\"educacion\",\"M\u00e9xico\"],\"articleSection\":[\"Nacional\",\"\u00daltima Hora\"],\"inLanguage\":\"es\",\"potentialAction\":[{\"@type\":\"CommentAction\",\"name\":\"Comment\",\"target\":[\"https:\/\/www.nexoinformativo.mx\/index.php\/2025\/01\/16\/mario-delgado-anuncia-inversion-historica-con-mas-de-835-mil-mdp-en-educacion-y-presenta-billete-conmemorativo-de-la-beca-rita-cetina\/#respond\"]}]},{\"@type\":\"WebPage\",\"@id\":\"https:\/\/www.nexoinformativo.mx\/index.php\/2025\/01\/16\/mario-delgado-anuncia-inversion-historica-con-mas-de-835-mil-mdp-en-educacion-y-presenta-billete-conmemorativo-de-la-beca-rita-cetina\/\",\"url\":\"https:\/\/www.nexoinformativo.mx\/index.php\/2025\/01\/16\/mario-delgado-anuncia-inversion-historica-con-mas-de-835-mil-mdp-en-educacion-y-presenta-billete-conmemorativo-de-la-beca-rita-cetina\/\",\"name\":\"Mario Delgado anuncia inversi\u00f3n hist\u00f3rica con m\u00e1s de 835 mil mdp en educaci\u00f3n y presenta billete conmemorativo de la Beca Rita Cetina | Nexo Informativo Santiago de Quer\u00e9taro\",\"isPartOf\":{\"@id\":\"https:\/\/www.nexoinformativo.mx\/#website\"},\"primaryImageOfPage\":{\"@id\":\"https:\/\/www.nexoinformativo.mx\/index.php\/2025\/01\/16\/mario-delgado-anuncia-inversion-historica-con-mas-de-835-mil-mdp-en-educacion-y-presenta-billete-conmemorativo-de-la-beca-rita-cetina\/#primaryimage\"},\"image\":{\"@id\":\"https:\/\/www.nexoinformativo.mx\/index.php\/2025\/01\/16\/mario-delgado-anuncia-inversion-historica-con-mas-de-835-mil-mdp-en-educacion-y-presenta-billete-conmemorativo-de-la-beca-rita-cetina\/#primaryimage\"},\"thumbnailUrl\":\"https:\/\/www.nexoinformativo.mx\/wp-content\/uploads\/2025\/01\/IMG_9315.jpg\",\"datePublished\":\"2025-01-16T15:30:01+00:00\",\"dateModified\":\"2025-01-16T19:55:28+00:00\",\"description\":\"Mario Delgado anuncia inversi\u00f3n hist\u00f3rica con m\u00e1s de 835 mil mdp en educaci\u00f3n y presenta billete conmemorativo de la Beca Rita Cetina\",\"breadcrumb\":{\"@id\":\"https:\/\/www.nexoinformativo.mx\/index.php\/2025\/01\/16\/mario-delgado-anuncia-inversion-historica-con-mas-de-835-mil-mdp-en-educacion-y-presenta-billete-conmemorativo-de-la-beca-rita-cetina\/#breadcrumb\"},\"inLanguage\":\"es\",\"potentialAction\":[{\"@type\":\"ReadAction\",\"target\":[\"https:\/\/www.nexoinformativo.mx\/index.php\/2025\/01\/16\/mario-delgado-anuncia-inversion-historica-con-mas-de-835-mil-mdp-en-educacion-y-presenta-billete-conmemorativo-de-la-beca-rita-cetina\/\"]}]},{\"@type\":\"ImageObject\",\"inLanguage\":\"es\",\"@id\":\"https:\/\/www.nexoinformativo.mx\/index.php\/2025\/01\/16\/mario-delgado-anuncia-inversion-historica-con-mas-de-835-mil-mdp-en-educacion-y-presenta-billete-conmemorativo-de-la-beca-rita-cetina\/#primaryimage\",\"url\":\"https:\/\/www.nexoinformativo.mx\/wp-content\/uploads\/2025\/01\/IMG_9315.jpg\",\"contentUrl\":\"https:\/\/www.nexoinformativo.mx\/wp-content\/uploads\/2025\/01\/IMG_9315.jpg\",\"width\":650,\"height\":380},{\"@type\":\"BreadcrumbList\",\"@id\":\"https:\/\/www.nexoinformativo.mx\/index.php\/2025\/01\/16\/mario-delgado-anuncia-inversion-historica-con-mas-de-835-mil-mdp-en-educacion-y-presenta-billete-conmemorativo-de-la-beca-rita-cetina\/#breadcrumb\",\"itemListElement\":[{\"@type\":\"ListItem\",\"position\":1,\"name\":\"Inicio\",\"item\":\"https:\/\/www.nexoinformativo.mx\/\"},{\"@type\":\"ListItem\",\"position\":2,\"name\":\"Mario Delgado anuncia inversi\u00f3n hist\u00f3rica con m\u00e1s de 835 mil mdp en educaci\u00f3n y presenta billete conmemorativo de la Beca Rita Cetina\"}]},{\"@type\":\"WebSite\",\"@id\":\"https:\/\/www.nexoinformativo.mx\/#website\",\"url\":\"https:\/\/www.nexoinformativo.mx\/\",\"name\":\"Nexo Informativo Santiago de Quer\u00e9taro\",\"description\":\"Explora NexoInformativo y convi\u00e9rtete en parte de una comunidad que valora el conocimiento y la verdad. Tu nexoinformativo es tu puente hacia una comprensi\u00f3n m\u00e1s profunda del mundo que te rodea.\",\"publisher\":{\"@id\":\"https:\/\/www.nexoinformativo.mx\/#organization\"},\"potentialAction\":[{\"@type\":\"SearchAction\",\"target\":{\"@type\":\"EntryPoint\",\"urlTemplate\":\"https:\/\/www.nexoinformativo.mx\/?s={search_term_string}\"},\"query-input\":{\"@type\":\"PropertyValueSpecification\",\"valueRequired\":true,\"valueName\":\"search_term_string\"}}],\"inLanguage\":\"es\"},{\"@type\":\"Organization\",\"@id\":\"https:\/\/www.nexoinformativo.mx\/#organization\",\"name\":\"Nexo Informativo Santiago de Quer\u00e9taro\",\"url\":\"https:\/\/www.nexoinformativo.mx\/\",\"logo\":{\"@type\":\"ImageObject\",\"inLanguage\":\"es\",\"@id\":\"https:\/\/www.nexoinformativo.mx\/#\/schema\/logo\/image\/\",\"url\":\"https:\/\/www.nexoinformativo.mx\/wp-content\/uploads\/2024\/07\/nexoi-trasparente-2.png\",\"contentUrl\":\"https:\/\/www.nexoinformativo.mx\/wp-content\/uploads\/2024\/07\/nexoi-trasparente-2.png\",\"width\":816,\"height\":339,\"caption\":\"Nexo Informativo Santiago de Quer\u00e9taro\"},\"image\":{\"@id\":\"https:\/\/www.nexoinformativo.mx\/#\/schema\/logo\/image\/\"},\"sameAs\":[\"https:\/\/www.facebook.com\/people\/Nexo-Informativo\/61564066885511\/\"]},{\"@type\":\"Person\",\"@id\":\"https:\/\/www.nexoinformativo.mx\/#\/schema\/person\/7749d380ba08c8ca00d7bc76fd907b7d\",\"name\":\"Nexo Informativo\",\"image\":{\"@type\":\"ImageObject\",\"inLanguage\":\"es\",\"@id\":\"https:\/\/www.nexoinformativo.mx\/#\/schema\/person\/image\/\",\"url\":\"https:\/\/secure.gravatar.com\/avatar\/dde2928154642a13d95f87ddf1ea9718fe2b46760a005c53e41ff5ad610704e6?s=96&d=mm&r=g\",\"contentUrl\":\"https:\/\/secure.gravatar.com\/avatar\/dde2928154642a13d95f87ddf1ea9718fe2b46760a005c53e41ff5ad610704e6?s=96&d=mm&r=g\",\"caption\":\"Nexo Informativo\"},\"url\":\"https:\/\/www.nexoinformativo.mx\/index.php\/author\/edicion\/\"}]}<\/script>\n<!-- \/ Yoast SEO plugin. -->","yoast_head_json":{"title":"Mario Delgado anuncia inversi\u00f3n hist\u00f3rica con m\u00e1s de 835 mil mdp en educaci\u00f3n y presenta billete conmemorativo de la Beca Rita Cetina | Nexo Informativo Santiago de Quer\u00e9taro","description":"Mario Delgado anuncia inversi\u00f3n hist\u00f3rica con m\u00e1s de 835 mil mdp en educaci\u00f3n y presenta billete conmemorativo de la Beca Rita Cetina","robots":{"index":"index","follow":"follow","max-snippet":"max-snippet:-1","max-image-preview":"max-image-preview:large","max-video-preview":"max-video-preview:-1"},"canonical":"https:\/\/www.nexoinformativo.mx\/index.php\/2025\/01\/16\/mario-delgado-anuncia-inversion-historica-con-mas-de-835-mil-mdp-en-educacion-y-presenta-billete-conmemorativo-de-la-beca-rita-cetina\/","og_locale":"es_MX","og_type":"article","og_title":"Mario Delgado anuncia inversi\u00f3n hist\u00f3rica con m\u00e1s de 835 mil mdp en educaci\u00f3n y presenta billete conmemorativo de la Beca Rita Cetina | Nexo Informativo Santiago de Quer\u00e9taro","og_description":"Mario Delgado anuncia inversi\u00f3n hist\u00f3rica con m\u00e1s de 835 mil mdp en educaci\u00f3n y presenta billete conmemorativo de la Beca Rita Cetina","og_url":"https:\/\/www.nexoinformativo.mx\/index.php\/2025\/01\/16\/mario-delgado-anuncia-inversion-historica-con-mas-de-835-mil-mdp-en-educacion-y-presenta-billete-conmemorativo-de-la-beca-rita-cetina\/","og_site_name":"Nexo Informativo Santiago de Quer\u00e9taro","article_publisher":"https:\/\/www.facebook.com\/people\/Nexo-Informativo\/61564066885511\/","article_published_time":"2025-01-16T15:30:01+00:00","article_modified_time":"2025-01-16T19:55:28+00:00","og_image":[{"width":650,"height":380,"url":"https:\/\/www.nexoinformativo.mx\/wp-content\/uploads\/2025\/01\/IMG_9315.jpg","type":"image\/jpeg"}],"author":"Nexo Informativo","twitter_card":"summary_large_image","twitter_misc":{"Escrito por":"Nexo Informativo","Tiempo de lectura":"2 minutos"},"schema":{"@context":"https:\/\/schema.org","@graph":[{"@type":"Article","@id":"https:\/\/www.nexoinformativo.mx\/index.php\/2025\/01\/16\/mario-delgado-anuncia-inversion-historica-con-mas-de-835-mil-mdp-en-educacion-y-presenta-billete-conmemorativo-de-la-beca-rita-cetina\/#article","isPartOf":{"@id":"https:\/\/www.nexoinformativo.mx\/index.php\/2025\/01\/16\/mario-delgado-anuncia-inversion-historica-con-mas-de-835-mil-mdp-en-educacion-y-presenta-billete-conmemorativo-de-la-beca-rita-cetina\/"},"author":{"name":"Nexo Informativo","@id":"https:\/\/www.nexoinformativo.mx\/#\/schema\/person\/7749d380ba08c8ca00d7bc76fd907b7d"},"headline":"Mario Delgado anuncia inversi\u00f3n hist\u00f3rica con m\u00e1s de 835 mil mdp en educaci\u00f3n y presenta billete conmemorativo de la Beca Rita Cetina","datePublished":"2025-01-16T15:30:01+00:00","dateModified":"2025-01-16T19:55:28+00:00","mainEntityOfPage":{"@id":"https:\/\/www.nexoinformativo.mx\/index.php\/2025\/01\/16\/mario-delgado-anuncia-inversion-historica-con-mas-de-835-mil-mdp-en-educacion-y-presenta-billete-conmemorativo-de-la-beca-rita-cetina\/"},"wordCount":320,"commentCount":0,"publisher":{"@id":"https:\/\/www.nexoinformativo.mx\/#organization"},"image":{"@id":"https:\/\/www.nexoinformativo.mx\/index.php\/2025\/01\/16\/mario-delgado-anuncia-inversion-historica-con-mas-de-835-mil-mdp-en-educacion-y-presenta-billete-conmemorativo-de-la-beca-rita-cetina\/#primaryimage"},"thumbnailUrl":"https:\/\/www.nexoinformativo.mx\/wp-content\/uploads\/2025\/01\/IMG_9315.jpg","keywords":["BecaRitaCetina","Bienestar","educacion","M\u00e9xico"],"articleSection":["Nacional","\u00daltima Hora"],"inLanguage":"es","potentialAction":[{"@type":"CommentAction","name":"Comment","target":["https:\/\/www.nexoinformativo.mx\/index.php\/2025\/01\/16\/mario-delgado-anuncia-inversion-historica-con-mas-de-835-mil-mdp-en-educacion-y-presenta-billete-conmemorativo-de-la-beca-rita-cetina\/#respond"]}]},{"@type":"WebPage","@id":"https:\/\/www.nexoinformativo.mx\/index.php\/2025\/01\/16\/mario-delgado-anuncia-inversion-historica-con-mas-de-835-mil-mdp-en-educacion-y-presenta-billete-conmemorativo-de-la-beca-rita-cetina\/","url":"https:\/\/www.nexoinformativo.mx\/index.php\/2025\/01\/16\/mario-delgado-anuncia-inversion-historica-con-mas-de-835-mil-mdp-en-educacion-y-presenta-billete-conmemorativo-de-la-beca-rita-cetina\/","name":"Mario Delgado anuncia inversi\u00f3n hist\u00f3rica con m\u00e1s de 835 mil mdp en educaci\u00f3n y presenta billete conmemorativo de la Beca Rita Cetina | Nexo Informativo Santiago de Quer\u00e9taro","isPartOf":{"@id":"https:\/\/www.nexoinformativo.mx\/#website"},"primaryImageOfPage":{"@id":"https:\/\/www.nexoinformativo.mx\/index.php\/2025\/01\/16\/mario-delgado-anuncia-inversion-historica-con-mas-de-835-mil-mdp-en-educacion-y-presenta-billete-conmemorativo-de-la-beca-rita-cetina\/#primaryimage"},"image":{"@id":"https:\/\/www.nexoinformativo.mx\/index.php\/2025\/01\/16\/mario-delgado-anuncia-inversion-historica-con-mas-de-835-mil-mdp-en-educacion-y-presenta-billete-conmemorativo-de-la-beca-rita-cetina\/#primaryimage"},"thumbnailUrl":"https:\/\/www.nexoinformativo.mx\/wp-content\/uploads\/2025\/01\/IMG_9315.jpg","datePublished":"2025-01-16T15:30:01+00:00","dateModified":"2025-01-16T19:55:28+00:00","description":"Mario Delgado anuncia inversi\u00f3n hist\u00f3rica con m\u00e1s de 835 mil mdp en educaci\u00f3n y presenta billete conmemorativo de la Beca Rita Cetina","breadcrumb":{"@id":"https:\/\/www.nexoinformativo.mx\/index.php\/2025\/01\/16\/mario-delgado-anuncia-inversion-historica-con-mas-de-835-mil-mdp-en-educacion-y-presenta-billete-conmemorativo-de-la-beca-rita-cetina\/#breadcrumb"},"inLanguage":"es","potentialAction":[{"@type":"ReadAction","target":["https:\/\/www.nexoinformativo.mx\/index.php\/2025\/01\/16\/mario-delgado-anuncia-inversion-historica-con-mas-de-835-mil-mdp-en-educacion-y-presenta-billete-conmemorativo-de-la-beca-rita-cetina\/"]}]},{"@type":"ImageObject","inLanguage":"es","@id":"https:\/\/www.nexoinformativo.mx\/index.php\/2025\/01\/16\/mario-delgado-anuncia-inversion-historica-con-mas-de-835-mil-mdp-en-educacion-y-presenta-billete-conmemorativo-de-la-beca-rita-cetina\/#primaryimage","url":"https:\/\/www.nexoinformativo.mx\/wp-content\/uploads\/2025\/01\/IMG_9315.jpg","contentUrl":"https:\/\/www.nexoinformativo.mx\/wp-content\/uploads\/2025\/01\/IMG_9315.jpg","width":650,"height":380},{"@type":"BreadcrumbList","@id":"https:\/\/www.nexoinformativo.mx\/index.php\/2025\/01\/16\/mario-delgado-anuncia-inversion-historica-con-mas-de-835-mil-mdp-en-educacion-y-presenta-billete-conmemorativo-de-la-beca-rita-cetina\/#breadcrumb","itemListElement":[{"@type":"ListItem","position":1,"name":"Inicio","item":"https:\/\/www.nexoinformativo.mx\/"},{"@type":"ListItem","position":2,"name":"Mario Delgado anuncia inversi\u00f3n hist\u00f3rica con m\u00e1s de 835 mil mdp en educaci\u00f3n y presenta billete conmemorativo de la Beca Rita Cetina"}]},{"@type":"WebSite","@id":"https:\/\/www.nexoinformativo.mx\/#website","url":"https:\/\/www.nexoinformativo.mx\/","name":"Nexo Informativo Santiago de Quer\u00e9taro","description":"Explora NexoInformativo y convi\u00e9rtete en parte de una comunidad que valora el conocimiento y la verdad. Tu nexoinformativo es tu puente hacia una comprensi\u00f3n m\u00e1s profunda del mundo que te rodea.","publisher":{"@id":"https:\/\/www.nexoinformativo.mx\/#organization"},"potentialAction":[{"@type":"SearchAction","target":{"@type":"EntryPoint","urlTemplate":"https:\/\/www.nexoinformativo.mx\/?s={search_term_string}"},"query-input":{"@type":"PropertyValueSpecification","valueRequired":true,"valueName":"search_term_string"}}],"inLanguage":"es"},{"@type":"Organization","@id":"https:\/\/www.nexoinformativo.mx\/#organization","name":"Nexo Informativo Santiago de Quer\u00e9taro","url":"https:\/\/www.nexoinformativo.mx\/","logo":{"@type":"ImageObject","inLanguage":"es","@id":"https:\/\/www.nexoinformativo.mx\/#\/schema\/logo\/image\/","url":"https:\/\/www.nexoinformativo.mx\/wp-content\/uploads\/2024\/07\/nexoi-trasparente-2.png","contentUrl":"https:\/\/www.nexoinformativo.mx\/wp-content\/uploads\/2024\/07\/nexoi-trasparente-2.png","width":816,"height":339,"caption":"Nexo Informativo Santiago de Quer\u00e9taro"},"image":{"@id":"https:\/\/www.nexoinformativo.mx\/#\/schema\/logo\/image\/"},"sameAs":["https:\/\/www.facebook.com\/people\/Nexo-Informativo\/61564066885511\/"]},{"@type":"Person","@id":"https:\/\/www.nexoinformativo.mx\/#\/schema\/person\/7749d380ba08c8ca00d7bc76fd907b7d","name":"Nexo Informativo","image":{"@type":"ImageObject","inLanguage":"es","@id":"https:\/\/www.nexoinformativo.mx\/#\/schema\/person\/image\/","url":"https:\/\/secure.gravatar.com\/avatar\/dde2928154642a13d95f87ddf1ea9718fe2b46760a005c53e41ff5ad610704e6?s=96&d=mm&r=g","contentUrl":"https:\/\/secure.gravatar.com\/avatar\/dde2928154642a13d95f87ddf1ea9718fe2b46760a005c53e41ff5ad610704e6?s=96&d=mm&r=g","caption":"Nexo Informativo"},"url":"https:\/\/www.nexoinformativo.mx\/index.php\/author\/edicion\/"}]}},"_links":{"self":[{"href":"https:\/\/www.nexoinformativo.mx\/index.php\/wp-json\/wp\/v2\/posts\/9993","targetHints":{"allow":["GET"]}}],"collection":[{"href":"https:\/\/www.nexoinformativo.mx\/index.php\/wp-json\/wp\/v2\/posts"}],"about":[{"href":"https:\/\/www.nexoinformativo.mx\/index.php\/wp-json\/wp\/v2\/types\/post"}],"author":[{"embeddable":true,"href":"https:\/\/www.nexoinformativo.mx\/index.php\/wp-json\/wp\/v2\/users\/3"}],"replies":[{"embeddable":true,"href":"https:\/\/www.nexoinformativo.mx\/index.php\/wp-json\/wp\/v2\/comments?post=9993"}],"version-history":[{"count":4,"href":"https:\/\/www.nexoinformativo.mx\/index.php\/wp-json\/wp\/v2\/posts\/9993\/revisions"}],"predecessor-version":[{"id":9998,"href":"https:\/\/www.nexoinformativo.mx\/index.php\/wp-json\/wp\/v2\/posts\/9993\/revisions\/9998"}],"wp:featuredmedia":[{"embeddable":true,"href":"https:\/\/www.nexoinformativo.mx\/index.php\/wp-json\/wp\/v2\/media\/9994"}],"wp:attachment":[{"href":"https:\/\/www.nexoinformativo.mx\/index.php\/wp-json\/wp\/v2\/media?parent=9993"}],"wp:term":[{"taxonomy":"category","embeddable":true,"href":"https:\/\/www.nexoinformativo.mx\/index.php\/wp-json\/wp\/v2\/categories?post=9993"},{"taxonomy":"post_tag","embeddable":true,"href":"https:\/\/www.nexoinformativo.mx\/index.php\/wp-json\/wp\/v2\/tags?post=9993"}],"curies":[{"name":"wp","href":"https:\/\/api.w.org\/{rel}","templated":true}]}}