{"id":9999,"date":"2025-01-16T10:00:28","date_gmt":"2025-01-16T16:00:28","guid":{"rendered":"https:\/\/www.nexoinformativo.mx\/?p=9999"},"modified":"2025-01-16T13:55:43","modified_gmt":"2025-01-16T19:55:43","slug":"sectur-queretaro-consolida-su-oferta-turistica-con-trabajo-coordinado-entre-estado-y-municipios","status":"publish","type":"post","link":"https:\/\/www.nexoinformativo.mx\/index.php\/2025\/01\/16\/sectur-queretaro-consolida-su-oferta-turistica-con-trabajo-coordinado-entre-estado-y-municipios\/","title":{"rendered":"SECTUR Quer\u00e9taro consolida su oferta tur\u00edstica con trabajo coordinado entre estado y municipios"},"content":{"rendered":"<p style=\"text-align: justify;\" data-sourcepos=\"11:1-11:458\">La Secretar\u00eda de Turismo del Estado de Quer\u00e9taro (SECTUR) busca fortalecer el sector tur\u00edstico en la entidad a trav\u00e9s de una mayor coordinaci\u00f3n con los municipios.<\/p>\n<p>&nbsp;<\/p>\n<p style=\"text-align: justify;\" data-sourcepos=\"11:1-11:458\">En una reciente reuni\u00f3n, la titular de la SECTUR, Adriana Vega V\u00e1zquez, invit\u00f3 a los representantes de los gobiernos municipales a trabajar de manera conjunta para impulsar nuevos proyectos y consolidar a Quer\u00e9taro como un destino tur\u00edstico de primer nivel.<\/p>\n<p>&nbsp;<\/p>\n<p style=\"text-align: justify;\" data-sourcepos=\"13:1-13:337\"><strong>&#8220;Queremos que Quer\u00e9taro siga creciendo como destino tur\u00edstico, y para lograrlo es fundamental trabajar en equipo&#8221;<\/strong>, afirm\u00f3 Vega V\u00e1zquez. La SECTUR pone a disposici\u00f3n de los municipios una amplia gama de herramientas y recursos para desarrollar proyectos tur\u00edsticos, como capacitaci\u00f3n, asesor\u00eda t\u00e9cnica, promoci\u00f3n y financiamiento.<\/p>\n<p>&nbsp;<\/p>\n<p style=\"text-align: justify;\" data-sourcepos=\"15:1-15:224\">Entre los segmentos tur\u00edsticos que la SECTUR busca impulsar se encuentran el turismo gastron\u00f3mico, el turismo m\u00e9dico y el turismo rural\/espiritual, adem\u00e1s de los ya consolidados turismo de romance, de reuniones y enoturismo.<\/p>\n<p>&nbsp;<\/p>\n<p style=\"text-align: justify;\" data-sourcepos=\"17:1-17:270\">La secretaria de Turismo destac\u00f3 la importancia de la sustentabilidad y la inclusi\u00f3n en el desarrollo tur\u00edstico de la entidad. &#8220;Queremos que el turismo sea una actividad que beneficie a todos los queretanos y que preserve nuestro patrimonio natural y cultural&#8221;, asegur\u00f3.<\/p>\n<p>&nbsp;<\/p>\n<p style=\"text-align: justify;\" data-sourcepos=\"19:1-19:69\">Algunos de los apoyos que la SECTUR ofrece a los municipios incluyen impresi\u00f3n de materiales promocionales, presencia en ferias y eventos tur\u00edsticos, capacitaci\u00f3n para prestadores de servicios y asesor\u00eda para la creaci\u00f3n de reglamentos tur\u00edsticos.<\/p>\n<p>&nbsp;<\/p>\n<p style=\"text-align: justify;\" data-sourcepos=\"27:1-27:155\">La SECTUR busca posicionar a Quer\u00e9taro como un destino tur\u00edstico de clase mundial, capaz de competir a nivel nacional e internacional.<\/p>\n<p>&nbsp;<\/p>\n<p style=\"text-align: center;\" data-sourcepos=\"27:1-27:155\"><em><strong>\u00a1Informaci\u00f3n que transforma!<\/strong><\/em><\/p>\n","protected":false},"excerpt":{"rendered":"<p>La Secretar\u00eda de Turismo del Estado de Quer\u00e9taro (SECTUR) busca fortalecer el sector tur\u00edstico en la entidad a trav\u00e9s de una mayor coordinaci\u00f3n con los municipios.<\/p>\n","protected":false},"author":3,"featured_media":10000,"comment_status":"open","ping_status":"open","sticky":false,"template":"","format":"standard","meta":{"footnotes":""},"categories":[5,42,58],"tags":[2339,1980,2221,992],"class_list":["post-9999","post","type-post","status-publish","format-standard","has-post-thumbnail","hentry","category-economia","category-estado","category-ultima-hora","tag-desarrolloturistico","tag-municipiosunidos","tag-sectur","tag-turismoqueretaro"],"yoast_head":"<!-- This site is optimized with the Yoast SEO plugin v25.0 - https:\/\/yoast.com\/wordpress\/plugins\/seo\/ -->\n<title>SECTUR Quer\u00e9taro consolida su oferta tur\u00edstica con trabajo coordinado entre estado y municipios | Nexo Informativo Santiago de Quer\u00e9taro<\/title>\n<meta name=\"description\" content=\"SECTUR Quer\u00e9taro consolida su oferta tur\u00edstica con trabajo coordinado entre estado y municipios\" \/>\n<meta name=\"robots\" content=\"index, follow, max-snippet:-1, max-image-preview:large, max-video-preview:-1\" \/>\n<link rel=\"canonical\" href=\"https:\/\/www.nexoinformativo.mx\/index.php\/2025\/01\/16\/sectur-queretaro-consolida-su-oferta-turistica-con-trabajo-coordinado-entre-estado-y-municipios\/\" \/>\n<meta property=\"og:locale\" content=\"es_MX\" \/>\n<meta property=\"og:type\" content=\"article\" \/>\n<meta property=\"og:title\" content=\"SECTUR Quer\u00e9taro consolida su oferta tur\u00edstica con trabajo coordinado entre estado y municipios | Nexo Informativo Santiago de Quer\u00e9taro\" \/>\n<meta property=\"og:description\" content=\"SECTUR Quer\u00e9taro consolida su oferta tur\u00edstica con trabajo coordinado entre estado y municipios\" \/>\n<meta property=\"og:url\" content=\"https:\/\/www.nexoinformativo.mx\/index.php\/2025\/01\/16\/sectur-queretaro-consolida-su-oferta-turistica-con-trabajo-coordinado-entre-estado-y-municipios\/\" \/>\n<meta property=\"og:site_name\" content=\"Nexo Informativo Santiago de Quer\u00e9taro\" \/>\n<meta property=\"article:publisher\" content=\"https:\/\/www.facebook.com\/people\/Nexo-Informativo\/61564066885511\/\" \/>\n<meta property=\"article:published_time\" content=\"2025-01-16T16:00:28+00:00\" \/>\n<meta property=\"article:modified_time\" content=\"2025-01-16T19:55:43+00:00\" \/>\n<meta property=\"og:image\" content=\"https:\/\/www.nexoinformativo.mx\/wp-content\/uploads\/2025\/01\/PHOTO-2025-01-16-12-32-12-e1737053634405.jpg\" \/>\n\t<meta property=\"og:image:width\" content=\"800\" \/>\n\t<meta property=\"og:image:height\" content=\"449\" \/>\n\t<meta property=\"og:image:type\" content=\"image\/jpeg\" \/>\n<meta name=\"author\" content=\"Nexo Informativo\" \/>\n<meta name=\"twitter:card\" content=\"summary_large_image\" \/>\n<meta name=\"twitter:label1\" content=\"Escrito por\" \/>\n\t<meta name=\"twitter:data1\" content=\"Nexo Informativo\" \/>\n\t<meta name=\"twitter:label2\" content=\"Tiempo de lectura\" \/>\n\t<meta name=\"twitter:data2\" content=\"2 minutos\" \/>\n<script type=\"application\/ld+json\" class=\"yoast-schema-graph\">{\"@context\":\"https:\/\/schema.org\",\"@graph\":[{\"@type\":\"Article\",\"@id\":\"https:\/\/www.nexoinformativo.mx\/index.php\/2025\/01\/16\/sectur-queretaro-consolida-su-oferta-turistica-con-trabajo-coordinado-entre-estado-y-municipios\/#article\",\"isPartOf\":{\"@id\":\"https:\/\/www.nexoinformativo.mx\/index.php\/2025\/01\/16\/sectur-queretaro-consolida-su-oferta-turistica-con-trabajo-coordinado-entre-estado-y-municipios\/\"},\"author\":{\"name\":\"Nexo Informativo\",\"@id\":\"https:\/\/www.nexoinformativo.mx\/#\/schema\/person\/7749d380ba08c8ca00d7bc76fd907b7d\"},\"headline\":\"SECTUR Quer\u00e9taro consolida su oferta tur\u00edstica con trabajo coordinado entre estado y municipios\",\"datePublished\":\"2025-01-16T16:00:28+00:00\",\"dateModified\":\"2025-01-16T19:55:43+00:00\",\"mainEntityOfPage\":{\"@id\":\"https:\/\/www.nexoinformativo.mx\/index.php\/2025\/01\/16\/sectur-queretaro-consolida-su-oferta-turistica-con-trabajo-coordinado-entre-estado-y-municipios\/\"},\"wordCount\":301,\"commentCount\":0,\"publisher\":{\"@id\":\"https:\/\/www.nexoinformativo.mx\/#organization\"},\"image\":{\"@id\":\"https:\/\/www.nexoinformativo.mx\/index.php\/2025\/01\/16\/sectur-queretaro-consolida-su-oferta-turistica-con-trabajo-coordinado-entre-estado-y-municipios\/#primaryimage\"},\"thumbnailUrl\":\"https:\/\/www.nexoinformativo.mx\/wp-content\/uploads\/2025\/01\/PHOTO-2025-01-16-12-32-12-e1737053634405.jpg\",\"keywords\":[\"DesarrolloTur\u00edstico\",\"MunicipiosUnidos\",\"Sectur\",\"TurismoQuer\u00e9taro\"],\"articleSection\":[\"Econom\u00eda\",\"Estado\",\"\u00daltima Hora\"],\"inLanguage\":\"es\",\"potentialAction\":[{\"@type\":\"CommentAction\",\"name\":\"Comment\",\"target\":[\"https:\/\/www.nexoinformativo.mx\/index.php\/2025\/01\/16\/sectur-queretaro-consolida-su-oferta-turistica-con-trabajo-coordinado-entre-estado-y-municipios\/#respond\"]}]},{\"@type\":\"WebPage\",\"@id\":\"https:\/\/www.nexoinformativo.mx\/index.php\/2025\/01\/16\/sectur-queretaro-consolida-su-oferta-turistica-con-trabajo-coordinado-entre-estado-y-municipios\/\",\"url\":\"https:\/\/www.nexoinformativo.mx\/index.php\/2025\/01\/16\/sectur-queretaro-consolida-su-oferta-turistica-con-trabajo-coordinado-entre-estado-y-municipios\/\",\"name\":\"SECTUR Quer\u00e9taro consolida su oferta tur\u00edstica con trabajo coordinado entre estado y municipios | Nexo Informativo Santiago de Quer\u00e9taro\",\"isPartOf\":{\"@id\":\"https:\/\/www.nexoinformativo.mx\/#website\"},\"primaryImageOfPage\":{\"@id\":\"https:\/\/www.nexoinformativo.mx\/index.php\/2025\/01\/16\/sectur-queretaro-consolida-su-oferta-turistica-con-trabajo-coordinado-entre-estado-y-municipios\/#primaryimage\"},\"image\":{\"@id\":\"https:\/\/www.nexoinformativo.mx\/index.php\/2025\/01\/16\/sectur-queretaro-consolida-su-oferta-turistica-con-trabajo-coordinado-entre-estado-y-municipios\/#primaryimage\"},\"thumbnailUrl\":\"https:\/\/www.nexoinformativo.mx\/wp-content\/uploads\/2025\/01\/PHOTO-2025-01-16-12-32-12-e1737053634405.jpg\",\"datePublished\":\"2025-01-16T16:00:28+00:00\",\"dateModified\":\"2025-01-16T19:55:43+00:00\",\"description\":\"SECTUR Quer\u00e9taro consolida su oferta tur\u00edstica con trabajo coordinado entre estado y municipios\",\"breadcrumb\":{\"@id\":\"https:\/\/www.nexoinformativo.mx\/index.php\/2025\/01\/16\/sectur-queretaro-consolida-su-oferta-turistica-con-trabajo-coordinado-entre-estado-y-municipios\/#breadcrumb\"},\"inLanguage\":\"es\",\"potentialAction\":[{\"@type\":\"ReadAction\",\"target\":[\"https:\/\/www.nexoinformativo.mx\/index.php\/2025\/01\/16\/sectur-queretaro-consolida-su-oferta-turistica-con-trabajo-coordinado-entre-estado-y-municipios\/\"]}]},{\"@type\":\"ImageObject\",\"inLanguage\":\"es\",\"@id\":\"https:\/\/www.nexoinformativo.mx\/index.php\/2025\/01\/16\/sectur-queretaro-consolida-su-oferta-turistica-con-trabajo-coordinado-entre-estado-y-municipios\/#primaryimage\",\"url\":\"https:\/\/www.nexoinformativo.mx\/wp-content\/uploads\/2025\/01\/PHOTO-2025-01-16-12-32-12-e1737053634405.jpg\",\"contentUrl\":\"https:\/\/www.nexoinformativo.mx\/wp-content\/uploads\/2025\/01\/PHOTO-2025-01-16-12-32-12-e1737053634405.jpg\",\"width\":800,\"height\":449},{\"@type\":\"BreadcrumbList\",\"@id\":\"https:\/\/www.nexoinformativo.mx\/index.php\/2025\/01\/16\/sectur-queretaro-consolida-su-oferta-turistica-con-trabajo-coordinado-entre-estado-y-municipios\/#breadcrumb\",\"itemListElement\":[{\"@type\":\"ListItem\",\"position\":1,\"name\":\"Inicio\",\"item\":\"https:\/\/www.nexoinformativo.mx\/\"},{\"@type\":\"ListItem\",\"position\":2,\"name\":\"SECTUR Quer\u00e9taro consolida su oferta tur\u00edstica con trabajo coordinado entre estado y municipios\"}]},{\"@type\":\"WebSite\",\"@id\":\"https:\/\/www.nexoinformativo.mx\/#website\",\"url\":\"https:\/\/www.nexoinformativo.mx\/\",\"name\":\"Nexo Informativo Santiago de Quer\u00e9taro\",\"description\":\"Explora NexoInformativo y convi\u00e9rtete en parte de una comunidad que valora el conocimiento y la verdad. Tu nexoinformativo es tu puente hacia una comprensi\u00f3n m\u00e1s profunda del mundo que te rodea.\",\"publisher\":{\"@id\":\"https:\/\/www.nexoinformativo.mx\/#organization\"},\"potentialAction\":[{\"@type\":\"SearchAction\",\"target\":{\"@type\":\"EntryPoint\",\"urlTemplate\":\"https:\/\/www.nexoinformativo.mx\/?s={search_term_string}\"},\"query-input\":{\"@type\":\"PropertyValueSpecification\",\"valueRequired\":true,\"valueName\":\"search_term_string\"}}],\"inLanguage\":\"es\"},{\"@type\":\"Organization\",\"@id\":\"https:\/\/www.nexoinformativo.mx\/#organization\",\"name\":\"Nexo Informativo Santiago de Quer\u00e9taro\",\"url\":\"https:\/\/www.nexoinformativo.mx\/\",\"logo\":{\"@type\":\"ImageObject\",\"inLanguage\":\"es\",\"@id\":\"https:\/\/www.nexoinformativo.mx\/#\/schema\/logo\/image\/\",\"url\":\"https:\/\/www.nexoinformativo.mx\/wp-content\/uploads\/2024\/07\/nexoi-trasparente-2.png\",\"contentUrl\":\"https:\/\/www.nexoinformativo.mx\/wp-content\/uploads\/2024\/07\/nexoi-trasparente-2.png\",\"width\":816,\"height\":339,\"caption\":\"Nexo Informativo Santiago de Quer\u00e9taro\"},\"image\":{\"@id\":\"https:\/\/www.nexoinformativo.mx\/#\/schema\/logo\/image\/\"},\"sameAs\":[\"https:\/\/www.facebook.com\/people\/Nexo-Informativo\/61564066885511\/\"]},{\"@type\":\"Person\",\"@id\":\"https:\/\/www.nexoinformativo.mx\/#\/schema\/person\/7749d380ba08c8ca00d7bc76fd907b7d\",\"name\":\"Nexo Informativo\",\"image\":{\"@type\":\"ImageObject\",\"inLanguage\":\"es\",\"@id\":\"https:\/\/www.nexoinformativo.mx\/#\/schema\/person\/image\/\",\"url\":\"https:\/\/secure.gravatar.com\/avatar\/dde2928154642a13d95f87ddf1ea9718fe2b46760a005c53e41ff5ad610704e6?s=96&d=mm&r=g\",\"contentUrl\":\"https:\/\/secure.gravatar.com\/avatar\/dde2928154642a13d95f87ddf1ea9718fe2b46760a005c53e41ff5ad610704e6?s=96&d=mm&r=g\",\"caption\":\"Nexo Informativo\"},\"url\":\"https:\/\/www.nexoinformativo.mx\/index.php\/author\/edicion\/\"}]}<\/script>\n<!-- \/ Yoast SEO plugin. -->","yoast_head_json":{"title":"SECTUR Quer\u00e9taro consolida su oferta tur\u00edstica con trabajo coordinado entre estado y municipios | Nexo Informativo Santiago de Quer\u00e9taro","description":"SECTUR Quer\u00e9taro consolida su oferta tur\u00edstica con trabajo coordinado entre estado y municipios","robots":{"index":"index","follow":"follow","max-snippet":"max-snippet:-1","max-image-preview":"max-image-preview:large","max-video-preview":"max-video-preview:-1"},"canonical":"https:\/\/www.nexoinformativo.mx\/index.php\/2025\/01\/16\/sectur-queretaro-consolida-su-oferta-turistica-con-trabajo-coordinado-entre-estado-y-municipios\/","og_locale":"es_MX","og_type":"article","og_title":"SECTUR Quer\u00e9taro consolida su oferta tur\u00edstica con trabajo coordinado entre estado y municipios | Nexo Informativo Santiago de Quer\u00e9taro","og_description":"SECTUR Quer\u00e9taro consolida su oferta tur\u00edstica con trabajo coordinado entre estado y municipios","og_url":"https:\/\/www.nexoinformativo.mx\/index.php\/2025\/01\/16\/sectur-queretaro-consolida-su-oferta-turistica-con-trabajo-coordinado-entre-estado-y-municipios\/","og_site_name":"Nexo Informativo Santiago de Quer\u00e9taro","article_publisher":"https:\/\/www.facebook.com\/people\/Nexo-Informativo\/61564066885511\/","article_published_time":"2025-01-16T16:00:28+00:00","article_modified_time":"2025-01-16T19:55:43+00:00","og_image":[{"width":800,"height":449,"url":"https:\/\/www.nexoinformativo.mx\/wp-content\/uploads\/2025\/01\/PHOTO-2025-01-16-12-32-12-e1737053634405.jpg","type":"image\/jpeg"}],"author":"Nexo Informativo","twitter_card":"summary_large_image","twitter_misc":{"Escrito por":"Nexo Informativo","Tiempo de lectura":"2 minutos"},"schema":{"@context":"https:\/\/schema.org","@graph":[{"@type":"Article","@id":"https:\/\/www.nexoinformativo.mx\/index.php\/2025\/01\/16\/sectur-queretaro-consolida-su-oferta-turistica-con-trabajo-coordinado-entre-estado-y-municipios\/#article","isPartOf":{"@id":"https:\/\/www.nexoinformativo.mx\/index.php\/2025\/01\/16\/sectur-queretaro-consolida-su-oferta-turistica-con-trabajo-coordinado-entre-estado-y-municipios\/"},"author":{"name":"Nexo Informativo","@id":"https:\/\/www.nexoinformativo.mx\/#\/schema\/person\/7749d380ba08c8ca00d7bc76fd907b7d"},"headline":"SECTUR Quer\u00e9taro consolida su oferta tur\u00edstica con trabajo coordinado entre estado y municipios","datePublished":"2025-01-16T16:00:28+00:00","dateModified":"2025-01-16T19:55:43+00:00","mainEntityOfPage":{"@id":"https:\/\/www.nexoinformativo.mx\/index.php\/2025\/01\/16\/sectur-queretaro-consolida-su-oferta-turistica-con-trabajo-coordinado-entre-estado-y-municipios\/"},"wordCount":301,"commentCount":0,"publisher":{"@id":"https:\/\/www.nexoinformativo.mx\/#organization"},"image":{"@id":"https:\/\/www.nexoinformativo.mx\/index.php\/2025\/01\/16\/sectur-queretaro-consolida-su-oferta-turistica-con-trabajo-coordinado-entre-estado-y-municipios\/#primaryimage"},"thumbnailUrl":"https:\/\/www.nexoinformativo.mx\/wp-content\/uploads\/2025\/01\/PHOTO-2025-01-16-12-32-12-e1737053634405.jpg","keywords":["DesarrolloTur\u00edstico","MunicipiosUnidos","Sectur","TurismoQuer\u00e9taro"],"articleSection":["Econom\u00eda","Estado","\u00daltima Hora"],"inLanguage":"es","potentialAction":[{"@type":"CommentAction","name":"Comment","target":["https:\/\/www.nexoinformativo.mx\/index.php\/2025\/01\/16\/sectur-queretaro-consolida-su-oferta-turistica-con-trabajo-coordinado-entre-estado-y-municipios\/#respond"]}]},{"@type":"WebPage","@id":"https:\/\/www.nexoinformativo.mx\/index.php\/2025\/01\/16\/sectur-queretaro-consolida-su-oferta-turistica-con-trabajo-coordinado-entre-estado-y-municipios\/","url":"https:\/\/www.nexoinformativo.mx\/index.php\/2025\/01\/16\/sectur-queretaro-consolida-su-oferta-turistica-con-trabajo-coordinado-entre-estado-y-municipios\/","name":"SECTUR Quer\u00e9taro consolida su oferta tur\u00edstica con trabajo coordinado entre estado y municipios | Nexo Informativo Santiago de Quer\u00e9taro","isPartOf":{"@id":"https:\/\/www.nexoinformativo.mx\/#website"},"primaryImageOfPage":{"@id":"https:\/\/www.nexoinformativo.mx\/index.php\/2025\/01\/16\/sectur-queretaro-consolida-su-oferta-turistica-con-trabajo-coordinado-entre-estado-y-municipios\/#primaryimage"},"image":{"@id":"https:\/\/www.nexoinformativo.mx\/index.php\/2025\/01\/16\/sectur-queretaro-consolida-su-oferta-turistica-con-trabajo-coordinado-entre-estado-y-municipios\/#primaryimage"},"thumbnailUrl":"https:\/\/www.nexoinformativo.mx\/wp-content\/uploads\/2025\/01\/PHOTO-2025-01-16-12-32-12-e1737053634405.jpg","datePublished":"2025-01-16T16:00:28+00:00","dateModified":"2025-01-16T19:55:43+00:00","description":"SECTUR Quer\u00e9taro consolida su oferta tur\u00edstica con trabajo coordinado entre estado y municipios","breadcrumb":{"@id":"https:\/\/www.nexoinformativo.mx\/index.php\/2025\/01\/16\/sectur-queretaro-consolida-su-oferta-turistica-con-trabajo-coordinado-entre-estado-y-municipios\/#breadcrumb"},"inLanguage":"es","potentialAction":[{"@type":"ReadAction","target":["https:\/\/www.nexoinformativo.mx\/index.php\/2025\/01\/16\/sectur-queretaro-consolida-su-oferta-turistica-con-trabajo-coordinado-entre-estado-y-municipios\/"]}]},{"@type":"ImageObject","inLanguage":"es","@id":"https:\/\/www.nexoinformativo.mx\/index.php\/2025\/01\/16\/sectur-queretaro-consolida-su-oferta-turistica-con-trabajo-coordinado-entre-estado-y-municipios\/#primaryimage","url":"https:\/\/www.nexoinformativo.mx\/wp-content\/uploads\/2025\/01\/PHOTO-2025-01-16-12-32-12-e1737053634405.jpg","contentUrl":"https:\/\/www.nexoinformativo.mx\/wp-content\/uploads\/2025\/01\/PHOTO-2025-01-16-12-32-12-e1737053634405.jpg","width":800,"height":449},{"@type":"BreadcrumbList","@id":"https:\/\/www.nexoinformativo.mx\/index.php\/2025\/01\/16\/sectur-queretaro-consolida-su-oferta-turistica-con-trabajo-coordinado-entre-estado-y-municipios\/#breadcrumb","itemListElement":[{"@type":"ListItem","position":1,"name":"Inicio","item":"https:\/\/www.nexoinformativo.mx\/"},{"@type":"ListItem","position":2,"name":"SECTUR Quer\u00e9taro consolida su oferta tur\u00edstica con trabajo coordinado entre estado y municipios"}]},{"@type":"WebSite","@id":"https:\/\/www.nexoinformativo.mx\/#website","url":"https:\/\/www.nexoinformativo.mx\/","name":"Nexo Informativo Santiago de Quer\u00e9taro","description":"Explora NexoInformativo y convi\u00e9rtete en parte de una comunidad que valora el conocimiento y la verdad. Tu nexoinformativo es tu puente hacia una comprensi\u00f3n m\u00e1s profunda del mundo que te rodea.","publisher":{"@id":"https:\/\/www.nexoinformativo.mx\/#organization"},"potentialAction":[{"@type":"SearchAction","target":{"@type":"EntryPoint","urlTemplate":"https:\/\/www.nexoinformativo.mx\/?s={search_term_string}"},"query-input":{"@type":"PropertyValueSpecification","valueRequired":true,"valueName":"search_term_string"}}],"inLanguage":"es"},{"@type":"Organization","@id":"https:\/\/www.nexoinformativo.mx\/#organization","name":"Nexo Informativo Santiago de Quer\u00e9taro","url":"https:\/\/www.nexoinformativo.mx\/","logo":{"@type":"ImageObject","inLanguage":"es","@id":"https:\/\/www.nexoinformativo.mx\/#\/schema\/logo\/image\/","url":"https:\/\/www.nexoinformativo.mx\/wp-content\/uploads\/2024\/07\/nexoi-trasparente-2.png","contentUrl":"https:\/\/www.nexoinformativo.mx\/wp-content\/uploads\/2024\/07\/nexoi-trasparente-2.png","width":816,"height":339,"caption":"Nexo Informativo Santiago de Quer\u00e9taro"},"image":{"@id":"https:\/\/www.nexoinformativo.mx\/#\/schema\/logo\/image\/"},"sameAs":["https:\/\/www.facebook.com\/people\/Nexo-Informativo\/61564066885511\/"]},{"@type":"Person","@id":"https:\/\/www.nexoinformativo.mx\/#\/schema\/person\/7749d380ba08c8ca00d7bc76fd907b7d","name":"Nexo Informativo","image":{"@type":"ImageObject","inLanguage":"es","@id":"https:\/\/www.nexoinformativo.mx\/#\/schema\/person\/image\/","url":"https:\/\/secure.gravatar.com\/avatar\/dde2928154642a13d95f87ddf1ea9718fe2b46760a005c53e41ff5ad610704e6?s=96&d=mm&r=g","contentUrl":"https:\/\/secure.gravatar.com\/avatar\/dde2928154642a13d95f87ddf1ea9718fe2b46760a005c53e41ff5ad610704e6?s=96&d=mm&r=g","caption":"Nexo Informativo"},"url":"https:\/\/www.nexoinformativo.mx\/index.php\/author\/edicion\/"}]}},"_links":{"self":[{"href":"https:\/\/www.nexoinformativo.mx\/index.php\/wp-json\/wp\/v2\/posts\/9999","targetHints":{"allow":["GET"]}}],"collection":[{"href":"https:\/\/www.nexoinformativo.mx\/index.php\/wp-json\/wp\/v2\/posts"}],"about":[{"href":"https:\/\/www.nexoinformativo.mx\/index.php\/wp-json\/wp\/v2\/types\/post"}],"author":[{"embeddable":true,"href":"https:\/\/www.nexoinformativo.mx\/index.php\/wp-json\/wp\/v2\/users\/3"}],"replies":[{"embeddable":true,"href":"https:\/\/www.nexoinformativo.mx\/index.php\/wp-json\/wp\/v2\/comments?post=9999"}],"version-history":[{"count":3,"href":"https:\/\/www.nexoinformativo.mx\/index.php\/wp-json\/wp\/v2\/posts\/9999\/revisions"}],"predecessor-version":[{"id":10036,"href":"https:\/\/www.nexoinformativo.mx\/index.php\/wp-json\/wp\/v2\/posts\/9999\/revisions\/10036"}],"wp:featuredmedia":[{"embeddable":true,"href":"https:\/\/www.nexoinformativo.mx\/index.php\/wp-json\/wp\/v2\/media\/10000"}],"wp:attachment":[{"href":"https:\/\/www.nexoinformativo.mx\/index.php\/wp-json\/wp\/v2\/media?parent=9999"}],"wp:term":[{"taxonomy":"category","embeddable":true,"href":"https:\/\/www.nexoinformativo.mx\/index.php\/wp-json\/wp\/v2\/categories?post=9999"},{"taxonomy":"post_tag","embeddable":true,"href":"https:\/\/www.nexoinformativo.mx\/index.php\/wp-json\/wp\/v2\/tags?post=9999"}],"curies":[{"name":"wp","href":"https:\/\/api.w.org\/{rel}","templated":true}]}}